{"id":34104,"date":"2024-10-30T13:42:41","date_gmt":"2024-10-30T16:42:41","guid":{"rendered":"https:\/\/ejornais.com.br\/index.php\/2024\/10\/30\/prefeitura-de-campo-grande-empossa-448-novos-professores-para-a-rede-municipal-de-ensino-cgnoticias\/"},"modified":"2024-10-30T13:42:41","modified_gmt":"2024-10-30T16:42:41","slug":"prefeitura-de-campo-grande-empossa-448-novos-professores-para-a-rede-municipal-de-ensino-cgnoticias","status":"publish","type":"post","link":"https:\/\/ejornais.com.br\/index.php\/2024\/10\/30\/prefeitura-de-campo-grande-empossa-448-novos-professores-para-a-rede-municipal-de-ensino-cgnoticias\/","title":{"rendered":"Prefeitura de Campo Grande empossa 448 novos professores para a Rede Municipal de Ensino \u2013 CGNot\u00edcias"},"content":{"rendered":"<p><\/p>\n<div>\n<p>Para refor\u00e7ar o efetivo da Rede Municipal de Ensino \u2013 Reme, a Prefeitura de Campo Grande, por meio da Secretaria Municipal de Gest\u00e3o (Seges), promove at\u00e9 o dia 1\u00ba de novembro, a posse de 448 novos professores aprovados no Concurso Semed\/2023. A nomea\u00e7\u00e3o est\u00e1 publicada no Diogrande n.\u00ba 7.691, em edi\u00e7\u00e3o extra de 23 de outubro de 2024.<\/p>\n<\/p>\n<p>Os novos servidores foram distribu\u00eddos conforme as necessidades educacionais, incluindo 200 professores para a Educa\u00e7\u00e3o Infantil e 250 para os anos iniciais, al\u00e9m de profissionais para disciplinas espec\u00edficas como Ci\u00eancias, Geografia, Hist\u00f3ria, L\u00edngua Inglesa, L\u00edngua Portuguesa, Matem\u00e1tica, Educa\u00e7\u00e3o F\u00edsica e Arte, totalizando 448 novos docentes para atuar nas escolas da Capital.<\/p>\n<p>Entre os professores empossados, um momento especial chamou a aten\u00e7\u00e3o dos servidores da Ger\u00eancia de Concurso (Gecon): Rafaela Beatriz da Silva Ribeiro, de 28 anos, foi surpreendida com um pedido de casamento enquanto assinava seu termo de posse. Natural de Dourados, Rafaela assume o cargo nos anos iniciais da Reme, realizando um sonho que, segundo ela, \u00e9 fruto de muitos anos de esfor\u00e7o e dedica\u00e7\u00e3o. O pedido foi feito por seu namorado Elton Olinski Farias, que tamb\u00e9m \u00e9 servidor p\u00fablico, ap\u00f3s quatro anos de relacionamento.<\/p>\n<\/p>\n<p>Rafaela descreveu a surpresa como um dos momentos mais felizes de sua vida. \u201cFoi uma surpresa, literalmente, al\u00e9m de ser um momento muito esperado. Tudo isso acontecendo junto. Foi um dos melhores dias da minha vida, dia de conquista, de crescimento, assinatura do termo de posse e oficialmente de professora concursada dos Anos Iniciais. \u00c9 uma conquista que \u00e9 fruto de muito estudo, dedica\u00e7\u00e3o e esfor\u00e7o! \u201d<\/p>\n<\/p>\n<p>Al\u00e9m de celebrar o novo passo em sua vida pessoal, Rafaela destacou a satisfa\u00e7\u00e3o de contribuir para a educa\u00e7\u00e3o p\u00fablica, que ela tanto valoriza. \u201cAgora, finalmente, poderei retribuir tudo aquilo que a educa\u00e7\u00e3o p\u00fablica fez por mim. Vou fazer pelos meus alunos, o que meus professores fizeram por mim. Estarei l\u00e1 para mostrar, auxiliar e ensinar que, com dedica\u00e7\u00e3o e esfor\u00e7o, conquistamos aquilo que almejamos\u201d, conta.<\/p>\n<p>Com a posse desses novos professores, a Prefeitura de Campo Grande reafirma seu compromisso com a valoriza\u00e7\u00e3o da educa\u00e7\u00e3o e com o aprimoramento constante das condi\u00e7\u00f5es de ensino na rede municipal, promovendo o desenvolvimento integral dos estudantes e preparando-os para os desafios do futuro.<\/p>\n<p>\u00a0<\/p>\n<p><em>#PraTodosVerem<\/em><br \/><em>Foto de capa: Mostra uma sala de aula com alunos sentados nas carteiras e a professora a frente do quadro branco<\/em><\/p>\n<p><em>Foto 1: Mostra uma m\u00e3o assinando com caneta esferogr\u00e1fica azul, o documento de Posse\u00a0<\/em><br \/><em>Foto 2: Mostra uma mulher branca, cabelos longos e escuros, assinando o termo de posse<\/em><br \/><em>Foto 3: Mostra a professora Rafaela Beatriz assinando o seu termo de posse<\/em><\/p>\n<\/div>\n<p><script async defer async defer src=\"https:\/\/connect.facebook.net\/en_US\/sdk.js?ver=1#xfbml=1&amp;version=v3.2\" id=\"prefeitura-campogrande-script-facebook-sdk-js\"><\/script><\/p>\n","protected":false},"excerpt":{"rendered":"<p>Para refor\u00e7ar o efetivo da Rede Municipal de Ensino \u2013 Reme, a Prefeitura de Campo Grande, por meio da Secretaria<\/p>\n","protected":false},"author":2,"featured_media":0,"comment_status":"","ping_status":"","sticky":false,"template":"","format":"standard","meta":{"colormag_page_container_layout":"default_layout","colormag_page_sidebar_layout":"default_layout","footnotes":""},"categories":[1],"tags":[],"class_list":["post-34104","post","type-post","status-publish","format-standard","hentry","category-ejornais"],"aioseo_notices":[],"amp_enabled":true,"_links":{"self":[{"href":"https:\/\/ejornais.com.br\/index.php\/wp-json\/wp\/v2\/posts\/34104","targetHints":{"allow":["GET"]}}],"collection":[{"href":"https:\/\/ejornais.com.br\/index.php\/wp-json\/wp\/v2\/posts"}],"about":[{"href":"https:\/\/ejornais.com.br\/index.php\/wp-json\/wp\/v2\/types\/post"}],"author":[{"embeddable":true,"href":"https:\/\/ejornais.com.br\/index.php\/wp-json\/wp\/v2\/users\/2"}],"replies":[{"embeddable":true,"href":"https:\/\/ejornais.com.br\/index.php\/wp-json\/wp\/v2\/comments?post=34104"}],"version-history":[{"count":0,"href":"https:\/\/ejornais.com.br\/index.php\/wp-json\/wp\/v2\/posts\/34104\/revisions"}],"wp:attachment":[{"href":"https:\/\/ejornais.com.br\/index.php\/wp-json\/wp\/v2\/media?parent=34104"}],"wp:term":[{"taxonomy":"category","embeddable":true,"href":"https:\/\/ejornais.com.br\/index.php\/wp-json\/wp\/v2\/categories?post=34104"},{"taxonomy":"post_tag","embeddable":true,"href":"https:\/\/ejornais.com.br\/index.php\/wp-json\/wp\/v2\/tags?post=34104"}],"curies":[{"name":"wp","href":"https:\/\/api.w.org\/{rel}","templated":true}]}}