{"id":34107,"date":"2024-10-30T14:24:39","date_gmt":"2024-10-30T17:24:39","guid":{"rendered":"https:\/\/ejornais.com.br\/index.php\/2024\/10\/30\/do-basico-a-manutencao-de-computadores-techaula-leva-capacitacao-para-quem-quer-crescer-profissionalmente-cgnoticias\/"},"modified":"2024-10-30T14:24:39","modified_gmt":"2024-10-30T17:24:39","slug":"do-basico-a-manutencao-de-computadores-techaula-leva-capacitacao-para-quem-quer-crescer-profissionalmente-cgnoticias","status":"publish","type":"post","link":"https:\/\/ejornais.com.br\/index.php\/2024\/10\/30\/do-basico-a-manutencao-de-computadores-techaula-leva-capacitacao-para-quem-quer-crescer-profissionalmente-cgnoticias\/","title":{"rendered":"Do b\u00e1sico a manuten\u00e7\u00e3o de computadores, TechAula leva capacita\u00e7\u00e3o para quem quer crescer profissionalmente \u2013 CGNot\u00edcias"},"content":{"rendered":"<p><\/p>\n<div>\n<p>Uma s\u00e9rie de capacita\u00e7\u00f5es em inform\u00e1tica aconteceram ao longo de 2024 em diversas comunidades de Campo Grande. As incubadoras municipais M\u00e1rio Covas, Z\u00e9 Pereira e CRAS Estrela Dalva acolheram 24 turmas do TechAula que levam desde no\u00e7\u00f5es b\u00e1sicas de inform\u00e1tica ao uso avan\u00e7ado de ferramentas digitais e manuten\u00e7\u00e3o dos equipamentos de computa\u00e7\u00e3o, dando oportunidade para quem quer empreender e abrir seu pr\u00f3prio neg\u00f3cio de manuten\u00e7\u00e3o de computadores.<\/p>\n<p>Considerada inovadora, a iniciativa tem como foco a inclus\u00e3o social e digital ao ampliar as oportunidades de desenvolvimento pessoal e profissional para cidad\u00e3os de todas as idades. \u201cN\u00e3o h\u00e1 como haver desenvolvimento econ\u00f4mico sustent\u00e1vel sem o uso das novas tecnologias. Por isso, buscamos parcerias, dentro da pr\u00f3pria Prefeitura, para levar conhecimento \u00e0 popula\u00e7\u00e3o e assim oferecer novas op\u00e7\u00f5es de ferramentas de trabalho\u201d, diz o secret\u00e1rio da Secretaria Municipal de Inova\u00e7\u00e3o, Desenvolvimento Econ\u00f4mico e Agroneg\u00f3cio, Ademar Silva Junior.<\/p>\n<p>Para que todos possam aprender e se desenvolver, as aulas promovidas por servidores volunt\u00e1rios da Diretoria de Atendimento e Suporte (DAS) da Ag\u00eancia Municipal de Tecnologia da Informa\u00e7\u00e3o e Inova\u00e7\u00e3o (Agetec), foram organizadas em m\u00f3dulos adaptados para diferentes n\u00edveis de conhecimento. Cerca de 300 pessoas de todas as idades j\u00e1 foram capacitadas nas a\u00e7\u00f5es que aconteceram nas incubadoras.<\/p>\n<p>Dona Angelina Ferreira da Silva, de 57 anos, por exemplo, n\u00e3o sabia quase nada de inform\u00e1tica, e foi aprender por necessidade. \u201cEu trabalhava na \u00e1rea da Educa\u00e7\u00e3o e fui readaptada no trabalho para uma sala de inform\u00e1tica. Aprendi um pouco, mas vejo que preciso mais. Quando eu fiz faculdade, fiz todo meu TCC de forma manual. Eu escrevia e minha filha digitava para mim. Vejo que a \u00e1rea \u00e9 necess\u00e1ria para todo mundo\u201d, disse.<\/p>\n<p>J\u00e1 dona Aparecida Ferreira de Abreu, de 56 anos, fez o curso para ajudar na igreja. \u201cEu sou tesoureira na minha igreja e quero usar as novas habilidades para fazer planilhas. O curso foi muito bom, porque al\u00e9m de ser totalmente de gra\u00e7a, \u00e9 pr\u00f3ximo de casa, n\u00e3o precisei pegar condu\u00e7\u00e3o. Ent\u00e3o eu aproveitei para poder fazer e aprender mais\u201d, afirmou.<\/p>\n<p>Com instrutores capacitados e infraestrutura tecnol\u00f3gica, a iniciativa alcan\u00e7a comunidades que, em muitos casos, ainda enfrentam barreiras no acesso \u00e0 tecnologia. Para o programador de sistemas da Agetec e respons\u00e1vel pelos cursos, Joel Genaro Martine, dominar habilidades digitais \u00e9 fundamental em um mundo onde a informa\u00e7\u00e3o \u00e9 poder. \u201cEste curso, al\u00e9m de preparar os indiv\u00edduos para o mercado de trabalho, promove uma cultura de colabora\u00e7\u00e3o e crescimento m\u00fatuo. Vivemos na era da inform\u00e1tica e estar preparado \u00e9 a chave para o sucesso profissional\u201d, finalizou.<\/p>\n<p>Mais informa\u00e7\u00f5es sobre as inscri\u00e7\u00f5es ligue (67) 4042-0497 ou se dirija at\u00e9 as incubadoras nos endere\u00e7os citados abaixo.<\/p>\n<p>Segue abaixo o calend\u00e1rio dos cursos nas incubadoras:<\/p>\n<p><strong>Inform\u00e1tica B\u00e1sica<\/strong><\/p>\n<p>Data: 04 a 08 de novembro<br \/>Hora: 13h \u00e0s 17h<br \/>Local:\u00a0 Incubadora M\u00e1rio Covas, localizada na R. Leandro da Silva Salina, 668 \u2013 Bairro M\u00e1rio Covas<br \/>Mais informa\u00e7\u00f5es ligue (67) 4042-0497 \u2013 Ramal 2427<\/p>\n<p><strong>Inform\u00e1tica Intermedi\u00e1ria<\/strong><\/p>\n<p>Data: 18 a 22 de novembro<br \/>Hora: 13h \u00e0s 17h<br \/>Local:\u00a0 Incubadora M\u00e1rio Covas, localizada na Rua Leandro da Silva Salina, 668 \u2013 Bairro M\u00e1rio Covas<br \/>Mais informa\u00e7\u00f5es ligue (67) 4042-0497 \u2013 Ramal 2427<\/p>\n<p><strong>Inform\u00e1tica B\u00e1sica<\/strong><\/p>\n<p>Data: 25 a 29 de novembro<br \/>Hora: 13h \u00e0s 17h<br \/>Local:\u00a0 Incubadora Z\u00e9 Pereira, localizada na Rua Eug\u00eanio Peron, 676 \u2013 Jardim Z\u00e9 Pereira<br \/>Mais informa\u00e7\u00f5es ligue (67) 4042-0497 \u2013 Ramal 2425<\/p>\n<p><strong>Inform\u00e1tica Intermedi\u00e1ria<\/strong><\/p>\n<p>Data: 02 a 06 de dezembro<br \/>Hora: 13h \u00e0s 17h<br \/>Local:\u00a0 Incubadora Z\u00e9 Pereira, localizada na Rua Eug\u00eanio Peron, 676 \u2013 Jardim Z\u00e9 Pereira<br \/>Mais informa\u00e7\u00f5es ligue (67) 4042-0497 \u2013 Ramal 2425<\/p>\n<p><strong>Ferramentas de Trabalho<\/strong><\/p>\n<p>Data: 09 a 13 de dezembro<br \/>Hora: 13h \u00e0s 17h<br \/>Local:\u00a0 Incubadora M\u00e1rio Covas, localizada na Rua Leandro da Silva Salina, 668 \u2013 Bairro M\u00e1rio Covas<br \/>Mais informa\u00e7\u00f5es ligue (67) 4042-0497 \u2013 Ramal 2427<\/p>\n<p>\u00a0<\/p>\n<p><em>#PraTodosVerem\u00a0 Na capa da mat\u00e9ria h\u00e1 uma foto que mostra um dos professores instruindo uma aluna, em um dos laborat\u00f3rios do TechAula.<\/em><\/p>\n<\/div>\n<p><script async defer async defer src=\"https:\/\/connect.facebook.net\/en_US\/sdk.js?ver=1#xfbml=1&amp;version=v3.2\" id=\"prefeitura-campogrande-script-facebook-sdk-js\"><\/script><\/p>\n","protected":false},"excerpt":{"rendered":"<p>Uma s\u00e9rie de capacita\u00e7\u00f5es em inform\u00e1tica aconteceram ao longo de 2024 em diversas comunidades de Campo Grande. As incubadoras municipais<\/p>\n","protected":false},"author":2,"featured_media":0,"comment_status":"","ping_status":"","sticky":false,"template":"","format":"standard","meta":{"colormag_page_container_layout":"default_layout","colormag_page_sidebar_layout":"default_layout","footnotes":""},"categories":[1],"tags":[],"class_list":["post-34107","post","type-post","status-publish","format-standard","hentry","category-ejornais"],"aioseo_notices":[],"amp_enabled":true,"_links":{"self":[{"href":"https:\/\/ejornais.com.br\/index.php\/wp-json\/wp\/v2\/posts\/34107","targetHints":{"allow":["GET"]}}],"collection":[{"href":"https:\/\/ejornais.com.br\/index.php\/wp-json\/wp\/v2\/posts"}],"about":[{"href":"https:\/\/ejornais.com.br\/index.php\/wp-json\/wp\/v2\/types\/post"}],"author":[{"embeddable":true,"href":"https:\/\/ejornais.com.br\/index.php\/wp-json\/wp\/v2\/users\/2"}],"replies":[{"embeddable":true,"href":"https:\/\/ejornais.com.br\/index.php\/wp-json\/wp\/v2\/comments?post=34107"}],"version-history":[{"count":0,"href":"https:\/\/ejornais.com.br\/index.php\/wp-json\/wp\/v2\/posts\/34107\/revisions"}],"wp:attachment":[{"href":"https:\/\/ejornais.com.br\/index.php\/wp-json\/wp\/v2\/media?parent=34107"}],"wp:term":[{"taxonomy":"category","embeddable":true,"href":"https:\/\/ejornais.com.br\/index.php\/wp-json\/wp\/v2\/categories?post=34107"},{"taxonomy":"post_tag","embeddable":true,"href":"https:\/\/ejornais.com.br\/index.php\/wp-json\/wp\/v2\/tags?post=34107"}],"curies":[{"name":"wp","href":"https:\/\/api.w.org\/{rel}","templated":true}]}}