{"id":34229,"date":"2024-11-01T10:52:49","date_gmt":"2024-11-01T13:52:49","guid":{"rendered":"https:\/\/ejornais.com.br\/index.php\/2024\/11\/01\/comlurb-apresenta-renovada-frota-de-veiculos-para-a-limpeza-urbana-da-zona-sul-e-grande-tijuca-prefeitura-da-cidade-do-rio-de-janeiro\/"},"modified":"2024-11-01T10:52:49","modified_gmt":"2024-11-01T13:52:49","slug":"comlurb-apresenta-renovada-frota-de-veiculos-para-a-limpeza-urbana-da-zona-sul-e-grande-tijuca-prefeitura-da-cidade-do-rio-de-janeiro","status":"publish","type":"post","link":"https:\/\/ejornais.com.br\/index.php\/2024\/11\/01\/comlurb-apresenta-renovada-frota-de-veiculos-para-a-limpeza-urbana-da-zona-sul-e-grande-tijuca-prefeitura-da-cidade-do-rio-de-janeiro\/","title":{"rendered":"Comlurb apresenta renovada frota de ve\u00edculos para a limpeza urbana da Zona Sul e Grande Tijuca &#8211; Prefeitura da Cidade do Rio de Janeiro"},"content":{"rendered":"<p><\/p>\n<div id=\"main\">\n<div class=\"wrapper-breadcrumbs\" wp_automatic_readability=\"81.247823174816\">\n<div class=\"image-post\" wp_automatic_readability=\"34\">\n                     Dos 64 ve\u00edculos, 38 s\u00e3o caminh\u00f5es compactadores destinados ao servi\u00e7o de coleta domiciliar &#8211; Foto: Beth Santos                  <\/div>\n<p>A Prefeitura do Rio apresentou a nova frota de coleta domiciliar e remo\u00e7\u00e3o de lixo p\u00fablico da Zona Sul e da Grande Tijuca, nesta sexta-feira (01\/11), no Aterro do Flamengo. No total, foram adquiridos 64 ve\u00edculos, seis mil cont\u00eaineres de 1.200 litros, 88 ca\u00e7ambas estacion\u00e1rias multiuso de 5m\u00b3 e 12 caixas compactadoras de 7m\u00b3, para otimizar e dar um melhor ordenamento \u00e0 coleta nas duas regi\u00f5es, garantindo mais efici\u00eancia e qualidade nos servi\u00e7os da Companhia.<\/p>\n<p>O prefeito Eduardo Paes, ao lado do presidente da Comlurb, Fl\u00e1vio Lopes, entregou a renovada frota de caminh\u00f5es\u00a0num evento no Aterro do Flamengo. Ele destacou toda a recupera\u00e7\u00e3o pela qual a empresa p\u00fablica passou nos \u00faltimos tr\u00eas anos e meio.<\/p>\n<p>\u2013 Lembro que era ca\u00f3tico o estado que encontramos a Comlurb em 2021. Fizemos um investimento maci\u00e7o e recuperamos essa empresa p\u00fablica que tem funcion\u00e1rios exemplares. Aquela sensa\u00e7\u00e3o de cidade abandonada, cheia de lixo, atualmente n\u00e3o existe mais. E hoje seguimos avan\u00e7ando cada vez mais \u2013 disse o prefeito do Rio.<\/p>\n<p>Dos 64 ve\u00edculos, 38 s\u00e3o caminh\u00f5es compactadores destinados ao servi\u00e7o de coleta domiciliar, seis caminh\u00f5es basculantes para remo\u00e7\u00e3o de lixo p\u00fablico; 12 mini basculantes para opera\u00e7\u00f5es em \u00e1reas de dif\u00edcil acesso, como ruas estreitas e becos, especialmente em comunidades; quatro poliguindastes duplos, para recolher res\u00edduos de caixas de entulho; tr\u00eas pipas d\u2019\u00e1gua para lavagem de logradouros e limpeza de feiras livres e eventos, e um basculante exclusivo para remo\u00e7\u00e3o de recipientes semienterrados, como o do Ecoponto Santo Amaro, no Catete.<\/p>\n<p>\u2013 Essa renova\u00e7\u00e3o \u00e9 importante porque todos os nossos caminh\u00f5es compactadores v\u00e3o possuir um implemento traseiro\u00a0que os capacitam para fazer o manejo de caixas grandes, de 1.200 litros. \u00c9 uma novidade que vai beneficiar, principalmente, as nossas comunidades \u2013 explicou o presidente da Comlurb.<\/p>\n<p>O sistema de monitoramento dos ve\u00edculos tamb\u00e9m foi aprimorado para garantir relat\u00f3rios operacionais mais detalhados e precisos para o cumprimento dos roteiros nos dias e hor\u00e1rios estabelecidos. As informa\u00e7\u00f5es ser\u00e3o recebidas em tempo real pela central de opera\u00e7\u00f5es da Comlurb, que opera 24 horas por dia em todos os dias da semana, e transmitidas aos gestores, a fim de agilizar os servi\u00e7os de coleta domiciliar. O monitoramento facilita a tomada de decis\u00f5es sobre necessidade de eventuais altera\u00e7\u00f5es de roteiros e para atua\u00e7\u00e3o em emerg\u00eancias na cidade.<\/p>\n<p>Com a aquisi\u00e7\u00e3o dos novos cont\u00eaineres de 1.200 litros, que ter\u00e3o uma pintura especial para garantir aumento da vida \u00fatil, a Companhia vai garantir\u00a0mais agilidade na coleta nas comunidades, j\u00e1 que eles possuem implementos que facilitam o descarte dos res\u00edduos diretamente nos caminh\u00f5es. Com o contrato que estava em vigor isso n\u00e3o era poss\u00edvel, pois as caixas n\u00e3o tinham os dispositivos para que pudessem ser basculadas diretamente no caminh\u00e3o.<\/p>\n<p>Al\u00e9m disso, os cont\u00eaineres ser\u00e3o distribu\u00eddos em locais de grande fluxo de pessoas e nas praias, para facilitar ainda mais o descarte de res\u00edduos durante o ver\u00e3o, como os cocos consumidos na orla.\u00a0J\u00e1 as novas caixas compactadoras e ca\u00e7ambas estacion\u00e1rias substituir\u00e3o as atuais, nos ecopontos da regi\u00e3o, e ser\u00e3o usadas para a implanta\u00e7\u00e3o de novos pontos de entrega volunt\u00e1ria (ecopontos).<\/p>\n<p>\u2013 Aumentamos a quantidade de caixas na cidade. T\u00ednhamos 1.500 e passamos a ter 6 mil, um aumento bastante significativo. E tamb\u00e9m botamos nas praias uma quantidade de caixas h\u00edbridas, de pl\u00e1stico, melhores que as antigas caixas met\u00e1licas, que ficam enferrujadas rapidamente, dando um aspecto envelhecido \u2013 ressaltou Fl\u00e1vio Lopes.<\/p>\n<p>             <!-- Compartilhe ---><\/p>\n<p>\t\t\t <!-- TAGS --><\/p>\n<section class=\"category-tags\">\n<div class=\"marcacao-category\">\n<article class=\"category-post\">\n<p>Categoria: <\/p>\n<\/article>\n<li>1 de novembro de 2024<\/li><\/div>\n<article class=\"tags\">\n\t\t\t\t\tMarca\u00e7\u00f5es: aterro do Flamengo coleta de lixo COMLUBR frota de ve\u00edculos lixo Zona Sul<br \/><\/article>\n<\/section>\n<p>            <!-- Mais Not&iacute;cias --><\/p>\n<p>\t\t<!-- Conte&uacute;do SIDEBAR --><\/p><\/div>\n<\/p><\/div>\n","protected":false},"excerpt":{"rendered":"<p>Dos 64 ve\u00edculos, 38 s\u00e3o caminh\u00f5es compactadores destinados ao servi\u00e7o de coleta domiciliar &#8211; Foto: Beth Santos A Prefeitura do<\/p>\n","protected":false},"author":2,"featured_media":0,"comment_status":"","ping_status":"","sticky":false,"template":"","format":"standard","meta":{"colormag_page_container_layout":"default_layout","colormag_page_sidebar_layout":"default_layout","footnotes":""},"categories":[1],"tags":[],"class_list":["post-34229","post","type-post","status-publish","format-standard","hentry","category-ejornais"],"aioseo_notices":[],"amp_enabled":true,"_links":{"self":[{"href":"https:\/\/ejornais.com.br\/index.php\/wp-json\/wp\/v2\/posts\/34229","targetHints":{"allow":["GET"]}}],"collection":[{"href":"https:\/\/ejornais.com.br\/index.php\/wp-json\/wp\/v2\/posts"}],"about":[{"href":"https:\/\/ejornais.com.br\/index.php\/wp-json\/wp\/v2\/types\/post"}],"author":[{"embeddable":true,"href":"https:\/\/ejornais.com.br\/index.php\/wp-json\/wp\/v2\/users\/2"}],"replies":[{"embeddable":true,"href":"https:\/\/ejornais.com.br\/index.php\/wp-json\/wp\/v2\/comments?post=34229"}],"version-history":[{"count":0,"href":"https:\/\/ejornais.com.br\/index.php\/wp-json\/wp\/v2\/posts\/34229\/revisions"}],"wp:attachment":[{"href":"https:\/\/ejornais.com.br\/index.php\/wp-json\/wp\/v2\/media?parent=34229"}],"wp:term":[{"taxonomy":"category","embeddable":true,"href":"https:\/\/ejornais.com.br\/index.php\/wp-json\/wp\/v2\/categories?post=34229"},{"taxonomy":"post_tag","embeddable":true,"href":"https:\/\/ejornais.com.br\/index.php\/wp-json\/wp\/v2\/tags?post=34229"}],"curies":[{"name":"wp","href":"https:\/\/api.w.org\/{rel}","templated":true}]}}