{"id":34490,"date":"2024-11-06T02:22:35","date_gmt":"2024-11-06T05:22:35","guid":{"rendered":"https:\/\/ejornais.com.br\/index.php\/2024\/11\/06\/vice-governador-do-estado-visita-sorocaba-e-detalha-investimentos-previstos-para-a-regiao-agencia-de-noticias\/"},"modified":"2024-11-06T02:22:35","modified_gmt":"2024-11-06T05:22:35","slug":"vice-governador-do-estado-visita-sorocaba-e-detalha-investimentos-previstos-para-a-regiao-agencia-de-noticias","status":"publish","type":"post","link":"https:\/\/ejornais.com.br\/index.php\/2024\/11\/06\/vice-governador-do-estado-visita-sorocaba-e-detalha-investimentos-previstos-para-a-regiao-agencia-de-noticias\/","title":{"rendered":"Vice-governador do Estado visita Sorocaba e detalha investimentos previstos para a regi\u00e3o \u2013 Ag\u00eancia de Not\u00edcias"},"content":{"rendered":"<p><\/p>\n<div wp_automatic_readability=\"31\">\n<div class=\"col\" wp_automatic_readability=\"7\">\n<p class=\"mt-0\">\n                        <strong><br \/>\n                            <span class=\"far fa-calendar mr-1 mt-2\"\/><br \/>\n                            5 de novembro de 2024<br \/>\n                            <span class=\"far fa-clock ml-3 mt-2\"\/><br \/>\n                            18:17<br \/>\n                        <\/strong>\n                    <\/p>\n<p class=\"mb-0\">Por: <strong>Evelyn Azevedo<\/strong><\/p>\n<\/p><\/div>\n<\/p><\/div>\n<div wp_automatic_readability=\"90\">\n<p>Durante passagem por Sorocaba nesta ter\u00e7a-feira (5), o vice-governador do Estado de S\u00e3o Paulo, Fel\u00edcio Ramuth, encontrou o Chefe do Executivo Municipal, Rodrigo Manga, em evento realizado pela Regional do Sindicado das Empresas de Compra, Venda, Loca\u00e7\u00e3o ou Administra\u00e7\u00e3o de Im\u00f3veis Residenciais e Comerciais de S\u00e3o Paulo (Secovi-SP) de Sorocaba, sobre \u201cReforma Tribut\u00e1ria e os Impactos no Mercado Imobili\u00e1rio\u201d. O encontro aconteceu no audit\u00f3rio da Ordem dos Advogados do Brasil (OAB) Sorocaba, ocasi\u00e3o em que comentou detalhes de investimentos em a\u00e7\u00f5es confirmadas para atender a regi\u00e3o.<\/p>\n<p>Fel\u00edcio Ramuth refor\u00e7ou que os projetos que fazem parte do Programa de Parcerias de Investimentos de S\u00e3o Paulo (PPI-SP), atualizando informa\u00e7\u00f5es sobre a concess\u00e3o da chamada Rota Sorocabana, definida na \u00faltima semana. O lote foi arrematado pelo Grupo CCR, que passa ser respons\u00e1vel pelos servi\u00e7os de manuten\u00e7\u00e3o e melhorias de 460 km de rodovias localizadas na regi\u00e3o sudoeste do Estado, beneficiando, al\u00e9m de Sorocaba, os munic\u00edpios de Alum\u00ednio, Ara\u00e7ariguama, Ara\u00e7oiaba da Serra, Cotia, Ibi\u00fana, Itu, Juqui\u00e1, Mairinque, Piedade, Pilar do Sul, Salto de Pirapora, S\u00e3o Miguel Arcanjo, S\u00e3o Roque, Tapira\u00ed, Vargem Grande Paulista e Votorantim.<\/p>\n<p>O governador adiantou que est\u00e1 previsto para o fim de 2025 o leil\u00e3o de implanta\u00e7\u00e3o do Eixo Oeste do Trem Intercidades, liga\u00e7\u00e3o ferrovi\u00e1ria entre a capital paulista e Sorocaba. A obra \u00e9 considerada importante para o desenvolvimento da mobilidade urbana estadual, com um investimento de R$ 10 bilh\u00f5es e extens\u00e3o de 100 quil\u00f4metros. \u201cO trajeto levar\u00e1 o tempo de 60 minutos, com uma proje\u00e7\u00e3o estimada de at\u00e9 50 mil passageiros atendidos por dia\u201d, destacou o vice-governador.<\/p>\n<p>\u201cA presen\u00e7a do vice-governador demonstra a ascens\u00e3o da nossa cidade, tanto no setor imobili\u00e1rio, quanto no recebimento de projetos important\u00edssimos como a Rota Sorocabana e a implanta\u00e7\u00e3o do trem entre Sorocaba e S\u00e3o Paulo. Os novos empreendimentos v\u00e3o aquecer, ainda mais, n\u00e3o s\u00f3 o mercado imobili\u00e1rio, mas a economia de Sorocaba e de outras cidades nessa rota\u201d, disse Rodrigo Manga, durante o evento.<\/p>\n<p><!-- Root element of PhotoSwipe. Must have class pswp. --><\/p><\/div>\n","protected":false},"excerpt":{"rendered":"<p>5 de novembro de 2024 18:17 Por: Evelyn Azevedo Durante passagem por Sorocaba nesta ter\u00e7a-feira (5), o vice-governador do Estado<\/p>\n","protected":false},"author":2,"featured_media":0,"comment_status":"","ping_status":"","sticky":false,"template":"","format":"standard","meta":{"colormag_page_container_layout":"default_layout","colormag_page_sidebar_layout":"default_layout","footnotes":""},"categories":[1],"tags":[],"class_list":["post-34490","post","type-post","status-publish","format-standard","hentry","category-ejornais"],"aioseo_notices":[],"amp_enabled":true,"_links":{"self":[{"href":"https:\/\/ejornais.com.br\/index.php\/wp-json\/wp\/v2\/posts\/34490","targetHints":{"allow":["GET"]}}],"collection":[{"href":"https:\/\/ejornais.com.br\/index.php\/wp-json\/wp\/v2\/posts"}],"about":[{"href":"https:\/\/ejornais.com.br\/index.php\/wp-json\/wp\/v2\/types\/post"}],"author":[{"embeddable":true,"href":"https:\/\/ejornais.com.br\/index.php\/wp-json\/wp\/v2\/users\/2"}],"replies":[{"embeddable":true,"href":"https:\/\/ejornais.com.br\/index.php\/wp-json\/wp\/v2\/comments?post=34490"}],"version-history":[{"count":0,"href":"https:\/\/ejornais.com.br\/index.php\/wp-json\/wp\/v2\/posts\/34490\/revisions"}],"wp:attachment":[{"href":"https:\/\/ejornais.com.br\/index.php\/wp-json\/wp\/v2\/media?parent=34490"}],"wp:term":[{"taxonomy":"category","embeddable":true,"href":"https:\/\/ejornais.com.br\/index.php\/wp-json\/wp\/v2\/categories?post=34490"},{"taxonomy":"post_tag","embeddable":true,"href":"https:\/\/ejornais.com.br\/index.php\/wp-json\/wp\/v2\/tags?post=34490"}],"curies":[{"name":"wp","href":"https:\/\/api.w.org\/{rel}","templated":true}]}}