{"id":34626,"date":"2024-11-08T00:04:29","date_gmt":"2024-11-08T03:04:29","guid":{"rendered":"https:\/\/ejornais.com.br\/index.php\/2024\/11\/08\/sp-alcanca-mais-de-r-300-bi-em-investimentos-e-previsao-de-50-mil-vagas-de-emprego\/"},"modified":"2024-11-08T00:04:29","modified_gmt":"2024-11-08T03:04:29","slug":"sp-alcanca-mais-de-r-300-bi-em-investimentos-e-previsao-de-50-mil-vagas-de-emprego","status":"publish","type":"post","link":"https:\/\/ejornais.com.br\/index.php\/2024\/11\/08\/sp-alcanca-mais-de-r-300-bi-em-investimentos-e-previsao-de-50-mil-vagas-de-emprego\/","title":{"rendered":"SP alcan\u00e7a mais de R$ 300 bi em investimentos e previs\u00e3o de 50 mil vagas de emprego"},"content":{"rendered":"<div id=\"\">&#13;<br \/>\n                                <!-- Title -->&#13;<br \/>\n                                &#13;<br \/>\n&#13;<br \/>\n                                <!-- Excerpt -->&#13;<\/p>\n<p class=\"excerpt\">Programa de Parcerias de Investimentos do Estado de S\u00e3o Paulo (PPI-SP) deve arrecadar meio trilh\u00e3o em concess\u00f5es com a iniciativa privada<\/p>\n<p>&#13;<br \/>\n&#13;<br \/>\n                                &#13;\n                            <\/p><\/div>\n<div id=\"\">&#13;<\/p>\n<figure id=\"attachment_6373900\" style=\"width: 100%;max-width: 749px\" class=\"wp-caption alignnone\"><figcaption class=\"wp-caption-text\">Governo de S\u00e3o Paulo realizou Maratona de Leil\u00f5es entre outubro e novembro. Foto: Pablo Jacob\/Governo de S\u00e3o Paulo<\/figcaption><\/figure>\n<p>O Governo de S\u00e3o Paulo atingiu a marca de mais de R$ 300 bilh\u00f5es contratados em investimentos neste ano, valor impulsionado pela\u00a0Maratona de Leil\u00f5es que acaba no pr\u00f3ximo dia 28\u00a0com a concess\u00e3o da Nova Raposo. O valor \u00e9 mais da metade dos R$ 500 bilh\u00f5es previstos at\u00e9 o fim de 2026 em parcerias com empresas privadas via Programa de Parcerias de Investimentos (PPI-SP). A expectativa \u00e9 que ao menos 50 mil vagas de emprego, diretas e indiretas, sejam geradas nos pr\u00f3ximos anos apenas com a constru\u00e7\u00e3o de novas estradas e transporte ferrovi\u00e1rio.<\/p>\n<p>\u201cEstamos apostando muito no capital privado. \u00c9 mais um passo do\u00a0nosso S\u00e3o Paulo na Dire\u00e7\u00e3o Certa. O principal legado dessa administra\u00e7\u00e3o vai ser a diminui\u00e7\u00e3o do Estado, o fortalecimento da regula\u00e7\u00e3o, as concess\u00f5es e tudo aquilo que d\u00e1 capacidade para fazer S\u00e3o Paulo ir para frente\u201d, afirmou o governador Tarc\u00edsio de Freitas.<\/p>\n<p><strong>Leia a reportagem completa na Ag\u00eancia SP<\/strong><\/p>\n<\/p><\/div>\n","protected":false},"excerpt":{"rendered":"<p>&#13; &#13; &#13; &#13; &#13; Programa de Parcerias de Investimentos do Estado de S\u00e3o Paulo (PPI-SP) deve arrecadar meio trilh\u00e3o<\/p>\n","protected":false},"author":2,"featured_media":0,"comment_status":"","ping_status":"","sticky":false,"template":"","format":"standard","meta":{"colormag_page_container_layout":"default_layout","colormag_page_sidebar_layout":"default_layout","footnotes":""},"categories":[1],"tags":[],"class_list":["post-34626","post","type-post","status-publish","format-standard","hentry","category-ejornais"],"aioseo_notices":[],"amp_enabled":true,"_links":{"self":[{"href":"https:\/\/ejornais.com.br\/index.php\/wp-json\/wp\/v2\/posts\/34626","targetHints":{"allow":["GET"]}}],"collection":[{"href":"https:\/\/ejornais.com.br\/index.php\/wp-json\/wp\/v2\/posts"}],"about":[{"href":"https:\/\/ejornais.com.br\/index.php\/wp-json\/wp\/v2\/types\/post"}],"author":[{"embeddable":true,"href":"https:\/\/ejornais.com.br\/index.php\/wp-json\/wp\/v2\/users\/2"}],"replies":[{"embeddable":true,"href":"https:\/\/ejornais.com.br\/index.php\/wp-json\/wp\/v2\/comments?post=34626"}],"version-history":[{"count":0,"href":"https:\/\/ejornais.com.br\/index.php\/wp-json\/wp\/v2\/posts\/34626\/revisions"}],"wp:attachment":[{"href":"https:\/\/ejornais.com.br\/index.php\/wp-json\/wp\/v2\/media?parent=34626"}],"wp:term":[{"taxonomy":"category","embeddable":true,"href":"https:\/\/ejornais.com.br\/index.php\/wp-json\/wp\/v2\/categories?post=34626"},{"taxonomy":"post_tag","embeddable":true,"href":"https:\/\/ejornais.com.br\/index.php\/wp-json\/wp\/v2\/tags?post=34626"}],"curies":[{"name":"wp","href":"https:\/\/api.w.org\/{rel}","templated":true}]}}