{"id":34630,"date":"2024-11-08T02:11:26","date_gmt":"2024-11-08T05:11:26","guid":{"rendered":"https:\/\/ejornais.com.br\/index.php\/2024\/11\/08\/representantes-da-prefeitura-participam-de-plano-verao-da-edp\/"},"modified":"2024-11-08T02:11:26","modified_gmt":"2024-11-08T05:11:26","slug":"representantes-da-prefeitura-participam-de-plano-verao-da-edp","status":"publish","type":"post","link":"https:\/\/ejornais.com.br\/index.php\/2024\/11\/08\/representantes-da-prefeitura-participam-de-plano-verao-da-edp\/","title":{"rendered":"Representantes da Prefeitura participam de Plano Ver\u00e3o da EDP"},"content":{"rendered":"<p><\/p>\n<div>\n<p><b>Rosi Masiero<\/b><br \/>&#13;<br \/>\n&#13;<br \/>\n                <span style=\"font-weight: bold;\">Secretaria de Manuten\u00e7\u00e3o da Cidade<\/span><\/p>\n<p><span>S\u00e3o Jos\u00e9 dos Campos sediou na manh\u00e3 desta quinta-feira (07), o lan\u00e7amento do Plano Ver\u00e3o da EDP para a regi\u00e3o do Vale do Para\u00edba e litoral norte, com opera\u00e7\u00e3o de refor\u00e7o que visa minimizar os impactos provocados pelos eventos clim\u00e1ticos. <\/span><\/p>\n<p>Dentre as a\u00e7\u00f5es apresentadas, est\u00e3o investimentos na ordem de R$ 5 bilh\u00f5es at\u00e9 2030, nos 28 munic\u00edpios do Estado de S\u00e3o Paulo (Guarulhos, Alto do Tiet\u00ea, Vale do Para\u00edba e Litoral Norte). O encontro foi no Centro de Opera\u00e7\u00f5es Integradas da empresa e contou com representantes da empresa, colaboradores, autoridades p\u00fablicas e de \u00f3rg\u00e3os de meteorologia.\u00a0<\/p>\n<p><span>Representantes da Prefeitura das secretarias de Mobilidade Urbana, Manuten\u00e7\u00e3o da Cidade, Prote\u00e7\u00e3o ao Cidad\u00e3o e da Defesa Civil participaram da reuni\u00e3o apresentando as a\u00e7\u00f5es municipais preventivas que s\u00e3o realizadas durante todo o ano. Os servi\u00e7os p\u00fablicos municipais s\u00e3o intensificados na \u00e9poca das chuvas, para atendimento das ocorr\u00eancias eventuais, e uma rede multidisciplinar de opera\u00e7\u00e3o atua durante o ver\u00e3o.\u00a0<\/span><\/p>\n<p><span>Segundo o vice-presidente de distribui\u00e7\u00e3o da EDP, Dyogenes Rosi, a empresa tem se comprometido a executar recordes de aportes fundamentados em planejamento estrat\u00e9gico, que contribuem para uma \u201cgest\u00e3o operacional mais efetiva, principalmente em situa\u00e7\u00f5es cr\u00edticas e com mais ocorr\u00eancias&#8221;.<\/span><\/p>\n<p><span>Os investimentos contemplam ainda melhorias no atendimento ao cliente, implanta\u00e7\u00e3o de redes mais robustas e resilientes, bem como a moderniza\u00e7\u00e3o de equipamentos, ado\u00e7\u00e3o de novas tecnologias e sistema automatizado.\u00a0<\/span><span>\u201cNeste Plano Ver\u00e3o, a EDP aumentar\u00e1 em 30% as equipes de ruas para atendimento&#8221;, destacou Marcos Campos, diretor da empresa no Estado de S\u00e3o Paulo.<\/span><\/p>\n<p>&#13;<br \/>\n                        <strong>MAIS NOT\u00cdCIAS<\/strong><br \/>&#13;<br \/>\n                        Secretaria de Manuten\u00e7\u00e3o da Cidade&#13;\n                    <\/p>\n<\/p><\/div>\n","protected":false},"excerpt":{"rendered":"<p>Rosi Masiero&#13; &#13; Secretaria de Manuten\u00e7\u00e3o da Cidade S\u00e3o Jos\u00e9 dos Campos sediou na manh\u00e3 desta quinta-feira (07), o lan\u00e7amento<\/p>\n","protected":false},"author":2,"featured_media":0,"comment_status":"","ping_status":"","sticky":false,"template":"","format":"standard","meta":{"colormag_page_container_layout":"default_layout","colormag_page_sidebar_layout":"default_layout","footnotes":""},"categories":[1],"tags":[],"class_list":["post-34630","post","type-post","status-publish","format-standard","hentry","category-ejornais"],"aioseo_notices":[],"amp_enabled":true,"_links":{"self":[{"href":"https:\/\/ejornais.com.br\/index.php\/wp-json\/wp\/v2\/posts\/34630","targetHints":{"allow":["GET"]}}],"collection":[{"href":"https:\/\/ejornais.com.br\/index.php\/wp-json\/wp\/v2\/posts"}],"about":[{"href":"https:\/\/ejornais.com.br\/index.php\/wp-json\/wp\/v2\/types\/post"}],"author":[{"embeddable":true,"href":"https:\/\/ejornais.com.br\/index.php\/wp-json\/wp\/v2\/users\/2"}],"replies":[{"embeddable":true,"href":"https:\/\/ejornais.com.br\/index.php\/wp-json\/wp\/v2\/comments?post=34630"}],"version-history":[{"count":0,"href":"https:\/\/ejornais.com.br\/index.php\/wp-json\/wp\/v2\/posts\/34630\/revisions"}],"wp:attachment":[{"href":"https:\/\/ejornais.com.br\/index.php\/wp-json\/wp\/v2\/media?parent=34630"}],"wp:term":[{"taxonomy":"category","embeddable":true,"href":"https:\/\/ejornais.com.br\/index.php\/wp-json\/wp\/v2\/categories?post=34630"},{"taxonomy":"post_tag","embeddable":true,"href":"https:\/\/ejornais.com.br\/index.php\/wp-json\/wp\/v2\/tags?post=34630"}],"curies":[{"name":"wp","href":"https:\/\/api.w.org\/{rel}","templated":true}]}}