{"id":34663,"date":"2024-11-08T15:29:34","date_gmt":"2024-11-08T18:29:34","guid":{"rendered":"https:\/\/ejornais.com.br\/index.php\/2024\/11\/08\/secretaria-municipal-de-saude-implementa-novo-protocolo-de-manejo-de-feridas\/"},"modified":"2024-11-08T15:29:34","modified_gmt":"2024-11-08T18:29:34","slug":"secretaria-municipal-de-saude-implementa-novo-protocolo-de-manejo-de-feridas","status":"publish","type":"post","link":"https:\/\/ejornais.com.br\/index.php\/2024\/11\/08\/secretaria-municipal-de-saude-implementa-novo-protocolo-de-manejo-de-feridas\/","title":{"rendered":"Secretaria Municipal de Sa\u00fade implementa novo Protocolo de Manejo de Feridas"},"content":{"rendered":"<p><\/p>\n<div>\n<p>A Secretaria Municipal de Sa\u00fade (SMS) est\u00e1 implementando um novo Protocolo para Manejo de Feridas, que traz como avan\u00e7o a inclus\u00e3o da Aten\u00e7\u00e3o Prim\u00e1ria no manejo de feridas que necessitam de curativos especiais. O novo organograma assistencial foi aprovado pelo Conselho Municipal de Sa\u00fade (CMS) em reuni\u00e3o ordin\u00e1ria realizada nesta quinta-feira (7).<\/p>\n<figure class=\"wp-block-image size-large\"><\/figure>\n<p>A partir de agora, os pacientes que possuem feridas cr\u00f4nicas, que s\u00e3o aquelas que n\u00e3o cicatrizam h\u00e1 pelo menos tr\u00eas\/quatro semanas, receber\u00e3o a assist\u00eancia para os curativos nas unidades de sa\u00fade da fam\u00edlia (USFs) onde s\u00e3o assistidos, sem a necessidade de retornar aos hospitais. Anteriormente, esse tipo de assist\u00eancia acontecia apenas em policl\u00ednicas e unidades hospitalares.<\/p>\n<p>\u201cEstamos buscando descentralizar os servi\u00e7os sempre que poss\u00edvel, garantindo uma assist\u00eancia ampla e que fica cada vez mais perto das pessoas e de quem realmente precisa do servi\u00e7o\u201d, destaca o secret\u00e1rio de Sa\u00fade de Jo\u00e3o Pessoa, Luis Ferreira.<\/p>\n<p>A cria\u00e7\u00e3o do protocolo e a implanta\u00e7\u00e3o foi poss\u00edvel por meio da parceria entre a Ger\u00eancia de Medicamentos e Assist\u00eancia em Farm\u00e1cia (Gemaf), Ger\u00eancia de Aten\u00e7\u00e3o Prim\u00e1ria, \u00c1rea T\u00e9cnica de Doen\u00e7as Cr\u00f4nicas e o Servi\u00e7o de Atendimento Domiciliar (SAD), todos servi\u00e7os da rede municipal de sa\u00fade.<\/p>\n<p>Dentro do protocolo acontece a dispensa\u00e7\u00e3o diretamente para a USF dos curativos especiais necess\u00e1rios para cada usu\u00e1rio durante o prazo de 15 dias. Ao longo desse tempo, o usu\u00e1rio estar\u00e1 sendo sempre assistido pela equipe para a realiza\u00e7\u00e3o dos curativos, que devem ser feitos na pr\u00f3pria USF ou em casa, pela equipe de sa\u00fade da fam\u00edlia, nos casos dos pacientes acamados.<\/p>\n<p>\u201cA implementa\u00e7\u00e3o desse protocolo para o tratamento de feridas com curativos especiais \u00e9 uma conquista para toda a rede. Anteriormente, a aten\u00e7\u00e3o prim\u00e1ria n\u00e3o estava inserida nessa assist\u00eancia, o que s\u00f3 foi poss\u00edvel diante de um protocolo abrangente e bem estruturado, que tamb\u00e9m tem proporcionado capacita\u00e7\u00f5es para os profissionais da nossa rede para o manuseio do material, al\u00e9m disso, curativos especiais t\u00eam um alto custo para a aquisi\u00e7\u00e3o e a SMS poder proporcionar isso aos seus usu\u00e1rios \u00e9 um diferencial\u201d, ressalta a enfermeira respons\u00e1vel t\u00e9cnica da Aten\u00e7\u00e3o Prim\u00e1ria, Dayanne Guedes.<\/p>\n<p>Apesar de estar em fase de implanta\u00e7\u00e3o, j\u00e1 est\u00e3o sendo atendidos cerca de 100 pacientes na Aten\u00e7\u00e3o B\u00e1sica. Para ser inclu\u00eddo no servi\u00e7o, o usu\u00e1rio deve passar por uma avalia\u00e7\u00e3o na unidade em que \u00e9 atendido e, ap\u00f3s isso, poder\u00e1 ser inserido no programa.<\/p>\n<p>Uma das pacientes \u00e9 a moradora de Mumbaba, Maria Irenilda de Souza. Ela conta que estava com uma ferida h\u00e1 mais de 10 meses que n\u00e3o cicatriza quando procurou a unidade de sa\u00fade. \u201cQuando cheguei na unidade fui muito bem atendida e comecei o tratamento com o curativo especial e tenho evolu\u00eddo bastante em pouco mais de um m\u00eas, a dor da ferida diminuiu, o tamanho da ferida, s\u00e3o muitas melhoras desde que come\u00e7amos com o uso desse curativo, al\u00e9m da assist\u00eancia que recebo de toda equipe da unidade que tem sido muito importante para a minha cicatriza\u00e7\u00e3o, que evolui a cada dia\u201d, relata a usu\u00e1ria da USF Cana\u00e3.<\/p>\n<\/p><\/div>\n","protected":false},"excerpt":{"rendered":"<p>A Secretaria Municipal de Sa\u00fade (SMS) est\u00e1 implementando um novo Protocolo para Manejo de Feridas, que traz como avan\u00e7o a<\/p>\n","protected":false},"author":2,"featured_media":0,"comment_status":"","ping_status":"","sticky":false,"template":"","format":"standard","meta":{"colormag_page_container_layout":"default_layout","colormag_page_sidebar_layout":"default_layout","footnotes":""},"categories":[1],"tags":[],"class_list":["post-34663","post","type-post","status-publish","format-standard","hentry","category-ejornais"],"aioseo_notices":[],"amp_enabled":true,"_links":{"self":[{"href":"https:\/\/ejornais.com.br\/index.php\/wp-json\/wp\/v2\/posts\/34663","targetHints":{"allow":["GET"]}}],"collection":[{"href":"https:\/\/ejornais.com.br\/index.php\/wp-json\/wp\/v2\/posts"}],"about":[{"href":"https:\/\/ejornais.com.br\/index.php\/wp-json\/wp\/v2\/types\/post"}],"author":[{"embeddable":true,"href":"https:\/\/ejornais.com.br\/index.php\/wp-json\/wp\/v2\/users\/2"}],"replies":[{"embeddable":true,"href":"https:\/\/ejornais.com.br\/index.php\/wp-json\/wp\/v2\/comments?post=34663"}],"version-history":[{"count":0,"href":"https:\/\/ejornais.com.br\/index.php\/wp-json\/wp\/v2\/posts\/34663\/revisions"}],"wp:attachment":[{"href":"https:\/\/ejornais.com.br\/index.php\/wp-json\/wp\/v2\/media?parent=34663"}],"wp:term":[{"taxonomy":"category","embeddable":true,"href":"https:\/\/ejornais.com.br\/index.php\/wp-json\/wp\/v2\/categories?post=34663"},{"taxonomy":"post_tag","embeddable":true,"href":"https:\/\/ejornais.com.br\/index.php\/wp-json\/wp\/v2\/tags?post=34663"}],"curies":[{"name":"wp","href":"https:\/\/api.w.org\/{rel}","templated":true}]}}