{"id":34709,"date":"2024-11-09T09:35:37","date_gmt":"2024-11-09T12:35:37","guid":{"rendered":"https:\/\/ejornais.com.br\/index.php\/2024\/11\/09\/prefeitura-realiza-audiencia-publica-para-apresentacao-de-estudo-de-impacto-de-vizinhanca-no-jardim-veraneio-na-segunda-feira-11\/"},"modified":"2024-11-09T09:35:37","modified_gmt":"2024-11-09T12:35:37","slug":"prefeitura-realiza-audiencia-publica-para-apresentacao-de-estudo-de-impacto-de-vizinhanca-no-jardim-veraneio-na-segunda-feira-11","status":"publish","type":"post","link":"https:\/\/ejornais.com.br\/index.php\/2024\/11\/09\/prefeitura-realiza-audiencia-publica-para-apresentacao-de-estudo-de-impacto-de-vizinhanca-no-jardim-veraneio-na-segunda-feira-11\/","title":{"rendered":"Prefeitura realiza audi\u00eancia p\u00fablica para apresenta\u00e7\u00e3o de estudo de impacto de vizinhan\u00e7a no Jardim Veraneio na segunda-feira (11)"},"content":{"rendered":"<p><\/p>\n<div>\n<p>A Prefeitura Municipal de Campo Grande, por interm\u00e9dio da Ag\u00eancia Municipal de Meio Ambiente e Planejamento Urbano (Planurb), realiza na segunda-feira (11), \u00e0s 18h, a Audi\u00eancia P\u00fablica que apresentar\u00e1 e discutir\u00e1 o Estudo de Impacto de Vizinhan\u00e7a (EIV), referente ao empreendimento multirresidencial com 192 unidades habitacionais \u2013 CONSVANM Construtora e Incorporadora Ltda., localizado no lote 6A, quadra 28, com frente para a Avenida Presidente Manoel Ferraz de Campos Salles, entre a Rua Rio Vermelho e Rua Desembargador Le\u00e3o Neto do Carmo, Bairro Veraneio \u2013 Processo Administrativo n. 67.296\/2024-62.<\/p>\n<p>Quem deseja participar pode comparecer presencialmente no Audit\u00f3rio Nilo Javari Bar\u00e9m, na sede da Planurb, ou acessar o canal do YouTube da Educa\u00e7\u00e3o Ambiental da Planurb, por meio do endere\u00e7o eletr\u00f4nico www.youtube.com\/@educacaoambientalplanurbcg9987.<\/p>\n<p>Importante lembrar que os documentos a serem discutidos na Audi\u00eancia P\u00fablica est\u00e3o dispon\u00edveis na Biblioteca Ge\u00f3grafa Aparecida Lopes de Oliveira e no s\u00edtio eletr\u00f4nico da Planurb, dispon\u00edvel no endere\u00e7o eletr\u00f4nico www.campogrande.ms.gov.br\/planurb.<\/p>\n<p><strong>Servi\u00e7o:<\/strong><\/p>\n<p>Data:11 de novembro de 2024 (segunda-feira)<\/p>\n<p>Hor\u00e1rio: 18h<\/p>\n<p>Local: Audit\u00f3rio Engenheiro Nilo Javari Bar\u00e9m \u2013 Planurb<\/p>\n<p>Endere\u00e7o: Rua H\u00e9lio de Castro Maia, 279 \u2013 Jardim Paulista<\/p>\n<p><em>#PraTodosVerem   Na capa da mat\u00e9ria h\u00e1 uma foto de uma audi\u00eancia p\u00fablica promovida pela Planurb, realizada no Audit\u00f3rio Nilo Javari Bar\u00e9m.<\/em><\/p>\n<\/div>\n<p><script async defer async defer src=\"https:\/\/connect.facebook.net\/en_US\/sdk.js?ver=1#xfbml=1&amp;version=v3.2\" id=\"prefeitura-campogrande-script-facebook-sdk-js\"><\/script><\/p>\n","protected":false},"excerpt":{"rendered":"<p>A Prefeitura Municipal de Campo Grande, por interm\u00e9dio da Ag\u00eancia Municipal de Meio Ambiente e Planejamento Urbano (Planurb), realiza na<\/p>\n","protected":false},"author":2,"featured_media":0,"comment_status":"","ping_status":"","sticky":false,"template":"","format":"standard","meta":{"colormag_page_container_layout":"default_layout","colormag_page_sidebar_layout":"default_layout","footnotes":""},"categories":[1],"tags":[],"class_list":["post-34709","post","type-post","status-publish","format-standard","hentry","category-ejornais"],"aioseo_notices":[],"amp_enabled":true,"_links":{"self":[{"href":"https:\/\/ejornais.com.br\/index.php\/wp-json\/wp\/v2\/posts\/34709","targetHints":{"allow":["GET"]}}],"collection":[{"href":"https:\/\/ejornais.com.br\/index.php\/wp-json\/wp\/v2\/posts"}],"about":[{"href":"https:\/\/ejornais.com.br\/index.php\/wp-json\/wp\/v2\/types\/post"}],"author":[{"embeddable":true,"href":"https:\/\/ejornais.com.br\/index.php\/wp-json\/wp\/v2\/users\/2"}],"replies":[{"embeddable":true,"href":"https:\/\/ejornais.com.br\/index.php\/wp-json\/wp\/v2\/comments?post=34709"}],"version-history":[{"count":0,"href":"https:\/\/ejornais.com.br\/index.php\/wp-json\/wp\/v2\/posts\/34709\/revisions"}],"wp:attachment":[{"href":"https:\/\/ejornais.com.br\/index.php\/wp-json\/wp\/v2\/media?parent=34709"}],"wp:term":[{"taxonomy":"category","embeddable":true,"href":"https:\/\/ejornais.com.br\/index.php\/wp-json\/wp\/v2\/categories?post=34709"},{"taxonomy":"post_tag","embeddable":true,"href":"https:\/\/ejornais.com.br\/index.php\/wp-json\/wp\/v2\/tags?post=34709"}],"curies":[{"name":"wp","href":"https:\/\/api.w.org\/{rel}","templated":true}]}}