{"id":34738,"date":"2024-11-10T03:18:30","date_gmt":"2024-11-10T06:18:30","guid":{"rendered":"https:\/\/ejornais.com.br\/index.php\/2024\/11\/10\/tiro-de-guerra-forma-100-atiradores-em-sao-jose\/"},"modified":"2024-11-10T03:18:30","modified_gmt":"2024-11-10T06:18:30","slug":"tiro-de-guerra-forma-100-atiradores-em-sao-jose","status":"publish","type":"post","link":"https:\/\/ejornais.com.br\/index.php\/2024\/11\/10\/tiro-de-guerra-forma-100-atiradores-em-sao-jose\/","title":{"rendered":"Tiro de Guerra forma 100 atiradores em S\u00e3o Jos\u00e9"},"content":{"rendered":"<p><\/p>\n<div>\n<p><b>Ariane Caldas<\/b><br \/>&#13;<br \/>\n&#13;<br \/>\n                <span style=\"font-weight: bold;\">Secretaria de Sa\u00fade<\/span><\/p>\n<p>O Tiro de Guerra de S\u00e3o Jos\u00e9 dos Campos realizou, neste s\u00e1bado (9), a formatura de encerramento do ano de instru\u00e7\u00e3o dos 100 jovens incorporados em 1\u00ba de mar\u00e7o de 2024.<\/p>\n<p>A solenidade aconteceu no Cefe (Centro de Forma\u00e7\u00e3o do Educador), em Santana, na regi\u00e3o norte, e representa o compromisso dos jovens com a defesa da p\u00e1tria, mesmo que em uma fun\u00e7\u00e3o de reserva, e o desenvolvimento de habilidades importantes como disciplina, trabalho em equipe e responsabilidade.<\/p>\n<\/p>\n<p><em>Cem jovens participaram da cerim\u00f4nia de encerramento do ano de instru\u00e7\u00e3o |<strong> Foto:<\/strong> Claudio Vieira\/PMSJC\u00a0<\/em><\/p>\n<p><span class=\"intertitulo\">Amor \u00e0 p\u00e1tria<\/span><\/p>\n<p>O 1\u00ba sargento Vladimir Machado Carlos, chefe da Instru\u00e7\u00e3o no Tiro de Guerra de S\u00e3o Jos\u00e9, explica que o evento celebra o t\u00e9rmino do servi\u00e7o militar, no qual\u00a0os atiradores passaram por treinamentos f\u00edsicos, disciplinares e instrutivos durantenove meses.<\/p>\n<p>&#8220;Hoje devolvemos para a sociedade um jovem mais preparado para a vida, que est\u00e1 mais atento \u00e0s quest\u00f5es sociais e do Brasil como um todo&#8221;.<\/p>\n<\/p>\n<p>Eder Medeiros Moreira, que foi o destaque da turma, conta que seu bom desempenho tamb\u00e9m teve influ\u00eancia do irm\u00e3o, que serviu em 2023.<\/p>\n<p>&#8220;Meu irm\u00e3o gostou muito de servir. Ent\u00e3o, eu acabei me interessando e quis fazer parte do Tiro de Guerra. Acho que o Ex\u00e9rcito foi um presente na nossa vida. Conseguimos amadurecer e nos tornamos pessoas melhores e dad\u00e3os de bem. Eu tenho s\u00f3 a agradecer por isto&#8221;.<\/p>\n<p>Aos 19 anos, Eder pretende continuar na \u00e1rea militar.<\/p>\n<p>&#8220;Quero aproveitar os ensinamentos e prestar concurso p\u00fablico para a ESA (Escola de Sargento das Armas) e a ESpCEx (Escola Preparat\u00f3ria de Cadetes do Ex\u00e9rcito) u at\u00e9 mesmo a Pol\u00edcia Militar e a Guarda Civil Municipal&#8221;.<\/p>\n<\/p>\n<p><em>Eder e fam\u00edlia comemoram o pr\u00eamio de destaque da turma. | <strong>Foto:<\/strong> Claudio Vieira\/PMSJC<\/em><\/p>\n<p>Para Elisangela Cursino de Medeiros Moreira, ter dois filhos formados pelo Tiro de Guerra \u00e9 um orgulho.<\/p>\n<p>&#8220;Eles sa\u00edram daqui como homens de verdade. O Eder concretiza hoje sendo o destaque geral. Isto \u00e9 a soma das responsabilidades e de tudo que eu cobrei em casa tamb\u00e9m. O sentimento que eu tenho \u00e9 que o servir vale muito a pena&#8221;.<\/p>\n<p><span class=\"intertitulo\">Tiro de Guerra<\/span><\/p>\n<p>Aproximadamente 6.000 jovens com 18 anos completos se apresentam todos os anos para fazer o alistamento no Ex\u00e9rcito em S\u00e3o Jos\u00e9 dos Campos. Eles passam por uma sele\u00e7\u00e3o e s\u00e3o incorporados ou dispensados.\u00a0<\/p>\n<p>O Tiro de Guerra forma soldados reservistas que, al\u00e9m do servi\u00e7o militar por nove meses, participam de a\u00e7\u00f5es comunit\u00e1rias como doa\u00e7\u00e3o de sangue, coleta de alimentos, campanha do agasalho e atividades da Defesa Civil e do Corpo de Bombeiros.<\/p>\n<p>A institui\u00e7\u00e3o \u00e9 mantida, por meio de conv\u00eanio, pela Prefeitura de S\u00e3o Jos\u00e9, que disponibiliza as instala\u00e7\u00f5es e a manuten\u00e7\u00e3o.<\/p>\n<p>J\u00e1 o Ex\u00e9rcito Brasileiro, a quem o Tiro de Guerra \u00e9 ligado, \u00e9 respons\u00e1vel pelo fardamento dos atiradores, material b\u00e9lico, muni\u00e7\u00e3o e instrutores.<\/p>\n<p>&#13;<br \/>\n                        <strong>MAIS NOT\u00cdCIAS<\/strong><br \/>&#13;<br \/>\n                        Secretaria de Sa\u00fade&#13;\n                    <\/p>\n<\/p><\/div>\n","protected":false},"excerpt":{"rendered":"<p>Ariane Caldas&#13; &#13; Secretaria de Sa\u00fade O Tiro de Guerra de S\u00e3o Jos\u00e9 dos Campos realizou, neste s\u00e1bado (9), a<\/p>\n","protected":false},"author":2,"featured_media":0,"comment_status":"","ping_status":"","sticky":false,"template":"","format":"standard","meta":{"colormag_page_container_layout":"default_layout","colormag_page_sidebar_layout":"default_layout","footnotes":""},"categories":[1],"tags":[],"class_list":["post-34738","post","type-post","status-publish","format-standard","hentry","category-ejornais"],"aioseo_notices":[],"amp_enabled":true,"_links":{"self":[{"href":"https:\/\/ejornais.com.br\/index.php\/wp-json\/wp\/v2\/posts\/34738","targetHints":{"allow":["GET"]}}],"collection":[{"href":"https:\/\/ejornais.com.br\/index.php\/wp-json\/wp\/v2\/posts"}],"about":[{"href":"https:\/\/ejornais.com.br\/index.php\/wp-json\/wp\/v2\/types\/post"}],"author":[{"embeddable":true,"href":"https:\/\/ejornais.com.br\/index.php\/wp-json\/wp\/v2\/users\/2"}],"replies":[{"embeddable":true,"href":"https:\/\/ejornais.com.br\/index.php\/wp-json\/wp\/v2\/comments?post=34738"}],"version-history":[{"count":0,"href":"https:\/\/ejornais.com.br\/index.php\/wp-json\/wp\/v2\/posts\/34738\/revisions"}],"wp:attachment":[{"href":"https:\/\/ejornais.com.br\/index.php\/wp-json\/wp\/v2\/media?parent=34738"}],"wp:term":[{"taxonomy":"category","embeddable":true,"href":"https:\/\/ejornais.com.br\/index.php\/wp-json\/wp\/v2\/categories?post=34738"},{"taxonomy":"post_tag","embeddable":true,"href":"https:\/\/ejornais.com.br\/index.php\/wp-json\/wp\/v2\/tags?post=34738"}],"curies":[{"name":"wp","href":"https:\/\/api.w.org\/{rel}","templated":true}]}}