{"id":34749,"date":"2024-11-10T11:01:41","date_gmt":"2024-11-10T14:01:41","guid":{"rendered":"https:\/\/ejornais.com.br\/index.php\/2024\/11\/10\/prefeitura-realiza-operacao-de-transito-para-provas-do-enem\/"},"modified":"2024-11-10T11:01:41","modified_gmt":"2024-11-10T14:01:41","slug":"prefeitura-realiza-operacao-de-transito-para-provas-do-enem","status":"publish","type":"post","link":"https:\/\/ejornais.com.br\/index.php\/2024\/11\/10\/prefeitura-realiza-operacao-de-transito-para-provas-do-enem\/","title":{"rendered":"Prefeitura realiza opera\u00e7\u00e3o de tr\u00e2nsito para provas do ENEM"},"content":{"rendered":"<p><\/p>\n<div>\n<p><b>Paula Pessoa<\/b><br \/>&#13;<br \/>\n&#13;<br \/>\n                <span style=\"font-weight: bold;\">Secretaria de Mobilidade Urbana<\/span><\/p>\n<p><em>Colabora\u00e7\u00e3o da estagi\u00e1ria \u00c1gata Sales<\/em><\/p>\n<p>A Prefeitura de S\u00e3o Jos\u00e9 dos Campos montou uma opera\u00e7\u00e3o de tr\u00e2nsito para segundo dia de provas do Exame Nacional do Ensino M\u00e9dio (ENEM), que ocorre neste domingo (10). A a\u00e7\u00e3o ser\u00e1 implementada no entorno dos 3 locais da cidade com maior n\u00famero de inscritos, as faculdades UNIVAP (Universidade Vale do Para\u00edba), UNIP (Universidade Paulista) e Anhanguera.<\/p>\n<p>A opera\u00e7\u00e3o ser\u00e1 comandada pela Secretaria de Mobilidade Urbana, das 11h30 \u00e0s 13h, com objetivo de otimizar o fluxo de ve\u00edculos e garantir mais fluidez no tr\u00e2nsito, durante o per\u00edodo de chegada dos candidatos. Agentes da mobilidade estar\u00e3o posicionados nos locais para orientar os motoristas e agilizar o desembarque de candidatos.<\/p>\n<p>Al\u00e9m das medidas de orienta\u00e7\u00e3o, a Prefeitura ressalta a import\u00e2ncia dos candidatos se dirigirem com anteced\u00eancia para os locais de prova, a fim de evitar transtornos e imprevistos.<\/p>\n<p>As linhas de \u00f4nibus tamb\u00e9m ser\u00e3o refor\u00e7adas no domingo.\u00a0<\/p>\n<p><span class=\"intertitulo\"><strong>UNIVAP<\/strong><\/span><\/p>\n<p>Entre as principais medidas, os sem\u00e1foros nos cruzamentos da Avenida Shishima Hifumi com a Rua Arnaldo Pinto Pereira e com a Rua Dr. Osvaldo Couto passar\u00e3o a operar no modo amarelo intermitente.<\/p>\n<p>A reserva de vagas ser\u00e1 a partir da Avenida Shishima Hifumi, entre a Rua Dr. Osvaldo Couto (Portaria do Condom\u00ednio Residencial Recanto da Serra) e a Av. Ironman Victor Garrido, com objetivo de garantir duas faixas de rolamento.<\/p>\n<p>Os motoristas poder\u00e3o utilizar a Av. Shishima Hifumi como vagas de estacionamento, no trecho entre a Av. Ironman Victor Garrido e a portaria da UNIVAP, preservando duas faixas de rolamento.<\/p>\n<p>Para garantir a fluidez dos ve\u00edculos que fazem a rotat\u00f3ria no local, haver\u00e1 reserva de vagas tamb\u00e9m na Avenida Shishima Hifumi no sentido bairro\/centro, desde o cruzamento com a Avenida Seluta Barbosa Mendon\u00e7a at\u00e9 a portaria da UNIVAP.<\/p>\n<p><strong><span class=\"intertitulo\">UNIP<\/span><\/strong><\/p>\n<p>No cruzamento da Rua Carlos Marcondes com a Rua Corifeu de Azevedo Marques, ser\u00e1 controlado o tempo semaf\u00f3rico, de maneira que garanta a melhor fluidez dos ve\u00edculos, tanto na entrada quanto na sa\u00edda dos participantes do ENEM. Haver\u00e1 a presen\u00e7a de um agente no local para intervir, se necess\u00e1rio.<\/p>\n<p><strong><span class=\"intertitulo\">Anhanguera<\/span><\/strong><\/p>\n<p>Haver\u00e1 a presen\u00e7a de agentes na Av. Jo\u00e3o Batista de Souza Soares para agilizar o desembarque de candidatos e impedir que as filas prejudiquem os cruzamentos da Estrada Velha, garantindo a fluidez da via na chegada e sa\u00edda dos participantes do ENEM. Todos os sem\u00e1foros da Estrada Velha s\u00e3o controlados pelo CSI e ser\u00e3o monitorados para a melhor fluidez.<\/p>\n<p>&#13;<br \/>\n                        <strong>MAIS NOT\u00cdCIAS<\/strong><br \/>&#13;<br \/>\n                        Secretaria de Mobilidade Urbana&#13;\n                    <\/p>\n<\/p><\/div>\n","protected":false},"excerpt":{"rendered":"<p>Paula Pessoa&#13; &#13; Secretaria de Mobilidade Urbana Colabora\u00e7\u00e3o da estagi\u00e1ria \u00c1gata Sales A Prefeitura de S\u00e3o Jos\u00e9 dos Campos montou<\/p>\n","protected":false},"author":2,"featured_media":0,"comment_status":"","ping_status":"","sticky":false,"template":"","format":"standard","meta":{"colormag_page_container_layout":"default_layout","colormag_page_sidebar_layout":"default_layout","footnotes":""},"categories":[1],"tags":[],"class_list":["post-34749","post","type-post","status-publish","format-standard","hentry","category-ejornais"],"aioseo_notices":[],"amp_enabled":true,"_links":{"self":[{"href":"https:\/\/ejornais.com.br\/index.php\/wp-json\/wp\/v2\/posts\/34749","targetHints":{"allow":["GET"]}}],"collection":[{"href":"https:\/\/ejornais.com.br\/index.php\/wp-json\/wp\/v2\/posts"}],"about":[{"href":"https:\/\/ejornais.com.br\/index.php\/wp-json\/wp\/v2\/types\/post"}],"author":[{"embeddable":true,"href":"https:\/\/ejornais.com.br\/index.php\/wp-json\/wp\/v2\/users\/2"}],"replies":[{"embeddable":true,"href":"https:\/\/ejornais.com.br\/index.php\/wp-json\/wp\/v2\/comments?post=34749"}],"version-history":[{"count":0,"href":"https:\/\/ejornais.com.br\/index.php\/wp-json\/wp\/v2\/posts\/34749\/revisions"}],"wp:attachment":[{"href":"https:\/\/ejornais.com.br\/index.php\/wp-json\/wp\/v2\/media?parent=34749"}],"wp:term":[{"taxonomy":"category","embeddable":true,"href":"https:\/\/ejornais.com.br\/index.php\/wp-json\/wp\/v2\/categories?post=34749"},{"taxonomy":"post_tag","embeddable":true,"href":"https:\/\/ejornais.com.br\/index.php\/wp-json\/wp\/v2\/tags?post=34749"}],"curies":[{"name":"wp","href":"https:\/\/api.w.org\/{rel}","templated":true}]}}