{"id":34752,"date":"2024-11-10T13:49:36","date_gmt":"2024-11-10T16:49:36","guid":{"rendered":"https:\/\/ejornais.com.br\/index.php\/2024\/11\/10\/vencedor-da-granfondo-brasil-etapa-joao-pessoa-completou-percurso-de-109-km-em-2h53\/"},"modified":"2024-11-10T13:49:36","modified_gmt":"2024-11-10T16:49:36","slug":"vencedor-da-granfondo-brasil-etapa-joao-pessoa-completou-percurso-de-109-km-em-2h53","status":"publish","type":"post","link":"https:\/\/ejornais.com.br\/index.php\/2024\/11\/10\/vencedor-da-granfondo-brasil-etapa-joao-pessoa-completou-percurso-de-109-km-em-2h53\/","title":{"rendered":"Vencedor da Granfondo Brasil etapa Jo\u00e3o Pessoa completou percurso de 109 km em 2h53"},"content":{"rendered":"<p><\/p>\n<div>\n<p>A cidade de Jo\u00e3o Pessoa sediou, neste domingo (10), a quarta edi\u00e7\u00e3o da prova do ciclismo mundial Granfondo Brasil. A competi\u00e7\u00e3o reuniu mais de 200 ciclistas vindos de nove estados, como S\u00e3o Paulo, Sergipe e Rio Grande do Norte. No percurso mais longo, de 109 quil\u00f4metros (km), o primeiro colocado na categoria elite, Paulo Vitorino, completou o circuito no tempo de 2h53. J\u00e1 no percurso menor, de 84 km, a prova foi realizada em 2h26 pelo competidor estreante F\u00e1bio Pontes. Ao todo, a dura\u00e7\u00e3o da prova foi de 4h23.<\/p>\n<figure class=\"wp-block-gallery has-nested-images columns-default is-cropped wp-block-gallery-1 is-layout-flex wp-block-gallery-is-layout-flex\">\n<figure class=\"wp-block-image size-large\"><\/figure>\n<figure class=\"wp-block-image size-large\"><\/figure>\n<\/figure>\n<p>O empres\u00e1rio Paulo Vitorino, 40 anos, de Santa Rita, foi campe\u00e3o na categoria elite masculino. Ele, que j\u00e1 compete h\u00e1 oito anos, fez o percurso de 109 km no tempo de 2h53 e se preparou com uma assessoria esportiva para obter o feito. \u201cEstou muito feliz! Agrade\u00e7o \u00e0 organiza\u00e7\u00e3o da prova e \u00e0 Prefeitura de Jo\u00e3o Pessoa por trazer esse evento a nossa cidade. Agrade\u00e7o tamb\u00e9m a Jesus pela performance e a todos que contribuem para esse processo \u00e1rduo de ser atleta amador\u201d, comentou. Esta foi a sua terceira participa\u00e7\u00e3o na Granfondo etapa Jo\u00e3o Pessoa.<\/p>\n<p>Na categoria elite feminino, a educadora f\u00edsica Sarah Pinheiro, de 35 anos, liderou o p\u00f3dio. Natural de Jo\u00e3o Pessoa, ela mora no Rio de Janeiro e veio especialmente para participar da prova, pela primeira vez. Sarah se preparava para outra competi\u00e7\u00e3o, quando sofreu uma queda e rompeu ligamentos. \u201cEu n\u00e3o iria mais competir neste ano, mas fui motivada a me inscrever e s\u00f3 tive 13 dias para me preparar. Foi sensacional. Estou muito feliz\u201d, afirmou.<\/p>\n<p>No percurso de 84 quil\u00f4metros, a primeira coloca\u00e7\u00e3o ficou com o recifense F\u00e1bio Pontes, de 37 anos. Esta foi sua segunda competi\u00e7\u00e3o, mas no Granfondo foi a primeira participa\u00e7\u00e3o. Apesar do resultado, o ciclista come\u00e7ou a treinar h\u00e1 menos de um ano. \u201cEu treino todos os dias no sol das 9h, 3 horas ao dia. Gostei muito da prova, tudo bem organizado e sinalizado. A cidade de Jo\u00e3o Pessoa \u00e9 uma refer\u00eancia esportiva e quero continuar competindo\u201d, disse o atleta, que dedicou a vit\u00f3ria ao filho.<\/p>\n<figure class=\"wp-block-gallery has-nested-images columns-default is-cropped wp-block-gallery-2 is-layout-flex wp-block-gallery-is-layout-flex\">\n<figure class=\"wp-block-image size-large\"><\/figure>\n<figure class=\"wp-block-image size-large\"><\/figure>\n<\/figure>\n<p>A competi\u00e7\u00e3o re\u00fane n\u00e3o apenas atletas, mas os familiares tamb\u00e9m. Tarci Dias, de Paulista (PE), veio acompanhando o esposo, que compete h\u00e1 30 anos. \u201cTemos que acompanhar para dar um apoio, que faz a diferen\u00e7a. Meu marido \u00e9 um bom atleta. Ano passado, ficou no quinto lugar geral. Domingo passado estivemos em uma corrida no interior da Para\u00edba e, na pr\u00f3xima semana, estaremos no Rio Grande do Norte\u201d, falou.<\/p>\n<p><strong>Percurso<\/strong> \u2013 A prova come\u00e7ou quando sa\u00edram os primeiros raios solares, \u00e0s 5h, com largada no Busto de Tamandar\u00e9. Os ciclistas percorreram a orla do Cabo Branco at\u00e9 a ladeira, passaram pela Avenida Jo\u00e3o Cirilo, no Altiplano, at\u00e9 a Esta\u00e7\u00e3o Cabo Branco \u2013 Ci\u00eancia, Cultura e Artes, em dire\u00e7\u00e3o ao Litoral Sul, onde ocorreram de fato as disputas de velocidade.<\/p>\n<p>A partir da Avenida Panor\u00e2mica, os ciclistas percorreram a Avenida Hilton Souto Maior at\u00e9 a BR-230, chegando at\u00e9 a entrada da Praia de Intermares (Cabedelo) e retornando na altura do quil\u00f4metro 10. As diferen\u00e7as entre os percursos longo e curto est\u00e3o no final da prova. Para os competidores inscritos na menor dist\u00e2ncia, a competi\u00e7\u00e3o acabou na Esta\u00e7\u00e3o Cabo Branco J\u00e1 os demais, foram at\u00e9 o Centro de Conven\u00e7\u00f5es \u2013 ida e volta, tr\u00eas vezes, encerrando a competi\u00e7\u00e3o.<\/p>\n<figure class=\"wp-block-gallery has-nested-images columns-default is-cropped wp-block-gallery-3 is-layout-flex wp-block-gallery-is-layout-flex\">\n<figure class=\"wp-block-image size-large\"><\/figure>\n<figure class=\"wp-block-image size-large\"><\/figure>\n<figure class=\"wp-block-image size-large\"><\/figure>\n<figure class=\"wp-block-image size-large\"><\/figure>\n<\/figure>\n<p><strong>Turismo esportivo<\/strong> \u2013 Segundo o secret\u00e1rio-executivo de Juventude, Esporte e Recrea\u00e7\u00e3o de Jo\u00e3o Pessoa (Sejer), Juliano Sucupira, a competi\u00e7\u00e3o ocorreu com perfeita execu\u00e7\u00e3o. \u201cEstamos realizados com mais um grande evento entregue \u00e0 cidade de Jo\u00e3o Pessoa. Esta foi a maior log\u00edstica que nosso Estado j\u00e1 p\u00f4de presenciar, com rela\u00e7\u00e3o \u00e0 estrutura montada, o que nos deixa gratificados\u201d.<\/p>\n<p>De acordo com o gestor, a Capital paraibana j\u00e1 se consolidou como um destino de turismo esportivo. \u201cJo\u00e3o Pessoa respira esporte ao ar livre. Crescemos exponencialmente nos \u00faltimos quatro anos e Jo\u00e3o Pessoa j\u00e1 est\u00e1 no calend\u00e1rio de v\u00e1rios eventos, n\u00e3o s\u00f3 de ciclismo, mas de corrida de rua tamb\u00e9m. Somos refer\u00eancia em \u00e2mbito nacional e at\u00e9 internacional\u201d, avaliou.<\/p>\n<p>A Capital paraibana sediou recentemente o Campeonato Brasileiro de Paraciclismo de Estrada e os sucessos obtidos neste evento resultaram nas medalhas conquistadas no Mundial de Zurique com os atletas Lauro Chaman, Jady Malavazzi, Marcos Mello e Solimar.<\/p>\n<figure class=\"wp-block-gallery has-nested-images columns-default is-cropped wp-block-gallery-4 is-layout-flex wp-block-gallery-is-layout-flex\">\n<figure class=\"wp-block-image size-large\"><\/figure>\n<figure class=\"wp-block-image size-large\"><\/figure>\n<figure class=\"wp-block-image size-large\"><\/figure>\n<figure class=\"wp-block-image size-large\"><\/figure>\n<figure class=\"wp-block-image size-large\"><\/figure>\n<\/figure>\n<p><strong>Apoio<\/strong> \u2013 A Superintend\u00eancia Executiva de Mobilidade Urbana de Jo\u00e3o Pessoa (Semob-JP) preparou uma opera\u00e7\u00e3o especial de tr\u00e2nsito, mobilizando 50 agentes operacionais, que atuaram desde as 4h, ao longo de todo o percurso da prova. Foi necess\u00e1ria a interven\u00e7\u00e3o com bloqueios e desvios para a realiza\u00e7\u00e3o da competi\u00e7\u00e3o. A opera\u00e7\u00e3o recebeu o apoio da Guarda Civil Metropolitana, Semob Cabedelo, Pol\u00edcia Militar e a Pol\u00edcia Rodovi\u00e1ria Federal (PRF).<\/p>\n<p>O diretor-t\u00e9cnico da prova, Romolo Lazzaretti, destacou a receptividade da Prefeitura e dos ciclistas pessoenses desde a primeira edi\u00e7\u00e3o da competi\u00e7\u00e3o na cidade. \u201cTivemos a presen\u00e7a de atletas de 27 cidades e nove estados. Recebemos pessoas de Aracaju, Natal, S\u00e3o Paulo e Bras\u00edlia, por exemplo. Colocar mais de 200 ciclistas num percurso urbano numa capital linda como Jo\u00e3o Pessoa e n\u00e3o ocorrer nenhum acidente, significa que a competi\u00e7\u00e3o tem futuro\u201d, enfatizou.<\/p>\n<p>A estrutura do evento contou com batedores, equipe de staff durante todo trajeto, pontos de abastecimento, cronometragem, premia\u00e7\u00e3o, vila, kit atleta e medalhas para todos que finalizaram a prova.<\/p>\n<figure class=\"wp-block-gallery has-nested-images columns-default is-cropped wp-block-gallery-5 is-layout-flex wp-block-gallery-is-layout-flex\">\n<figure class=\"wp-block-image size-large\"><\/figure>\n<figure class=\"wp-block-image size-large\"><\/figure>\n<\/figure>\n<p><strong>Premia\u00e7\u00e3o \u2013 cinco primeiros colocados gerais<\/strong><\/p>\n<p>Campe\u00e3o: R$ 1.000 + trof\u00e9u;<\/p>\n<p>Vice-campe\u00e3o: R$ 800 + trof\u00e9u;<\/p>\n<p>3\u00ba colocado: R$ 600 + trof\u00e9u;<\/p>\n<p>4\u00ba colocado R$ 400 + trof\u00e9u;<\/p>\n<p>5\u00ba colocado R$ 200 + trof\u00e9u;<\/p>\n<\/p><\/div>\n","protected":false},"excerpt":{"rendered":"<p>A cidade de Jo\u00e3o Pessoa sediou, neste domingo (10), a quarta edi\u00e7\u00e3o da prova do ciclismo mundial Granfondo Brasil. A<\/p>\n","protected":false},"author":2,"featured_media":0,"comment_status":"","ping_status":"","sticky":false,"template":"","format":"standard","meta":{"colormag_page_container_layout":"default_layout","colormag_page_sidebar_layout":"default_layout","footnotes":""},"categories":[1],"tags":[],"class_list":["post-34752","post","type-post","status-publish","format-standard","hentry","category-ejornais"],"aioseo_notices":[],"amp_enabled":true,"_links":{"self":[{"href":"https:\/\/ejornais.com.br\/index.php\/wp-json\/wp\/v2\/posts\/34752","targetHints":{"allow":["GET"]}}],"collection":[{"href":"https:\/\/ejornais.com.br\/index.php\/wp-json\/wp\/v2\/posts"}],"about":[{"href":"https:\/\/ejornais.com.br\/index.php\/wp-json\/wp\/v2\/types\/post"}],"author":[{"embeddable":true,"href":"https:\/\/ejornais.com.br\/index.php\/wp-json\/wp\/v2\/users\/2"}],"replies":[{"embeddable":true,"href":"https:\/\/ejornais.com.br\/index.php\/wp-json\/wp\/v2\/comments?post=34752"}],"version-history":[{"count":0,"href":"https:\/\/ejornais.com.br\/index.php\/wp-json\/wp\/v2\/posts\/34752\/revisions"}],"wp:attachment":[{"href":"https:\/\/ejornais.com.br\/index.php\/wp-json\/wp\/v2\/media?parent=34752"}],"wp:term":[{"taxonomy":"category","embeddable":true,"href":"https:\/\/ejornais.com.br\/index.php\/wp-json\/wp\/v2\/categories?post=34752"},{"taxonomy":"post_tag","embeddable":true,"href":"https:\/\/ejornais.com.br\/index.php\/wp-json\/wp\/v2\/tags?post=34752"}],"curies":[{"name":"wp","href":"https:\/\/api.w.org\/{rel}","templated":true}]}}