{"id":34819,"date":"2024-11-12T05:51:13","date_gmt":"2024-11-12T08:51:13","guid":{"rendered":"https:\/\/ejornais.com.br\/index.php\/2024\/11\/12\/sao-jose-futsal-enfrenta-santo-andre-na-semi-do-paulista\/"},"modified":"2024-11-12T05:51:13","modified_gmt":"2024-11-12T08:51:13","slug":"sao-jose-futsal-enfrenta-santo-andre-na-semi-do-paulista","status":"publish","type":"post","link":"https:\/\/ejornais.com.br\/index.php\/2024\/11\/12\/sao-jose-futsal-enfrenta-santo-andre-na-semi-do-paulista\/","title":{"rendered":"S\u00e3o Jos\u00e9 Futsal enfrenta Santo Andr\u00e9 na semi do Paulista"},"content":{"rendered":"<p><\/p>\n<div>\n<p><b>Lucas Lemes<\/b><br \/>&#13;<br \/>\n&#13;<br \/>\n                <span style=\"font-weight: bold;\">Secretaria de Esporte e Qualidade de Vida<\/span><\/p>\n<p>O per\u00edodo sem jogos deu mais tempo para o S\u00e3o Jos\u00e9 Futsal trabalhar muito em quadra e recuperar os jogadores que vinham de les\u00f5es para disputarem a semifinal do Campeonato Paulista.<\/p>\n<p>Com 100% da equipe revigorada, os joseenses ter\u00e3o nesta ter\u00e7a-feira (12) o primeiro confronto da semifinal do Paulista, em casa, contra o time de Santo Andr\u00e9. O jogo acontece \u00e0s 20h, no Gin\u00e1sio T\u00eanis Clube.<\/p>\n<p>A novidade \u00e9 o retorno do fixo Gomes, pe\u00e7a fundamental na equipe do t\u00e9cnico Gabriel Oliveira, que est\u00e1 concentrada para\u00a0buscar o resultado positivo junto da contagiante torcida joseense. A partida ter\u00e1 transmiss\u00e3o ao vivo pelo canal BandSports.<\/p>\n<\/p>\n<p><span class=\"intertitulo\">Informa\u00e7\u00f5es<\/span><\/p>\n<p><strong>Campeonato Paulista<br \/><\/strong><strong>1\u00ba Jogo da Semifinal<br \/><\/strong><\/p>\n<p>S\u00c3O JOS\u00c9 FUTSAL x Santo Andr\u00e9<\/p>\n<p><strong>Data:<\/strong> 12\/11 ter\u00e7a-feira<br \/><strong>Hor\u00e1rio:<\/strong> 20h<br \/><strong>Local:<\/strong> Gin\u00e1sio T\u00eanis Clube (<span>Av. Nove de Julho, 23 &#8211; Vila Adyana)<\/span><\/p>\n<p><strong>Entrada gratuita<\/strong><\/p>\n<p>\u00a0<\/p>\n<p>\u00a0<\/p>\n<p>&#13;<br \/>\n                        <strong>MAIS NOT\u00cdCIAS<\/strong><br \/>&#13;<br \/>\n                        Secretaria de Esporte e Qualidade de Vida&#13;\n                    <\/p>\n<\/p><\/div>\n","protected":false},"excerpt":{"rendered":"<p>Lucas Lemes&#13; &#13; Secretaria de Esporte e Qualidade de Vida O per\u00edodo sem jogos deu mais tempo para o S\u00e3o<\/p>\n","protected":false},"author":2,"featured_media":0,"comment_status":"","ping_status":"","sticky":false,"template":"","format":"standard","meta":{"colormag_page_container_layout":"default_layout","colormag_page_sidebar_layout":"default_layout","footnotes":""},"categories":[1],"tags":[],"class_list":["post-34819","post","type-post","status-publish","format-standard","hentry","category-ejornais"],"aioseo_notices":[],"amp_enabled":true,"_links":{"self":[{"href":"https:\/\/ejornais.com.br\/index.php\/wp-json\/wp\/v2\/posts\/34819","targetHints":{"allow":["GET"]}}],"collection":[{"href":"https:\/\/ejornais.com.br\/index.php\/wp-json\/wp\/v2\/posts"}],"about":[{"href":"https:\/\/ejornais.com.br\/index.php\/wp-json\/wp\/v2\/types\/post"}],"author":[{"embeddable":true,"href":"https:\/\/ejornais.com.br\/index.php\/wp-json\/wp\/v2\/users\/2"}],"replies":[{"embeddable":true,"href":"https:\/\/ejornais.com.br\/index.php\/wp-json\/wp\/v2\/comments?post=34819"}],"version-history":[{"count":0,"href":"https:\/\/ejornais.com.br\/index.php\/wp-json\/wp\/v2\/posts\/34819\/revisions"}],"wp:attachment":[{"href":"https:\/\/ejornais.com.br\/index.php\/wp-json\/wp\/v2\/media?parent=34819"}],"wp:term":[{"taxonomy":"category","embeddable":true,"href":"https:\/\/ejornais.com.br\/index.php\/wp-json\/wp\/v2\/categories?post=34819"},{"taxonomy":"post_tag","embeddable":true,"href":"https:\/\/ejornais.com.br\/index.php\/wp-json\/wp\/v2\/tags?post=34819"}],"curies":[{"name":"wp","href":"https:\/\/api.w.org\/{rel}","templated":true}]}}