{"id":34964,"date":"2024-11-14T07:38:49","date_gmt":"2024-11-14T10:38:49","guid":{"rendered":"https:\/\/ejornais.com.br\/index.php\/2024\/11\/14\/carreta-da-saude-atende-servidores-da-seguranca-de-dourados-de-19-a-21-de-novembro-agencia-de-noticias-do-governo-de-mato-grosso-do-sul\/"},"modified":"2024-11-14T07:38:49","modified_gmt":"2024-11-14T10:38:49","slug":"carreta-da-saude-atende-servidores-da-seguranca-de-dourados-de-19-a-21-de-novembro-agencia-de-noticias-do-governo-de-mato-grosso-do-sul","status":"publish","type":"post","link":"https:\/\/ejornais.com.br\/index.php\/2024\/11\/14\/carreta-da-saude-atende-servidores-da-seguranca-de-dourados-de-19-a-21-de-novembro-agencia-de-noticias-do-governo-de-mato-grosso-do-sul\/","title":{"rendered":"Carreta da Sa\u00fade atende servidores da seguran\u00e7a de Dourados de 19 a 21 de novembro \u2013 Ag\u00eancia de Noticias do Governo de Mato Grosso do Sul"},"content":{"rendered":"<p><\/p>\n<div>\n<p>Com investimentos de R$ 9 milh\u00f5es, que inclui o custo de opera\u00e7\u00e3o do projeto, a Carreta da Sa\u00fade do Centro de Aten\u00e7\u00e3o Biopsicossocial da Sejusp dar\u00e1 in\u00edcio aos atendimentos dos servidores da seguran\u00e7a p\u00fablica, em Dourados, de 19 a 21 de novembro.<\/p>\n<p>Entre os servi\u00e7os ofertados na unidade m\u00f3vel, que conta com consult\u00f3rios totalmente equipados, est\u00e3o atendimentos oftalmol\u00f3gicos, inclusive com a distribui\u00e7\u00e3o de \u00f3culos, com fonoaudi\u00f3logos, com exames audiom\u00e9tricos e fornecimento de aparelhos auditivos se for necess\u00e1rio, com m\u00e9dicos generalistas e com psic\u00f3logos, que far\u00e3o atendimentos e din\u00e2micas em grupos.<\/p>\n<p>A a\u00e7\u00e3o integra o programa do Governo do Estado de valoriza\u00e7\u00e3o e aten\u00e7\u00e3o biopsicossocial aos servidores da seguran\u00e7a p\u00fablica e, todos os atendimentos, que acontecem de 8 horas \u00e0s 18h, em frente \u00e0 sede do DOF, em Dourados, s\u00e3o totalmente gratuitos.<\/p>\n<p>Nessa primeira etapa do programa ser\u00e3o atendidos os servidores da seguran\u00e7a p\u00fablica de Dourados e de outros 12 munic\u00edpios localizados na linha e faixa de fronteira, onde foi realizado um estudo pr\u00e9vio com 672 policiais e profissionais da seguran\u00e7a p\u00fablica, que comprovou a necessidade da realiza\u00e7\u00e3o de a\u00e7\u00f5es que aproximem esses servidores de programas voltados \u00e0 sa\u00fade.<\/p>\n<p>Johalnson Borges, de 56 anos, \u00e9 1\u00ba tenente da Pol\u00edcia Militar de Mato Grosso do Sul, onde por anos ficou na linha de frente, combatendo o crime. Alguns problemas de sa\u00fade, entre eles auditivos tirou o policial da rua e hoje ele atua no servi\u00e7o administrativo, na Coordenadoria de Avalia\u00e7\u00e3o e Aliena\u00e7\u00e3o de Ativos, na sede da Sejusp.<\/p>\n<p>Com d\u00e9ficit de audi\u00e7\u00e3o nos dois ouvidos, Borges, como \u00e9 conhecido, vai buscar a Carreta da Sa\u00fade para solucionar o problema. \u201cCada aparelho de audi\u00e7\u00e3o custa em m\u00e9dia 8 mil reais, o que acabaria comprometendo o meu or\u00e7amento e, ser beneficiado com esse programa vai me ajudar significativamente\u201d, acredita.<\/p>\n<div id=\"gallery-1\" class=\"gallery galleryid-496169 gallery-columns-2 gallery-size-large\">\n<figure class=\"gallery-item\">\n<div class=\"gallery-icon landscape\"><\/div>\n<\/figure>\n<figure class=\"gallery-item\">\n<div class=\"gallery-icon landscape\"><\/div>\n<\/figure><\/div>\n<p><strong>Mais sobre o programa<\/strong><\/p>\n<p>O programa do Governo do Estado de valoriza\u00e7\u00e3o dos servidores da seguran\u00e7a, com atendimentos m\u00e9dicos, odontol\u00f3gicos e psicol\u00f3gicos \u00e9 desenvolvido pela Secretaria de Justi\u00e7a e Seguran\u00e7a P\u00fablica (Sejusp), por meio do Centro de Aten\u00e7\u00e3o Biopsicossocial, que foi criado em maio de 2020, com o objetivo de oferecer apoio a todos os profissionais da seguran\u00e7a p\u00fablica, melhorando assim a qualidade de vida do servidor.<\/p>\n<p>Adquirida por meio de conv\u00eanio entre o Governo do Estado, via Sejusp e o Minist\u00e9rio da Justi\u00e7a e Seguran\u00e7a P\u00fablica, por meio da Secretaria Nacional de Seguran\u00e7a P\u00fablica e, com recursos do Fundo Nacional de Seguran\u00e7a P\u00fablica, a \u201cCarreta da Sa\u00fade\u201d est\u00e1 sendo operacionalizada gra\u00e7as a um conv\u00eanio firmado com a UFMS (Universidade Federal de Mato Grosso do Sul), que fornecer\u00e1 os insumos e os profissionais da sa\u00fade, respons\u00e1veis pelos atendimentos dos servidores.<\/p>\n<p>Com a entrega da Carreta da Sa\u00fade, no final de outubro, o Governo coloca em pr\u00e1tica as atividades, com a oferta, no munic\u00edpio onde o policial ou profissional da seguran\u00e7a p\u00fablica atua, de atendimentos m\u00e9dicos, odontol\u00f3gicos, oftalmol\u00f3gicos e psicol\u00f3gicos, que conforme levantamento realizado pela Sejusp, s\u00e3o os mais necess\u00e1rios.<\/p>\n<p>A primeira etapa do programa inclui atendimentos nos munic\u00edpios de Dourados, Caracol, Sete Quedas, Porto Murtinho, Corumb\u00e1, Japor\u00e3, Bela Vista, Ant\u00f4nio Jo\u00e3o, Mundo Novo, Ponta Por\u00e3, Aral Moreira, Coronel Sapucaia e Paranhos.<\/p>\n<div id=\"gallery-2\" class=\"gallery galleryid-496169 gallery-columns-2 gallery-size-large\">\n<figure class=\"gallery-item\">\n<div class=\"gallery-icon landscape\"><\/div>\n<\/figure>\n<figure class=\"gallery-item\">\n<div class=\"gallery-icon landscape\"><\/div>\n<\/figure><\/div>\n<p><strong>Solenidade<\/strong><\/p>\n<p>Na ter\u00e7a-feira, dia 19 de novembro, \u00e0s 9 horas da manh\u00e3, acontece a solenidade de in\u00edcio das atividades da Carreta da Sa\u00fade do CABS, em frente \u00e0 sede do DOF, em Dourados. O secret\u00e1rio de Estado de Justi\u00e7a e Seguran\u00e7a P\u00fablica, Antonio Carlos Videira estar\u00e1 presente no evento, juntamente com as equipes de m\u00e9dicos, odont\u00f3logos, fonoaudi\u00f3logos, psic\u00f3logos e do Centro de Aten\u00e7\u00e3o Biopsicossocial da Sejusp.<\/p>\n<p><em>Joelma Belchior, Comunica\u00e7\u00e3o Sejusp<\/em><\/p>\n<\/div>\n","protected":false},"excerpt":{"rendered":"<p>Com investimentos de R$ 9 milh\u00f5es, que inclui o custo de opera\u00e7\u00e3o do projeto, a Carreta da Sa\u00fade do Centro<\/p>\n","protected":false},"author":2,"featured_media":0,"comment_status":"","ping_status":"","sticky":false,"template":"","format":"standard","meta":{"colormag_page_container_layout":"default_layout","colormag_page_sidebar_layout":"default_layout","footnotes":""},"categories":[1],"tags":[],"class_list":["post-34964","post","type-post","status-publish","format-standard","hentry","category-ejornais"],"aioseo_notices":[],"amp_enabled":true,"_links":{"self":[{"href":"https:\/\/ejornais.com.br\/index.php\/wp-json\/wp\/v2\/posts\/34964","targetHints":{"allow":["GET"]}}],"collection":[{"href":"https:\/\/ejornais.com.br\/index.php\/wp-json\/wp\/v2\/posts"}],"about":[{"href":"https:\/\/ejornais.com.br\/index.php\/wp-json\/wp\/v2\/types\/post"}],"author":[{"embeddable":true,"href":"https:\/\/ejornais.com.br\/index.php\/wp-json\/wp\/v2\/users\/2"}],"replies":[{"embeddable":true,"href":"https:\/\/ejornais.com.br\/index.php\/wp-json\/wp\/v2\/comments?post=34964"}],"version-history":[{"count":0,"href":"https:\/\/ejornais.com.br\/index.php\/wp-json\/wp\/v2\/posts\/34964\/revisions"}],"wp:attachment":[{"href":"https:\/\/ejornais.com.br\/index.php\/wp-json\/wp\/v2\/media?parent=34964"}],"wp:term":[{"taxonomy":"category","embeddable":true,"href":"https:\/\/ejornais.com.br\/index.php\/wp-json\/wp\/v2\/categories?post=34964"},{"taxonomy":"post_tag","embeddable":true,"href":"https:\/\/ejornais.com.br\/index.php\/wp-json\/wp\/v2\/tags?post=34964"}],"curies":[{"name":"wp","href":"https:\/\/api.w.org\/{rel}","templated":true}]}}