{"id":35276,"date":"2024-11-20T11:25:49","date_gmt":"2024-11-20T14:25:49","guid":{"rendered":"https:\/\/ejornais.com.br\/index.php\/2024\/11\/20\/defesa-civil-realiza-acoes-educativas-em-escola-estadual\/"},"modified":"2024-11-20T11:25:49","modified_gmt":"2024-11-20T14:25:49","slug":"defesa-civil-realiza-acoes-educativas-em-escola-estadual","status":"publish","type":"post","link":"https:\/\/ejornais.com.br\/index.php\/2024\/11\/20\/defesa-civil-realiza-acoes-educativas-em-escola-estadual\/","title":{"rendered":"Defesa Civil realiza a\u00e7\u00f5es educativas em Escola Estadual"},"content":{"rendered":"<p><\/p>\n<div>\n<p><b>Paula Paz<\/b><br \/>&#13;<br \/>\n&#13;<br \/>\n                <span style=\"font-weight: bold;\">Secretaria de Prote\u00e7\u00e3o ao Cidad\u00e3o<\/span><\/p>\n<p><span style=\"font-weight: 400;\">Os alunos do ensino m\u00e9dio da Escola Estadual Professor Jorge Barbosa Moreira, localizada na regi\u00e3o norte de S\u00e3o Jos\u00e9 dos Campos, tiveram uma manh\u00e3 especial nesta segunda (18) e ter\u00e7a-feira (19). Eles participaram de atividades educativas promovidas pela Defesa Civil, que proporcionaram aprendizado sobre preven\u00e7\u00e3o e seguran\u00e7a em situa\u00e7\u00f5es de risco.<\/span><\/p>\n<p><span style=\"font-weight: 400;\">A iniciativa faz parte do <\/span>Programa Defesa Civil na Escola<span style=\"font-weight: 400;\">, e impactou cerca de 65 estudantes nesta edi\u00e7\u00e3o. O programa busca conscientizar os jovens sobre a import\u00e2ncia dos <\/span>N\u00facleos de Prote\u00e7\u00e3o e Defesa Civil (Nupdec)<span style=\"font-weight: 400;\">, destacando os riscos associados ao per\u00edodo de estiagem e chuvas intensas, al\u00e9m de refor\u00e7ar o papel da comunidade na preserva\u00e7\u00e3o do meio ambiente e na preven\u00e7\u00e3o de acidentes naturais.<\/span><span style=\"font-weight: 400;\"\/><\/p>\n<h3>O que s\u00e3o os Nupdec?<\/h3>\n<p><span style=\"font-weight: 400;\">Os N\u00facleos de Prote\u00e7\u00e3o e Defesa Civil s\u00e3o grupos formados por volunt\u00e1rios de comunidades localizadas em \u00e1reas de maior vulnerabilidade. Esses cidad\u00e3os colaboram em a\u00e7\u00f5es de preven\u00e7\u00e3o e resposta a situa\u00e7\u00f5es de emerg\u00eancia e calamidades em sua regi\u00e3o.<\/span><\/p>\n<p><span style=\"font-weight: 400;\">Um dos objetivos principais do programa \u00e9 transformar os alunos em multiplicadores do conhecimento, capacitando-os a compartilhar informa\u00e7\u00f5es com familiares, vizinhos e amigos, fortalecendo a cultura de preven\u00e7\u00e3o na comunidade.<\/span><\/p>\n<h3><span class=\"intertitulo\">Expans\u00e3o<\/span><\/h3>\n<p><span style=\"font-weight: 400;\">Para ampliar sua atua\u00e7\u00e3o preventiva e reduzir desastres com v\u00edtimas, a Defesa Civil municipal aumentou de 3 para 19 o n\u00famero de Nupdecs ativos na cidade. Esses n\u00facleos trabalham diretamente com a popula\u00e7\u00e3o, oferecendo capacita\u00e7\u00e3o e suporte para que os moradores estejam preparados para identificar sinais de perigo e agir de forma correta em situa\u00e7\u00f5es de risco.<\/span><\/p>\n<p><span style=\"font-weight: 400;\">A Defesa Civil segue investindo em educa\u00e7\u00e3o e engajamento comunit\u00e1rio, construindo uma cidade mais segura e resiliente.<\/span><\/p>\n<p>&#13;<br \/>\n                        <strong>MAIS NOT\u00cdCIAS<\/strong><br \/>&#13;<br \/>\n                        Secretaria de Prote\u00e7\u00e3o ao Cidad\u00e3o&#13;\n                    <\/p>\n<\/p><\/div>\n","protected":false},"excerpt":{"rendered":"<p>Paula Paz&#13; &#13; Secretaria de Prote\u00e7\u00e3o ao Cidad\u00e3o Os alunos do ensino m\u00e9dio da Escola Estadual Professor Jorge Barbosa Moreira,<\/p>\n","protected":false},"author":2,"featured_media":0,"comment_status":"","ping_status":"","sticky":false,"template":"","format":"standard","meta":{"colormag_page_container_layout":"default_layout","colormag_page_sidebar_layout":"default_layout","footnotes":""},"categories":[1],"tags":[],"class_list":["post-35276","post","type-post","status-publish","format-standard","hentry","category-ejornais"],"aioseo_notices":[],"amp_enabled":true,"_links":{"self":[{"href":"https:\/\/ejornais.com.br\/index.php\/wp-json\/wp\/v2\/posts\/35276","targetHints":{"allow":["GET"]}}],"collection":[{"href":"https:\/\/ejornais.com.br\/index.php\/wp-json\/wp\/v2\/posts"}],"about":[{"href":"https:\/\/ejornais.com.br\/index.php\/wp-json\/wp\/v2\/types\/post"}],"author":[{"embeddable":true,"href":"https:\/\/ejornais.com.br\/index.php\/wp-json\/wp\/v2\/users\/2"}],"replies":[{"embeddable":true,"href":"https:\/\/ejornais.com.br\/index.php\/wp-json\/wp\/v2\/comments?post=35276"}],"version-history":[{"count":0,"href":"https:\/\/ejornais.com.br\/index.php\/wp-json\/wp\/v2\/posts\/35276\/revisions"}],"wp:attachment":[{"href":"https:\/\/ejornais.com.br\/index.php\/wp-json\/wp\/v2\/media?parent=35276"}],"wp:term":[{"taxonomy":"category","embeddable":true,"href":"https:\/\/ejornais.com.br\/index.php\/wp-json\/wp\/v2\/categories?post=35276"},{"taxonomy":"post_tag","embeddable":true,"href":"https:\/\/ejornais.com.br\/index.php\/wp-json\/wp\/v2\/tags?post=35276"}],"curies":[{"name":"wp","href":"https:\/\/api.w.org\/{rel}","templated":true}]}}