{"id":35296,"date":"2024-11-21T05:41:29","date_gmt":"2024-11-21T08:41:29","guid":{"rendered":"https:\/\/ejornais.com.br\/index.php\/2024\/11\/21\/comunidade-quilombola-assistida-pela-prefeitura-comemora-dia-da-consciencia-negra-com-programacao-cultural\/"},"modified":"2024-11-21T05:41:29","modified_gmt":"2024-11-21T08:41:29","slug":"comunidade-quilombola-assistida-pela-prefeitura-comemora-dia-da-consciencia-negra-com-programacao-cultural","status":"publish","type":"post","link":"https:\/\/ejornais.com.br\/index.php\/2024\/11\/21\/comunidade-quilombola-assistida-pela-prefeitura-comemora-dia-da-consciencia-negra-com-programacao-cultural\/","title":{"rendered":"Comunidade Quilombola assistida pela Prefeitura comemora Dia da Consci\u00eancia Negra com programa\u00e7\u00e3o cultural"},"content":{"rendered":"<p><\/p>\n<div>\n<p>O Dia da Consci\u00eancia Negra, celebrado nesta quarta-feira, 20 de novembro, foi marcado por festa na Comunidade Quilombola de Paratibe, em uma programa\u00e7\u00e3o preparada especialmente pela Secretaria de Habita\u00e7\u00e3o Social de Jo\u00e3o Pessoa (Semhab), em parceria com a Associa\u00e7\u00e3o Beneficente das Comunidades Remanescentes de Quilombos dos Palmares (ABCRQ-JP). Teve artesanato, pintura, dan\u00e7a, apresenta\u00e7\u00f5es musicais, palestras e, acima de tudo, valoriza\u00e7\u00e3o da cultura afro e muito respeito \u00e0 luta de seus ancestrais.<\/p>\n<figure class=\"wp-block-gallery has-nested-images columns-default is-cropped wp-block-gallery-1 is-layout-flex wp-block-gallery-is-layout-flex\">\n<figure class=\"wp-block-image size-large\"><\/figure>\n<figure class=\"wp-block-image size-large\"><\/figure>\n<figure class=\"wp-block-image size-large\"><\/figure>\n<figure class=\"wp-block-image size-large\"><\/figure>\n<figure class=\"wp-block-image size-large\"><\/figure>\n<\/figure>\n<p>\u201cA Secretaria de Habita\u00e7\u00e3o trabalha com essa parte social, inclusiva, feita em parceria com a associa\u00e7\u00e3o. \u00c9 trabalho de gera\u00e7\u00e3o de emprego e renda com artesanato, educa\u00e7\u00e3o f\u00edsica, trabalho para idosos e deficientes, al\u00e9m da quest\u00e3o cultural, dentro da cultura dos quilombos\u201d, ressaltou Socorro Gadelha, secret\u00e1ria de Habita\u00e7\u00e3o.<\/p>\n<p>Este \u00e9 o primeiro ano que o Dia da Consci\u00eancia Negra passou a ser feriado nacional. Simony Teixeira, coordenadora do evento em Paratibe, celebrou as conquistas da comunidade, ressaltando a import\u00e2ncia da data comemorativa. \u201cA nossa comunidade \u00e9 um s\u00edmbolo de luta e resist\u00eancia por tudo que j\u00e1 resgatamos e constru\u00edmos. E no Dia da Consci\u00eancia Negra, vemos ainda mais forte a import\u00e2ncia de lutarmos juntos por um desenvolvimento social. Nossa comunidade sempre procurou benef\u00edcios, apoio social e nos mantivemos unidos em meio \u00e0s adversidades, mantendo viva a cultura dos nossos ancestrais, valorizando uns aos outros, fortalecendo a nossa identidade cultural\u201d, afirmou.<\/p>\n<p>Simony Teixeira explicou que no evento est\u00e1 apenas uma mostra de v\u00e1rios projetos que s\u00e3o desenvolvidos na comunidade. \u201cA exemplo do projeto de musicalidade, que hoje demos uma amostra com apresenta\u00e7\u00f5es em v\u00e1rios ritmos e com diferentes instrumentos musicais. Hoje contamos com cerca de 50 jovens participantes, inclusive crian\u00e7as autistas, que apresentam grande evolu\u00e7\u00e3o, sendo mais receptivas e socializando mais com as pessoas\u201d.<\/p>\n<figure class=\"wp-block-gallery has-nested-images columns-default is-cropped wp-block-gallery-2 is-layout-flex wp-block-gallery-is-layout-flex\">\n<figure class=\"wp-block-image size-large\"><\/figure>\n<figure class=\"wp-block-image size-large\"><\/figure>\n<figure class=\"wp-block-image size-large\"><\/figure>\n<figure class=\"wp-block-image size-large\"><\/figure>\n<figure class=\"wp-block-image size-large\"><\/figure>\n<\/figure>\n<p><strong>Oficina de pintura<\/strong> \u2013 Um dos destaques do evento comemorativo desta quarta-feira foi a oficina de pintura, ministrada pelo artista pl\u00e1stico pessoense Jorge Charles (@jorgecharles_). Os trabalhos estavam expostos e outros sendo pintados na hora pelos alunos. Na oficina est\u00e3o matriculados cerca de 30 pessoas, com idade a partir de 8 anos. \u201cEles interagem com a pintura em v\u00e1rios estilos e, posteriormente, podem pensar em trabalhar com tatuagem, pintura em tela, grafite ou restaura\u00e7\u00e3o\u201d, afirmou Jorge Charles.<\/p>\n<p>Entre os jovens artistas estava Fernando Severo, de 17 anos, que j\u00e1 sonha em trabalhar com tatuagem. \u201cSempre gostei de desenhar e com o professor orientando a gente sente que vai melhorando\u201d.<\/p>\n<p>Outro jovem artista, Nirraryson da Silva, de 15 anos, frequenta a oficina de pintura h\u00e1 um ano e j\u00e1 exibiu suas obras na exposi\u00e7\u00e3o. \u201cJ\u00e1 aprendi muita coisa. Misturar cores, pintar v\u00e1rios estilos. A arte pra mim me liga a minha ancestralidade. Eu gosto muito\u201d, disse.<\/p>\n<figure class=\"wp-block-gallery has-nested-images columns-default is-cropped wp-block-gallery-3 is-layout-flex wp-block-gallery-is-layout-flex\">\n<figure class=\"wp-block-image size-large\"><\/figure>\n<figure class=\"wp-block-image size-large\"><\/figure>\n<figure class=\"wp-block-image size-large\"><\/figure>\n<\/figure>\n<p><strong>Demais projetos<\/strong> \u2013 Todo esse trabalho realizado com os moradores da Comunidade Quilombola de Paratibe tamb\u00e9m conta com o apoio da Secretaria de Desenvolvimento Social (Sedes). \u201cTodo o trabalho \u00e9 voltado para a quest\u00e3o da forma\u00e7\u00e3o cidad\u00e3, onde focamos na economia solid\u00e1ria. N\u00f3s estamos desenvolvendo um projeto aqui em conjunto com todos que participam desse grupo, para que eles se organizem de forma solid\u00e1ria, para que a economia solid\u00e1ria seja um caminho de auto-sustenta\u00e7\u00e3o\u201d, explicou a secret\u00e1ria de Desenvolvimento Social, Norma Gouveia.<\/p>\n<p>Crian\u00e7as, jovens e adultos tamb\u00e9m participam das oficinas de artesanato, de valoriza\u00e7\u00e3o da cultura negra, atrav\u00e9s da maquiagem art\u00edstica, al\u00e9m da oficina da \u2018Rosas do Deserto\u2019. \u201cO trabalho com as \u2018Rosas do Deserto\u2019 fazemos com as crian\u00e7as e os adolescentes, com foco na import\u00e2ncia da planta\u00e7\u00e3o, do cultivo. Esse projeto existe h\u00e1 quatro anos e conta com 30 crian\u00e7as e adolescentes, al\u00e9m das m\u00e3es que tamb\u00e9m participam. Ali\u00e1s, a maior parte dos projetos conta com a participa\u00e7\u00e3o das m\u00e3es para estimular o conv\u00edvio com seus filhos\u201d, destacou Simony Teixeira.<\/p>\n<p>A coordenadora conta ainda que os adolescentes podem participar de mais de um projeto. \u201cNa Associa\u00e7\u00e3o, a gente abre espa\u00e7o para eles, para adquirirem o conhecimento em todas as oficinas. Al\u00e9m dessas que est\u00e3o hoje aqui no evento, temos computa\u00e7\u00e3o, tanto o b\u00e1sico quanto o avan\u00e7ado, como montar sua pr\u00f3pria empresa online, m\u00fasica, maquiagem para as mulheres negras, dan\u00e7as afro, teatro e encontros de fortalecimento de v\u00ednculos\u201d, informou.<\/p>\n<\/p><\/div>\n","protected":false},"excerpt":{"rendered":"<p>O Dia da Consci\u00eancia Negra, celebrado nesta quarta-feira, 20 de novembro, foi marcado por festa na Comunidade Quilombola de Paratibe,<\/p>\n","protected":false},"author":2,"featured_media":0,"comment_status":"","ping_status":"","sticky":false,"template":"","format":"standard","meta":{"colormag_page_container_layout":"default_layout","colormag_page_sidebar_layout":"default_layout","footnotes":""},"categories":[1],"tags":[],"class_list":["post-35296","post","type-post","status-publish","format-standard","hentry","category-ejornais"],"aioseo_notices":[],"amp_enabled":true,"_links":{"self":[{"href":"https:\/\/ejornais.com.br\/index.php\/wp-json\/wp\/v2\/posts\/35296","targetHints":{"allow":["GET"]}}],"collection":[{"href":"https:\/\/ejornais.com.br\/index.php\/wp-json\/wp\/v2\/posts"}],"about":[{"href":"https:\/\/ejornais.com.br\/index.php\/wp-json\/wp\/v2\/types\/post"}],"author":[{"embeddable":true,"href":"https:\/\/ejornais.com.br\/index.php\/wp-json\/wp\/v2\/users\/2"}],"replies":[{"embeddable":true,"href":"https:\/\/ejornais.com.br\/index.php\/wp-json\/wp\/v2\/comments?post=35296"}],"version-history":[{"count":0,"href":"https:\/\/ejornais.com.br\/index.php\/wp-json\/wp\/v2\/posts\/35296\/revisions"}],"wp:attachment":[{"href":"https:\/\/ejornais.com.br\/index.php\/wp-json\/wp\/v2\/media?parent=35296"}],"wp:term":[{"taxonomy":"category","embeddable":true,"href":"https:\/\/ejornais.com.br\/index.php\/wp-json\/wp\/v2\/categories?post=35296"},{"taxonomy":"post_tag","embeddable":true,"href":"https:\/\/ejornais.com.br\/index.php\/wp-json\/wp\/v2\/tags?post=35296"}],"curies":[{"name":"wp","href":"https:\/\/api.w.org\/{rel}","templated":true}]}}