{"id":35397,"date":"2024-11-22T18:46:32","date_gmt":"2024-11-22T21:46:32","guid":{"rendered":"https:\/\/ejornais.com.br\/index.php\/2024\/11\/22\/8a-expocampo-destaca-praticas-pedagogicas-de-alunos-das-escolas-do-campo-da-reme-cgnoticias\/"},"modified":"2024-11-22T18:46:32","modified_gmt":"2024-11-22T21:46:32","slug":"8a-expocampo-destaca-praticas-pedagogicas-de-alunos-das-escolas-do-campo-da-reme-cgnoticias","status":"publish","type":"post","link":"https:\/\/ejornais.com.br\/index.php\/2024\/11\/22\/8a-expocampo-destaca-praticas-pedagogicas-de-alunos-das-escolas-do-campo-da-reme-cgnoticias\/","title":{"rendered":"8\u00aa Expocampo destaca pr\u00e1ticas pedag\u00f3gicas de alunos das escolas do campo da REME \u2013 CGNot\u00edcias"},"content":{"rendered":"<p><\/p>\n<div>\n<p>A 8\u00aa Expocampo foi realizada na tarde desta sexta-feira (22), na sede do Sindicato Rural de Campo Grande, reunindo cerca de 250 alunos de seis das oito escolas do campo da Rede Municipal de Ensino (REME).<\/p>\n<p>Neste ano, o evento teve como tema central as pr\u00e1ticas pedag\u00f3gicas, com estandes que exibiram maquetes, melipon\u00e1rios, sabonetes feitos com ervas e plantas medicinais, doces artesanais da \u00e1rea rural, entre diversas outras apresenta\u00e7\u00f5es.<\/p>\n<p>De acordo com o secret\u00e1rio municipal de Educa\u00e7\u00e3o, Lucas Bitencourt, a Expocampo \u00e9 um encontro que une gera\u00e7\u00f5es. \u201cQueremos os alunos do campo no campo, e incentivamos isso por meio das pr\u00e1ticas desenvolvidas nas nossas escolas, potencializando a agricultura em Mato Grosso do Sul, no Brasil e em Campo Grande\u201d.<\/p>\n<p>Para o chefe da Divis\u00e3o de Pol\u00edticas Espec\u00edficas de Educa\u00e7\u00e3o, Felipe Augusto da Costa Souza, o evento \u00e9 uma oportunidade para os alunos mostrarem o trabalho desenvolvido ao longo do ano. \u201cNesta edi\u00e7\u00e3o, o tema escolhido foi pr\u00e1ticas pedag\u00f3gicas, ent\u00e3o, tudo o que foi produzido em sala de aula com os professores \u00e9 trazido para ser apresentado aqui\u201d, explicou.<\/p>\n<p>O vice-presidente do Sindicato Rural, Jos\u00e9 Eduardo Monreal, destacou a import\u00e2ncia de sediar a Expocampo. \u201c\u00c9 motivo de orgulho. Ficamos felizes ao ver jovens alunos que se dedicam a nos explicar com tanto amor e empenho tudo o que aprendem em sala de aula\u201d.<\/p>\n<p><strong>Alunos em Destaque<\/strong><\/p>\n<p>Rafael Pimentel, aluno do 7\u00ba ano da Escola Municipal Isauro Bento Nogueira, apresentou a exposi\u00e7\u00e3o sobre melipon\u00e1rios e demonstrou dom\u00ednio total do assunto. Ele estuda sobre abelhas e colmeias desde o ano passado. \u201cEu gosto de acompanhar todo o processo de como acontece a produ\u00e7\u00e3o do mel, \u00e9 muito interessante\u201d, afirmou.<\/p>\n<figure class=\"wp-block-image size-large\"><\/figure>\n<p>As alunas do 4\u00ba ano da Escola Municipal Leovegildo de Melo, Alice Gomes, Nathalia Giliade e Maria Luiza dos Santos, apresentaram o projeto Del\u00edcia das Mandiocas. \u201cA professora nos ensinou os benef\u00edcios da mandioca e o que \u00e9 poss\u00edvel produzir com ela. Fizemos p\u00e3es, bolos, biscoitos, tudo usando mandioca\u201d, explicaram entusiasmadas.<\/p>\n<figure class=\"wp-block-image size-large\"><figcaption class=\"wp-element-caption\">As alunas Alice, Nat e Maria. Foto: Divulga\u00e7\u00e3o\/Semed<\/figcaption><\/figure>\n<p>Ana Lia Teodoro, aluna do 7\u00ba ano da Escola Municipal Agr\u00edcola Bar\u00e3o do Rio Branco, confeccionou uma maquete sobre a cria\u00e7\u00e3o de su\u00ednos na escola e o manejo dos chiqueiros. \u201cNa maquete, dividimos certinho as matrizes, os reprodutores, o espa\u00e7o onde ficam e o que comem. Na nossa escola tem chiqueiros, e aprendemos as pr\u00e1ticas de cria\u00e7\u00e3o, o que \u00e9 muito interessante\u201d, relatou.<\/p>\n<figure class=\"wp-block-image size-large\"><\/figure>\n<p>J\u00e1 a aluna da Escola Municipal Darthesy Novaes Caminha, Helena Fenero, do 5\u00ba ano, apresentou o que aprendeu nas aulas sobre ervas medicinais. \u201cEstudamos temperos e economia. A professora comprou temperos para que conhec\u00eassemos de perto. Fizemos sal grosso, sal fino e tempero para churrasco. O mais legal \u00e9 que aprendemos tamb\u00e9m sobre contas e economia com essa atividade\u201d, destacou a aluna.<\/p>\n<p><em>#ParaTodosVerem A imagem de capa mostra a feira. A imagem interna \u00e9 do aluno Rafael. Seguindo para a imagem de Alice, Nat e Maria e depois foto da aluna Ana Lia.<\/em><\/p>\n<\/div>\n<p><script async defer async defer src=\"https:\/\/connect.facebook.net\/en_US\/sdk.js?ver=1#xfbml=1&amp;version=v3.2\" id=\"prefeitura-campogrande-script-facebook-sdk-js\"><\/script><\/p>\n","protected":false},"excerpt":{"rendered":"<p>A 8\u00aa Expocampo foi realizada na tarde desta sexta-feira (22), na sede do Sindicato Rural de Campo Grande, reunindo cerca<\/p>\n","protected":false},"author":2,"featured_media":0,"comment_status":"","ping_status":"","sticky":false,"template":"","format":"standard","meta":{"colormag_page_container_layout":"default_layout","colormag_page_sidebar_layout":"default_layout","footnotes":""},"categories":[1],"tags":[],"class_list":["post-35397","post","type-post","status-publish","format-standard","hentry","category-ejornais"],"aioseo_notices":[],"aioseo_head":"\n\t\t<!-- All in One SEO 5.0.1.1 - aioseo.com -->\n\t<meta name=\"description\" content=\"A 8\u00aa Expocampo foi realizada na tarde desta sexta-feira (22), na sede do Sindicato Rural de Campo Grande, reunindo cerca de 250 alunos de seis das oito escolas do campo da Rede Municipal de Ensino (REME). Neste ano, o evento teve como tema central as pr\u00e1ticas pedag\u00f3gicas, com estandes que exibiram maquetes, melipon\u00e1rios, sabonetes feitos\" \/>\n\t<meta name=\"robots\" content=\"max-image-preview:large\" \/>\n\t<meta name=\"author\" content=\"admin1\"\/>\n\t<link rel=\"canonical\" href=\"https:\/\/ejornais.com.br\/index.php\/2024\/11\/22\/8a-expocampo-destaca-praticas-pedagogicas-de-alunos-das-escolas-do-campo-da-reme-cgnoticias\/\" \/>\n\t<meta name=\"generator\" content=\"All in One SEO (AIOSEO) 5.0.1.1\" \/>\n\t\t<meta property=\"og:locale\" content=\"pt_BR\" \/>\n\t\t<meta property=\"og:site_name\" content=\"eJornais - Cat\u00e1logo de Jornais no mundo, Not\u00edcias, Blog e Esportes ao vivo\" \/>\n\t\t<meta property=\"og:type\" content=\"article\" \/>\n\t\t<meta property=\"og:title\" content=\"8\u00aa Expocampo destaca pr\u00e1ticas pedag\u00f3gicas de alunos das escolas do campo da REME \u2013 CGNot\u00edcias - eJornais\" \/>\n\t\t<meta property=\"og:description\" content=\"A 8\u00aa Expocampo foi realizada na tarde desta sexta-feira (22), na sede do Sindicato Rural de Campo Grande, reunindo cerca de 250 alunos de seis das oito escolas do campo da Rede Municipal de Ensino (REME). Neste ano, o evento teve como tema central as pr\u00e1ticas pedag\u00f3gicas, com estandes que exibiram maquetes, melipon\u00e1rios, sabonetes feitos\" \/>\n\t\t<meta property=\"og:url\" content=\"https:\/\/ejornais.com.br\/index.php\/2024\/11\/22\/8a-expocampo-destaca-praticas-pedagogicas-de-alunos-das-escolas-do-campo-da-reme-cgnoticias\/\" \/>\n\t\t<meta property=\"article:published_time\" content=\"2024-11-22T21:46:32+00:00\" \/>\n\t\t<meta property=\"article:modified_time\" content=\"2024-11-22T21:46:32+00:00\" \/>\n\t\t<meta name=\"twitter:card\" content=\"summary_large_image\" \/>\n\t\t<meta name=\"twitter:title\" content=\"8\u00aa Expocampo destaca pr\u00e1ticas pedag\u00f3gicas de alunos das escolas do campo da REME \u2013 CGNot\u00edcias - eJornais\" \/>\n\t\t<meta name=\"twitter:description\" content=\"A 8\u00aa Expocampo foi realizada na tarde desta sexta-feira (22), na sede do Sindicato Rural de Campo Grande, reunindo cerca de 250 alunos de seis das oito escolas do campo da Rede Municipal de Ensino (REME). Neste ano, o evento teve como tema central as pr\u00e1ticas pedag\u00f3gicas, com estandes que exibiram maquetes, melipon\u00e1rios, sabonetes feitos\" \/>\n\t\t<script type=\"application\/ld+json\" class=\"aioseo-schema\">\n\t\t\t{\"@context\":\"https:\\\/\\\/schema.org\",\"@graph\":[{\"@type\":\"BlogPosting\",\"@id\":\"https:\\\/\\\/ejornais.com.br\\\/index.php\\\/2024\\\/11\\\/22\\\/8a-expocampo-destaca-praticas-pedagogicas-de-alunos-das-escolas-do-campo-da-reme-cgnoticias\\\/#blogposting\",\"name\":\"8\\u00aa Expocampo destaca pr\\u00e1ticas pedag\\u00f3gicas de alunos das escolas do campo da REME \\u2013 CGNot\\u00edcias - eJornais\",\"headline\":\"8\\u00aa Expocampo destaca pr\\u00e1ticas pedag\\u00f3gicas de alunos das escolas do campo da REME \\u2013 CGNot\\u00edcias\",\"author\":{\"@id\":\"https:\\\/\\\/ejornais.com.br\\\/index.php\\\/author\\\/admin1\\\/#author\"},\"publisher\":{\"@id\":\"https:\\\/\\\/ejornais.com.br\\\/#organization\"},\"datePublished\":\"2024-11-22T18:46:32-03:00\",\"dateModified\":\"2024-11-22T18:46:32-03:00\",\"inLanguage\":\"pt-BR\",\"mainEntityOfPage\":{\"@id\":\"https:\\\/\\\/ejornais.com.br\\\/index.php\\\/2024\\\/11\\\/22\\\/8a-expocampo-destaca-praticas-pedagogicas-de-alunos-das-escolas-do-campo-da-reme-cgnoticias\\\/#webpage\"},\"isPartOf\":{\"@id\":\"https:\\\/\\\/ejornais.com.br\\\/index.php\\\/2024\\\/11\\\/22\\\/8a-expocampo-destaca-praticas-pedagogicas-de-alunos-das-escolas-do-campo-da-reme-cgnoticias\\\/#webpage\"},\"articleSection\":\"Cat\\u00e1logo de Jornais\"},{\"@type\":\"BreadcrumbList\",\"@id\":\"https:\\\/\\\/ejornais.com.br\\\/index.php\\\/2024\\\/11\\\/22\\\/8a-expocampo-destaca-praticas-pedagogicas-de-alunos-das-escolas-do-campo-da-reme-cgnoticias\\\/#breadcrumblist\",\"itemListElement\":[{\"@type\":\"ListItem\",\"@id\":\"https:\\\/\\\/ejornais.com.br#listItem\",\"position\":1,\"name\":\"In\\u00edcio\",\"item\":\"https:\\\/\\\/ejornais.com.br\",\"nextItem\":{\"@type\":\"ListItem\",\"@id\":\"https:\\\/\\\/ejornais.com.br\\\/index.php\\\/category\\\/ejornais\\\/#listItem\",\"name\":\"Cat\\u00e1logo de Jornais\"}},{\"@type\":\"ListItem\",\"@id\":\"https:\\\/\\\/ejornais.com.br\\\/index.php\\\/category\\\/ejornais\\\/#listItem\",\"position\":2,\"name\":\"Cat\\u00e1logo de Jornais\",\"item\":\"https:\\\/\\\/ejornais.com.br\\\/index.php\\\/category\\\/ejornais\\\/\",\"nextItem\":{\"@type\":\"ListItem\",\"@id\":\"https:\\\/\\\/ejornais.com.br\\\/index.php\\\/2024\\\/11\\\/22\\\/8a-expocampo-destaca-praticas-pedagogicas-de-alunos-das-escolas-do-campo-da-reme-cgnoticias\\\/#listItem\",\"name\":\"8\\u00aa Expocampo destaca pr\\u00e1ticas pedag\\u00f3gicas de alunos das escolas do campo da REME \\u2013 CGNot\\u00edcias\"},\"previousItem\":{\"@type\":\"ListItem\",\"@id\":\"https:\\\/\\\/ejornais.com.br#listItem\",\"name\":\"In\\u00edcio\"}},{\"@type\":\"ListItem\",\"@id\":\"https:\\\/\\\/ejornais.com.br\\\/index.php\\\/2024\\\/11\\\/22\\\/8a-expocampo-destaca-praticas-pedagogicas-de-alunos-das-escolas-do-campo-da-reme-cgnoticias\\\/#listItem\",\"position\":3,\"name\":\"8\\u00aa Expocampo destaca pr\\u00e1ticas pedag\\u00f3gicas de alunos das escolas do campo da REME \\u2013 CGNot\\u00edcias\",\"previousItem\":{\"@type\":\"ListItem\",\"@id\":\"https:\\\/\\\/ejornais.com.br\\\/index.php\\\/category\\\/ejornais\\\/#listItem\",\"name\":\"Cat\\u00e1logo de Jornais\"}}]},{\"@type\":\"Organization\",\"@id\":\"https:\\\/\\\/ejornais.com.br\\\/#organization\",\"name\":\"eJornais\",\"description\":\"Cat\\u00e1logo de Jornais no mundo, Not\\u00edcias, Blog e Esportes ao vivo\",\"url\":\"https:\\\/\\\/ejornais.com.br\\\/\"},{\"@type\":\"Person\",\"@id\":\"https:\\\/\\\/ejornais.com.br\\\/index.php\\\/author\\\/admin1\\\/#author\",\"url\":\"https:\\\/\\\/ejornais.com.br\\\/index.php\\\/author\\\/admin1\\\/\",\"name\":\"admin1\",\"image\":{\"@type\":\"ImageObject\",\"@id\":\"https:\\\/\\\/ejornais.com.br\\\/index.php\\\/2024\\\/11\\\/22\\\/8a-expocampo-destaca-praticas-pedagogicas-de-alunos-das-escolas-do-campo-da-reme-cgnoticias\\\/#authorImage\",\"url\":\"https:\\\/\\\/secure.gravatar.com\\\/avatar\\\/04084e6d73c042b8646e7c17b494073bf0ede3ea13c7105cfc45cbbbc28385a4?s=96&d=mm&r=g\",\"width\":96,\"height\":96,\"caption\":\"admin1\"}},{\"@type\":\"WebPage\",\"@id\":\"https:\\\/\\\/ejornais.com.br\\\/index.php\\\/2024\\\/11\\\/22\\\/8a-expocampo-destaca-praticas-pedagogicas-de-alunos-das-escolas-do-campo-da-reme-cgnoticias\\\/#webpage\",\"url\":\"https:\\\/\\\/ejornais.com.br\\\/index.php\\\/2024\\\/11\\\/22\\\/8a-expocampo-destaca-praticas-pedagogicas-de-alunos-das-escolas-do-campo-da-reme-cgnoticias\\\/\",\"name\":\"8\\u00aa Expocampo destaca pr\\u00e1ticas pedag\\u00f3gicas de alunos das escolas do campo da REME \\u2013 CGNot\\u00edcias - eJornais\",\"description\":\"A 8\\u00aa Expocampo foi realizada na tarde desta sexta-feira (22), na sede do Sindicato Rural de Campo Grande, reunindo cerca de 250 alunos de seis das oito escolas do campo da Rede Municipal de Ensino (REME). Neste ano, o evento teve como tema central as pr\\u00e1ticas pedag\\u00f3gicas, com estandes que exibiram maquetes, melipon\\u00e1rios, sabonetes feitos\",\"inLanguage\":\"pt-BR\",\"isPartOf\":{\"@id\":\"https:\\\/\\\/ejornais.com.br\\\/#website\"},\"breadcrumb\":{\"@id\":\"https:\\\/\\\/ejornais.com.br\\\/index.php\\\/2024\\\/11\\\/22\\\/8a-expocampo-destaca-praticas-pedagogicas-de-alunos-das-escolas-do-campo-da-reme-cgnoticias\\\/#breadcrumblist\"},\"author\":{\"@id\":\"https:\\\/\\\/ejornais.com.br\\\/index.php\\\/author\\\/admin1\\\/#author\"},\"creator\":{\"@id\":\"https:\\\/\\\/ejornais.com.br\\\/index.php\\\/author\\\/admin1\\\/#author\"},\"datePublished\":\"2024-11-22T18:46:32-03:00\",\"dateModified\":\"2024-11-22T18:46:32-03:00\"},{\"@type\":\"WebSite\",\"@id\":\"https:\\\/\\\/ejornais.com.br\\\/#website\",\"url\":\"https:\\\/\\\/ejornais.com.br\\\/\",\"name\":\"eJornais\",\"description\":\"Cat\\u00e1logo de Jornais no mundo, Not\\u00edcias, Blog e Esportes ao vivo\",\"inLanguage\":\"pt-BR\",\"publisher\":{\"@id\":\"https:\\\/\\\/ejornais.com.br\\\/#organization\"}}]}\n\t\t<\/script>\n\t\t<!-- All in One SEO -->\n\n","aioseo_head_json":{"title":"8\u00aa Expocampo destaca pr\u00e1ticas pedag\u00f3gicas de alunos das escolas do campo da REME \u2013 CGNot\u00edcias - eJornais","description":"A 8\u00aa Expocampo foi realizada na tarde desta sexta-feira (22), na sede do Sindicato Rural de Campo Grande, reunindo cerca de 250 alunos de seis das oito escolas do campo da Rede Municipal de Ensino (REME). Neste ano, o evento teve como tema central as pr\u00e1ticas pedag\u00f3gicas, com estandes que exibiram maquetes, melipon\u00e1rios, sabonetes feitos","canonical_url":"https:\/\/ejornais.com.br\/index.php\/2024\/11\/22\/8a-expocampo-destaca-praticas-pedagogicas-de-alunos-das-escolas-do-campo-da-reme-cgnoticias\/","robots":"max-image-preview:large","keywords":"","webmasterTools":{"miscellaneous":""},"schema":{"@context":"https:\/\/schema.org","@graph":[{"@type":"BlogPosting","@id":"https:\/\/ejornais.com.br\/index.php\/2024\/11\/22\/8a-expocampo-destaca-praticas-pedagogicas-de-alunos-das-escolas-do-campo-da-reme-cgnoticias\/#blogposting","name":"8\u00aa Expocampo destaca pr\u00e1ticas pedag\u00f3gicas de alunos das escolas do campo da REME \u2013 CGNot\u00edcias - eJornais","headline":"8\u00aa Expocampo destaca pr\u00e1ticas pedag\u00f3gicas de alunos das escolas do campo da REME \u2013 CGNot\u00edcias","author":{"@id":"https:\/\/ejornais.com.br\/index.php\/author\/admin1\/#author"},"publisher":{"@id":"https:\/\/ejornais.com.br\/#organization"},"datePublished":"2024-11-22T18:46:32-03:00","dateModified":"2024-11-22T18:46:32-03:00","inLanguage":"pt-BR","mainEntityOfPage":{"@id":"https:\/\/ejornais.com.br\/index.php\/2024\/11\/22\/8a-expocampo-destaca-praticas-pedagogicas-de-alunos-das-escolas-do-campo-da-reme-cgnoticias\/#webpage"},"isPartOf":{"@id":"https:\/\/ejornais.com.br\/index.php\/2024\/11\/22\/8a-expocampo-destaca-praticas-pedagogicas-de-alunos-das-escolas-do-campo-da-reme-cgnoticias\/#webpage"},"articleSection":"Cat\u00e1logo de Jornais"},{"@type":"BreadcrumbList","@id":"https:\/\/ejornais.com.br\/index.php\/2024\/11\/22\/8a-expocampo-destaca-praticas-pedagogicas-de-alunos-das-escolas-do-campo-da-reme-cgnoticias\/#breadcrumblist","itemListElement":[{"@type":"ListItem","@id":"https:\/\/ejornais.com.br#listItem","position":1,"name":"In\u00edcio","item":"https:\/\/ejornais.com.br","nextItem":{"@type":"ListItem","@id":"https:\/\/ejornais.com.br\/index.php\/category\/ejornais\/#listItem","name":"Cat\u00e1logo de Jornais"}},{"@type":"ListItem","@id":"https:\/\/ejornais.com.br\/index.php\/category\/ejornais\/#listItem","position":2,"name":"Cat\u00e1logo de Jornais","item":"https:\/\/ejornais.com.br\/index.php\/category\/ejornais\/","nextItem":{"@type":"ListItem","@id":"https:\/\/ejornais.com.br\/index.php\/2024\/11\/22\/8a-expocampo-destaca-praticas-pedagogicas-de-alunos-das-escolas-do-campo-da-reme-cgnoticias\/#listItem","name":"8\u00aa Expocampo destaca pr\u00e1ticas pedag\u00f3gicas de alunos das escolas do campo da REME \u2013 CGNot\u00edcias"},"previousItem":{"@type":"ListItem","@id":"https:\/\/ejornais.com.br#listItem","name":"In\u00edcio"}},{"@type":"ListItem","@id":"https:\/\/ejornais.com.br\/index.php\/2024\/11\/22\/8a-expocampo-destaca-praticas-pedagogicas-de-alunos-das-escolas-do-campo-da-reme-cgnoticias\/#listItem","position":3,"name":"8\u00aa Expocampo destaca pr\u00e1ticas pedag\u00f3gicas de alunos das escolas do campo da REME \u2013 CGNot\u00edcias","previousItem":{"@type":"ListItem","@id":"https:\/\/ejornais.com.br\/index.php\/category\/ejornais\/#listItem","name":"Cat\u00e1logo de Jornais"}}]},{"@type":"Organization","@id":"https:\/\/ejornais.com.br\/#organization","name":"eJornais","description":"Cat\u00e1logo de Jornais no mundo, Not\u00edcias, Blog e Esportes ao vivo","url":"https:\/\/ejornais.com.br\/"},{"@type":"Person","@id":"https:\/\/ejornais.com.br\/index.php\/author\/admin1\/#author","url":"https:\/\/ejornais.com.br\/index.php\/author\/admin1\/","name":"admin1","image":{"@type":"ImageObject","@id":"https:\/\/ejornais.com.br\/index.php\/2024\/11\/22\/8a-expocampo-destaca-praticas-pedagogicas-de-alunos-das-escolas-do-campo-da-reme-cgnoticias\/#authorImage","url":"https:\/\/secure.gravatar.com\/avatar\/04084e6d73c042b8646e7c17b494073bf0ede3ea13c7105cfc45cbbbc28385a4?s=96&d=mm&r=g","width":96,"height":96,"caption":"admin1"}},{"@type":"WebPage","@id":"https:\/\/ejornais.com.br\/index.php\/2024\/11\/22\/8a-expocampo-destaca-praticas-pedagogicas-de-alunos-das-escolas-do-campo-da-reme-cgnoticias\/#webpage","url":"https:\/\/ejornais.com.br\/index.php\/2024\/11\/22\/8a-expocampo-destaca-praticas-pedagogicas-de-alunos-das-escolas-do-campo-da-reme-cgnoticias\/","name":"8\u00aa Expocampo destaca pr\u00e1ticas pedag\u00f3gicas de alunos das escolas do campo da REME \u2013 CGNot\u00edcias - eJornais","description":"A 8\u00aa Expocampo foi realizada na tarde desta sexta-feira (22), na sede do Sindicato Rural de Campo Grande, reunindo cerca de 250 alunos de seis das oito escolas do campo da Rede Municipal de Ensino (REME). Neste ano, o evento teve como tema central as pr\u00e1ticas pedag\u00f3gicas, com estandes que exibiram maquetes, melipon\u00e1rios, sabonetes feitos","inLanguage":"pt-BR","isPartOf":{"@id":"https:\/\/ejornais.com.br\/#website"},"breadcrumb":{"@id":"https:\/\/ejornais.com.br\/index.php\/2024\/11\/22\/8a-expocampo-destaca-praticas-pedagogicas-de-alunos-das-escolas-do-campo-da-reme-cgnoticias\/#breadcrumblist"},"author":{"@id":"https:\/\/ejornais.com.br\/index.php\/author\/admin1\/#author"},"creator":{"@id":"https:\/\/ejornais.com.br\/index.php\/author\/admin1\/#author"},"datePublished":"2024-11-22T18:46:32-03:00","dateModified":"2024-11-22T18:46:32-03:00"},{"@type":"WebSite","@id":"https:\/\/ejornais.com.br\/#website","url":"https:\/\/ejornais.com.br\/","name":"eJornais","description":"Cat\u00e1logo de Jornais no mundo, Not\u00edcias, Blog e Esportes ao vivo","inLanguage":"pt-BR","publisher":{"@id":"https:\/\/ejornais.com.br\/#organization"}}]},"og:locale":"pt_BR","og:site_name":"eJornais - Cat\u00e1logo de Jornais no mundo, Not\u00edcias, Blog e Esportes ao vivo","og:type":"article","og:title":"8\u00aa Expocampo destaca pr\u00e1ticas pedag\u00f3gicas de alunos das escolas do campo da REME \u2013 CGNot\u00edcias - eJornais","og:description":"A 8\u00aa Expocampo foi realizada na tarde desta sexta-feira (22), na sede do Sindicato Rural de Campo Grande, reunindo cerca de 250 alunos de seis das oito escolas do campo da Rede Municipal de Ensino (REME). Neste ano, o evento teve como tema central as pr\u00e1ticas pedag\u00f3gicas, com estandes que exibiram maquetes, melipon\u00e1rios, sabonetes feitos","og:url":"https:\/\/ejornais.com.br\/index.php\/2024\/11\/22\/8a-expocampo-destaca-praticas-pedagogicas-de-alunos-das-escolas-do-campo-da-reme-cgnoticias\/","article:published_time":"2024-11-22T21:46:32+00:00","article:modified_time":"2024-11-22T21:46:32+00:00","twitter:card":"summary_large_image","twitter:title":"8\u00aa Expocampo destaca pr\u00e1ticas pedag\u00f3gicas de alunos das escolas do campo da REME \u2013 CGNot\u00edcias - eJornais","twitter:description":"A 8\u00aa Expocampo foi realizada na tarde desta sexta-feira (22), na sede do Sindicato Rural de Campo Grande, reunindo cerca de 250 alunos de seis das oito escolas do campo da Rede Municipal de Ensino (REME). Neste ano, o evento teve como tema central as pr\u00e1ticas pedag\u00f3gicas, com estandes que exibiram maquetes, melipon\u00e1rios, sabonetes feitos"},"aioseo_meta_data":{"post_id":"35397","title":null,"description":null,"keywords":null,"keyphrases":null,"primary_term":null,"canonical_url":null,"og_title":null,"og_description":null,"og_object_type":"default","og_image_type":"default","og_image_url":null,"og_image_width":null,"og_image_height":null,"og_image_custom_url":null,"og_image_custom_fields":null,"og_video":null,"og_custom_url":null,"og_article_section":null,"og_article_tags":null,"twitter_use_og":false,"twitter_card":"default","twitter_image_type":"default","twitter_image_url":null,"twitter_image_custom_url":null,"twitter_image_custom_fields":null,"twitter_title":null,"twitter_description":null,"schema":{"blockGraphs":[],"customGraphs":[],"default":{"data":{"Article":[],"Course":[],"Dataset":[],"FAQPage":[],"Movie":[],"Person":[],"Product":[],"ProductReview":[],"Car":[],"Recipe":[],"Service":[],"SoftwareApplication":[],"WebPage":[]},"graphName":"","isEnabled":true},"graphs":[]},"schema_type":"default","schema_type_options":null,"pillar_content":false,"robots_default":true,"robots_noindex":false,"robots_noarchive":false,"robots_nosnippet":false,"robots_nofollow":false,"robots_noimageindex":false,"robots_noodp":false,"robots_notranslate":false,"robots_max_snippet":null,"robots_max_videopreview":null,"robots_max_imagepreview":"large","priority":null,"frequency":null,"local_seo":null,"breadcrumb_settings":null,"limit_modified_date":false,"ai":null,"created":"2024-11-22 21:47:31","updated":"2025-06-06 04:42:44","seo_analyzer_scan_date":null,"focus_keyword":null,"additional_keywords":null,"truseo_locale":null},"aioseo_breadcrumb":"<div class=\"aioseo-breadcrumbs\"><span class=\"aioseo-breadcrumb\">\n\t\t\t<a href=\"https:\/\/ejornais.com.br\" title=\"In\u00edcio\">In\u00edcio<\/a>\n\t\t<\/span><span class=\"aioseo-breadcrumb-separator\">&raquo;<\/span><span class=\"aioseo-breadcrumb\">\n\t\t\t<a href=\"https:\/\/ejornais.com.br\/index.php\/category\/ejornais\/\" title=\"Cat\u00e1logo de Jornais\">Cat\u00e1logo de Jornais<\/a>\n\t\t<\/span><span class=\"aioseo-breadcrumb-separator\">&raquo;<\/span><span class=\"aioseo-breadcrumb\">\n\t\t\t8\u00aa Expocampo destaca pr\u00e1ticas pedag\u00f3gicas de alunos das escolas do campo da REME \u2013 CGNot\u00edcias\n\t\t<\/span><\/div>","aioseo_breadcrumb_json":[{"label":"In\u00edcio","link":"https:\/\/ejornais.com.br"},{"label":"Cat\u00e1logo de Jornais","link":"https:\/\/ejornais.com.br\/index.php\/category\/ejornais\/"},{"label":"8\u00aa Expocampo destaca pr\u00e1ticas pedag\u00f3gicas de alunos das escolas do campo da REME \u2013 CGNot\u00edcias","link":"https:\/\/ejornais.com.br\/index.php\/2024\/11\/22\/8a-expocampo-destaca-praticas-pedagogicas-de-alunos-das-escolas-do-campo-da-reme-cgnoticias\/"}],"amp_enabled":true,"_links":{"self":[{"href":"https:\/\/ejornais.com.br\/index.php\/wp-json\/wp\/v2\/posts\/35397","targetHints":{"allow":["GET"]}}],"collection":[{"href":"https:\/\/ejornais.com.br\/index.php\/wp-json\/wp\/v2\/posts"}],"about":[{"href":"https:\/\/ejornais.com.br\/index.php\/wp-json\/wp\/v2\/types\/post"}],"author":[{"embeddable":true,"href":"https:\/\/ejornais.com.br\/index.php\/wp-json\/wp\/v2\/users\/2"}],"replies":[{"embeddable":true,"href":"https:\/\/ejornais.com.br\/index.php\/wp-json\/wp\/v2\/comments?post=35397"}],"version-history":[{"count":0,"href":"https:\/\/ejornais.com.br\/index.php\/wp-json\/wp\/v2\/posts\/35397\/revisions"}],"wp:attachment":[{"href":"https:\/\/ejornais.com.br\/index.php\/wp-json\/wp\/v2\/media?parent=35397"}],"wp:term":[{"taxonomy":"category","embeddable":true,"href":"https:\/\/ejornais.com.br\/index.php\/wp-json\/wp\/v2\/categories?post=35397"},{"taxonomy":"post_tag","embeddable":true,"href":"https:\/\/ejornais.com.br\/index.php\/wp-json\/wp\/v2\/tags?post=35397"}],"curies":[{"name":"wp","href":"https:\/\/api.w.org\/{rel}","templated":true}]}}