{"id":35440,"date":"2024-11-23T08:15:35","date_gmt":"2024-11-23T11:15:35","guid":{"rendered":"https:\/\/ejornais.com.br\/index.php\/2024\/11\/23\/comlurb-inaugura-ecoponto-do-morro-dos-macacos-em-vila-isabel-prefeitura-da-cidade-do-rio-de-janeiro\/"},"modified":"2024-11-23T08:15:35","modified_gmt":"2024-11-23T11:15:35","slug":"comlurb-inaugura-ecoponto-do-morro-dos-macacos-em-vila-isabel-prefeitura-da-cidade-do-rio-de-janeiro","status":"publish","type":"post","link":"https:\/\/ejornais.com.br\/index.php\/2024\/11\/23\/comlurb-inaugura-ecoponto-do-morro-dos-macacos-em-vila-isabel-prefeitura-da-cidade-do-rio-de-janeiro\/","title":{"rendered":"Comlurb inaugura ecoponto do Morro dos Macacos, em Vila Isabel &#8211; Prefeitura da Cidade do Rio de Janeiro"},"content":{"rendered":"<p><\/p>\n<div id=\"main\">\n<div class=\"wrapper-breadcrumbs\" wp_automatic_readability=\"46.288258575198\">\n<div class=\"image-post\" wp_automatic_readability=\"35\">\n                     Comlurb inaugura o 15\u00ba ecoponto do ano, o do Morro dos Macacos, em Vila Isabel &#8211; Divulga\u00e7\u00e3o\/ Comlurb                  <\/div>\n<p>A Comlurb inaugurou, nesta sexta-feira (22\/11), o ecoponto Recanto do Trovador, para atender aos moradores do Morro dos Macacos, em Vila Isabel. Este \u00e9 o 15\u00ba ecoponto lan\u00e7ado este ano e o 60\u00ba desde o in\u00edcio da atual gest\u00e3o, em 2021. A nova unidade foi instalada na Rua Armando de Albuquerque s\/n\u00ba , no Parque Recanto do Trovador. O ecoponto conta uma caixa compactadora de 15 metros c\u00fabicos para receber res\u00edduos domiciliares e outras duas para entulho, galhadas e bens inserv\u00edveis.<\/p>\n<p>O presidente da Comlurb, Fl\u00e1vio Lopes, ressaltou a import\u00e2ncia do novo espa\u00e7o para os moradores do Morro dos Macacos:<\/p>\n<blockquote wp_automatic_readability=\"14\">\n<p>\u2013 Inauguramos hoje mais um importante ponto de descarte correto de res\u00edduos na cidade. Esse ecoponto vai trazer mais qualidade de vida para essa regi\u00e3o que conta com diversos equipamentos p\u00fablicos, como escolas, creches, cl\u00ednicas, abrigos, entre outros, e n\u00e3o pod\u00edamos aceitar que o lixo ficasse espalhado nas ruas \u2013 frisou Fl\u00e1vio Lopes.<\/p>\n<\/blockquote>\n<p>Os locais escolhidos para a instala\u00e7\u00e3o de ecopontos s\u00e3o especialmente comunidades e regi\u00f5es que registram mais \u00e1reas cr\u00edticas de descarte irregular. Os ecopontos ajudam na ordena\u00e7\u00e3o dos res\u00edduos e no controle de vetores, trazendo mais qualidade de vida aos moradores e melhoria da sa\u00fade p\u00fablica.<\/p>\n<p>O ecoponto contou com a parceria da Subprefeitura da Grande Tijuca. O subprefeito Filipe Quintans reafirmou a import\u00e2ncia do novo espa\u00e7o para os moradores daquela comunidade:<\/p>\n<blockquote wp_automatic_readability=\"8\">\n<p>\u2013 Esse ecoponto vai terminar com o descarte de lixo irregular nesta parte da comunidade. Um local totalmente novo e que vai trazer mais dignidade para os moradores dos Macacos. A Subprefeitura segue sempre atenta aos pedidos dos moradores para deixar uma Grande Tijuca cada vez melhor \u2013 afirmou Filipe Quintans.<\/p>\n<\/blockquote>\n<p>Os outros ecopontos lan\u00e7ados este ano foram: Recreio; Paim Pamplona, no Sampaio; Acari; Santo Amaro (primeiro ecoponto semi-enterrado), no Catete; Pav\u00e3o\/Pav\u00e3ozinho e Cantagalo, em Ipanema; Borda do Mato, no Graja\u00fa; Petrarca, em Padre Miguel; Barros Filho; Tribo e Guarabu, na Ilha do Governador; Vila Kennedy e Avenida Brasil, em Bangu; Santa Maria, na Taquara; Sert\u00e3o, no Anil; e Alem\u00e3o, no Complexo do Alem\u00e3o.<\/p>\n<p>             <!-- Compartilhe ---><\/p>\n<p>\t\t\t <!-- TAGS --><\/p>\n<section class=\"category-tags\">\n<div class=\"marcacao-category\">\n<article class=\"category-post\">\n<p>Categoria: <\/p>\n<\/article>\n<li>22 de novembro de 2024<\/li><\/div>\n<article class=\"tags\">\n\t\t\t\t\tMarca\u00e7\u00f5es: descarte de lixo ecopontos entulho lixo domiciliar Morro dos Macacos Subprefeitura da Grande Tijuca Zona Norte<br \/><\/article>\n<\/section>\n<p>            <!-- Mais Not&iacute;cias --><\/p>\n<p>\t\t<!-- Conte&uacute;do SIDEBAR --><\/p><\/div>\n<\/p><\/div>\n","protected":false},"excerpt":{"rendered":"<p>Comlurb inaugura o 15\u00ba ecoponto do ano, o do Morro dos Macacos, em Vila Isabel &#8211; Divulga\u00e7\u00e3o\/ Comlurb A Comlurb<\/p>\n","protected":false},"author":2,"featured_media":0,"comment_status":"","ping_status":"","sticky":false,"template":"","format":"standard","meta":{"colormag_page_container_layout":"default_layout","colormag_page_sidebar_layout":"default_layout","footnotes":""},"categories":[1],"tags":[],"class_list":["post-35440","post","type-post","status-publish","format-standard","hentry","category-ejornais"],"aioseo_notices":[],"amp_enabled":true,"_links":{"self":[{"href":"https:\/\/ejornais.com.br\/index.php\/wp-json\/wp\/v2\/posts\/35440","targetHints":{"allow":["GET"]}}],"collection":[{"href":"https:\/\/ejornais.com.br\/index.php\/wp-json\/wp\/v2\/posts"}],"about":[{"href":"https:\/\/ejornais.com.br\/index.php\/wp-json\/wp\/v2\/types\/post"}],"author":[{"embeddable":true,"href":"https:\/\/ejornais.com.br\/index.php\/wp-json\/wp\/v2\/users\/2"}],"replies":[{"embeddable":true,"href":"https:\/\/ejornais.com.br\/index.php\/wp-json\/wp\/v2\/comments?post=35440"}],"version-history":[{"count":0,"href":"https:\/\/ejornais.com.br\/index.php\/wp-json\/wp\/v2\/posts\/35440\/revisions"}],"wp:attachment":[{"href":"https:\/\/ejornais.com.br\/index.php\/wp-json\/wp\/v2\/media?parent=35440"}],"wp:term":[{"taxonomy":"category","embeddable":true,"href":"https:\/\/ejornais.com.br\/index.php\/wp-json\/wp\/v2\/categories?post=35440"},{"taxonomy":"post_tag","embeddable":true,"href":"https:\/\/ejornais.com.br\/index.php\/wp-json\/wp\/v2\/tags?post=35440"}],"curies":[{"name":"wp","href":"https:\/\/api.w.org\/{rel}","templated":true}]}}