{"id":35441,"date":"2024-11-23T08:49:47","date_gmt":"2024-11-23T11:49:47","guid":{"rendered":"https:\/\/ejornais.com.br\/index.php\/2024\/11\/23\/com-apoio-do-governo-de-ms-projeto-transcine-leva-cinema-ao-ar-livre-para-ribas-do-rio-pardo\/"},"modified":"2024-11-23T08:49:47","modified_gmt":"2024-11-23T11:49:47","slug":"com-apoio-do-governo-de-ms-projeto-transcine-leva-cinema-ao-ar-livre-para-ribas-do-rio-pardo","status":"publish","type":"post","link":"https:\/\/ejornais.com.br\/index.php\/2024\/11\/23\/com-apoio-do-governo-de-ms-projeto-transcine-leva-cinema-ao-ar-livre-para-ribas-do-rio-pardo\/","title":{"rendered":"Com apoio do Governo de MS, projeto TransCine leva cinema ao ar livre para Ribas do Rio Pardo"},"content":{"rendered":"<p><\/p>\n<div>\n<p>Com apoio do Governo de Mato Grosso do Sul, o projeto\u00a0<em>Vizinhan\u00e7a na Pra\u00e7a<\/em>, desenvolvido pelo coletivo TransCine \u2013 Cinema em Tr\u00e2nsito, segue levando o encantamento do cinema ao ar livre para diversas cidades do estado. Ap\u00f3s passar por Terenos, Nova Alvorada, Jaraguari e Rochedo, a iniciativa chega a Ribas do Rio Pardo neste s\u00e1bado (23), \u00e0s 19 horas, na Pra\u00e7a dos Ip\u00eas. O evento \u00e9 gratuito e tem classifica\u00e7\u00e3o livre.<\/p>\n<p>O projeto, financiado pela LPG (Lei Paulo Gustavo), resulta de uma parceria entre o Minist\u00e9rio da Cultura, o Governo Federal e o Governo do Estado de Mato Grosso do Sul, por meio da FCMS (Funda\u00e7\u00e3o de Cultura) e da Setesc (Secretaria de Estado de Turismo, Esporte e Cultura). O objetivo principal \u00e9 democratizar o acesso \u00e0 cultura cinematogr\u00e1fica em localidades que n\u00e3o contam com salas de cinema, promovendo uma experi\u00eancia inclusiva e acess\u00edvel.<\/p>\n<p>A programa\u00e7\u00e3o da noite contar\u00e1 com a exibi\u00e7\u00e3o de quatro curtas-metragens que refletem a diversidade cultural e social do estado:\u00a0<em>Esmalte no Alimento<\/em>, dirigido por S\u00e9rgio Carvalho;\u00a0<em>Na Minha \u00c9poca<\/em>, de Adilton Cassimiro, Brisa Azevedo e Giovane Alencar;\u00a0<em>Glenda<\/em>, produzido por Ricardo Trinca e Daniella Silveira; e\u00a0<em>Cena das Minas<\/em>, de Alicce Rodrigues. Al\u00e9m disso, o p\u00fablico poder\u00e1 desfrutar de pipoca gratuita, contar com int\u00e9rpretes de Libras e vivenciar o cinema em um ambiente acolhedor, refor\u00e7ando a proposta inclusiva do projeto.<\/p>\n<p>Mariana Sena, idealizadora do TransCine, ressalta a import\u00e2ncia da iniciativa.\u00a0\u201cO \u2018Vizinhan\u00e7a na Pra\u00e7a\u2019 foi pensado para democratizar o acesso ao cinema e levar a cultura para locais onde muitas vezes o p\u00fablico n\u00e3o tem essa oportunidade. Ver as pessoas se reunindo, vivendo o cinema como uma experi\u00eancia comunit\u00e1ria, \u00e9 o que d\u00e1 sentido ao nosso trabalho\u201d.<\/p>\n<p>Em Rochedo, a sess\u00e3o foi marcada por muita intera\u00e7\u00e3o e emo\u00e7\u00e3o. \u201cFoi muito especial para a cidade receber este projeto. Ter um cinema aqui na pra\u00e7a foi algo sensacional porque \u00e9 algo diferente, e que vai ficar na mem\u00f3ria das pessoas, em especial, das crian\u00e7as\u201d, afirma Marcos Larreia, secret\u00e1rio municipal de Cultura.<\/p>\n<p>O evento em Ribas do Rio Pardo \u00e9 mais uma etapa desse projeto que, al\u00e9m de promover a cultura, busca fortalecer os la\u00e7os comunit\u00e1rios e levar entretenimento de qualidade para a popula\u00e7\u00e3o. Para mais informa\u00e7\u00f5es sobre o projeto, acompanhe o Instagram da TransCine (@transcinecg).<\/p>\n<p><em>Karina Lima, Comunica\u00e7\u00e3o Setesc<\/em><br \/><em>*Com informa\u00e7\u00f5es da assessoria de imprensa do TransCine<\/em><br \/><em>Foto: divulga\u00e7\u00e3o<\/em><\/p>\n<\/div>\n<p><script async src=\"\/\/www.instagram.com\/embed.js\"><\/script><\/p>\n","protected":false},"excerpt":{"rendered":"<p>Com apoio do Governo de Mato Grosso do Sul, o projeto\u00a0Vizinhan\u00e7a na Pra\u00e7a, desenvolvido pelo coletivo TransCine \u2013 Cinema em<\/p>\n","protected":false},"author":2,"featured_media":0,"comment_status":"","ping_status":"","sticky":false,"template":"","format":"standard","meta":{"colormag_page_container_layout":"default_layout","colormag_page_sidebar_layout":"default_layout","footnotes":""},"categories":[1],"tags":[],"class_list":["post-35441","post","type-post","status-publish","format-standard","hentry","category-ejornais"],"aioseo_notices":[],"amp_enabled":true,"_links":{"self":[{"href":"https:\/\/ejornais.com.br\/index.php\/wp-json\/wp\/v2\/posts\/35441","targetHints":{"allow":["GET"]}}],"collection":[{"href":"https:\/\/ejornais.com.br\/index.php\/wp-json\/wp\/v2\/posts"}],"about":[{"href":"https:\/\/ejornais.com.br\/index.php\/wp-json\/wp\/v2\/types\/post"}],"author":[{"embeddable":true,"href":"https:\/\/ejornais.com.br\/index.php\/wp-json\/wp\/v2\/users\/2"}],"replies":[{"embeddable":true,"href":"https:\/\/ejornais.com.br\/index.php\/wp-json\/wp\/v2\/comments?post=35441"}],"version-history":[{"count":0,"href":"https:\/\/ejornais.com.br\/index.php\/wp-json\/wp\/v2\/posts\/35441\/revisions"}],"wp:attachment":[{"href":"https:\/\/ejornais.com.br\/index.php\/wp-json\/wp\/v2\/media?parent=35441"}],"wp:term":[{"taxonomy":"category","embeddable":true,"href":"https:\/\/ejornais.com.br\/index.php\/wp-json\/wp\/v2\/categories?post=35441"},{"taxonomy":"post_tag","embeddable":true,"href":"https:\/\/ejornais.com.br\/index.php\/wp-json\/wp\/v2\/tags?post=35441"}],"curies":[{"name":"wp","href":"https:\/\/api.w.org\/{rel}","templated":true}]}}