{"id":35448,"date":"2024-11-23T11:03:36","date_gmt":"2024-11-23T14:03:36","guid":{"rendered":"https:\/\/ejornais.com.br\/index.php\/2024\/11\/23\/encantada-comemora-1-ano-com-exposicao-feita-por-alunos\/"},"modified":"2024-11-23T11:03:36","modified_gmt":"2024-11-23T14:03:36","slug":"encantada-comemora-1-ano-com-exposicao-feita-por-alunos","status":"publish","type":"post","link":"https:\/\/ejornais.com.br\/index.php\/2024\/11\/23\/encantada-comemora-1-ano-com-exposicao-feita-por-alunos\/","title":{"rendered":"Encantada comemora 1 ano com exposi\u00e7\u00e3o feita por alunos"},"content":{"rendered":"<p><\/p>\n<div>\n<p><b>Lucas Brito<\/b><br \/>&#13;<br \/>\n&#13;<br \/>\n                <span style=\"font-weight: bold;\">Secretaria de Educa\u00e7\u00e3o e Cidadania<\/span><\/p>\n<p><em><span style=\"font-weight: 400;\">Colabora\u00e7\u00e3o do estagi\u00e1rio Rodrigo de Almeida<\/span><\/em><\/p>\n<p><span style=\"font-weight: 400;\">A Encantada &#8211; Casa de Santos Dumont completou 1 ano desde que foi aberta ao p\u00fablico nesta sexta-feira (22). Neste per\u00edodo, mais de 20.000 pessoas j\u00e1 conheceram a r\u00e9plica da resid\u00eancia original que foi o lar do pai da avia\u00e7\u00e3o em Petr\u00f3polis (RJ), entre 1918 e 1932.<\/span><\/p>\n<p><span style=\"font-weight: 400;\">Em comemora\u00e7\u00e3o ao anivers\u00e1rio, a Casa ganhou de presente uma exposi\u00e7\u00e3o feita por alunos do Cedin Maria Aparecida Segolin de Rezende, localizado no bairro Pinheirinho dos Palmares, regi\u00e3o sudeste da cidade.<\/span><\/p>\n<p><span style=\"font-weight: 400;\"><br \/><sub><em>14 Bis feito em papel\u00e3o pelas crian\u00e7as \u00e9 um dos destaques da exposi\u00e7\u00e3o | Foto: PMSJC<\/em><\/sub><\/span><\/p>\n<p><span style=\"font-weight: 400;\">A iniciativa partiu do interesse despertado nas crian\u00e7as do Pr\u00e9 II pela avia\u00e7\u00e3o, que come\u00e7ou com a curiosidade ao observarem avi\u00f5es sobrevoando a escola.<\/span><\/p>\n<p><span style=\"font-weight: 400;\">\u201cElas ficam muito animadas quando est\u00e3o brincando no parque e passa um avi\u00e3o, d\u00e3o tchau, vibram euf\u00f3ricas. E a\u00ed surgem perguntas como \u2018de onde v\u00eam os avi\u00f5es\u2019, \u2018como eles voam\u2019, e n\u00f3s exploramos isso em sala de aula ensinando sobre Santos Dumont\u201d, explica a professora Aline Fernanda.<\/span><\/p>\n<p><span style=\"font-weight: 400;\">De avi\u00f5es em papel at\u00e9 modelos de 14 Bis feitos em papel\u00e3o, os pequenos deram asas \u00e0 imagina\u00e7\u00e3o e confeccionaram os desenhos e objetos que comp\u00f5em a mostra, que ficar\u00e1 dispon\u00edvel para os visitantes at\u00e9 o dia 29 deste m\u00eas.<\/span><\/p>\n<p><span style=\"font-weight: 400;\">Os artistas e engenheiros mirins foram at\u00e9 a Encantada para ver em primeira m\u00e3o o resultado do projeto, e n\u00e3o esconderam a alegria.<\/span><\/p>\n<p><span style=\"font-weight: 400;\">\u201cFiquei muito feliz em ver meu desenho aqui. Espero que as pessoas gostem e achem bonito!\u201d, disse Kaue Miguel Pereira, de 5 anos.<\/span><\/p>\n<p><span style=\"font-weight: 400;\">\u201cA Casa \u00e9 muito bonita e agora est\u00e1 ainda mais com tudo isso que a gente trouxe pra ela\u201d, contou Evelyn de Oliveira, de 6 anos.<\/span><\/p>\n<p><span style=\"font-weight: 400;\"><br \/><sub><em>Kaue, Evelyn e a professora Aline | Foto: PMSJC<\/em><\/sub><\/span><\/p>\n<p><span class=\"intertitulo\">Sobre a Casa<\/span><\/p>\n<p><span style=\"font-weight: 400;\">Situada dentro do Parque Santos Dumont, na regi\u00e3o central da cidade, a Encantada foi realizada pela ABCAer em parceria com o DCTA e a Petrobras entre 2006 e 2012, sendo revitalizada pela Prefeitura em 2023 para receber a popula\u00e7\u00e3o.<\/span><\/p>\n<p><span style=\"font-weight: 400;\">Desde a fachada at\u00e9 o telhado, cada detalhe passou por restaura\u00e7\u00e3o e pintura para a preserva\u00e7\u00e3o do patrim\u00f4nio hist\u00f3rico e cultural.<\/span><\/p>\n<p><span style=\"font-weight: 400;\">O chal\u00e9, em estilo alpino, reflete a personalidade do pioneiro. No interior, \u00e9 poss\u00edvel encontrar um acervo que inclui o famoso chap\u00e9u Panam\u00e1, livros, cartas, fotografias e mobili\u00e1rio, muitos dos quais foram projetados pelo pr\u00f3prio Santos Dumont, al\u00e9m de inven\u00e7\u00f5es como o chuveiro no quarto de dormir e escadas cujos degraus t\u00eam a forma de raquetes.<\/span><\/p>\n<p><span style=\"font-weight: 400;\">O espa\u00e7o possibilita uma experi\u00eancia educativa e imersiva, repleta de descobertas e hist\u00f3rias, promovendo ainda atividades e oficinas para todas as idades.<\/span><\/p>\n<p><span style=\"font-weight: 400;\">Com entrada gratuita e visita monitorada, o funcionamento \u00e9 de ter\u00e7a a sexta-feira, das 8h30 \u00e0s 11h30 e das 13h30 \u00e0s 16h30. O endere\u00e7o do Parque Santos Dumont \u00e9 Rua Prudente Meireles de Morais, 1000, Vila Ady Anna. Mais informa\u00e7\u00f5es pelo telefone (12) 3912-3218.<\/span><\/p>\n<p>&#13;<br \/>\n                        <strong>MAIS NOT\u00cdCIAS<\/strong><br \/>&#13;<br \/>\n                        Secretaria de Educa\u00e7\u00e3o e Cidadania&#13;\n                    <\/p>\n<\/p><\/div>\n","protected":false},"excerpt":{"rendered":"<p>Lucas Brito&#13; &#13; Secretaria de Educa\u00e7\u00e3o e Cidadania Colabora\u00e7\u00e3o do estagi\u00e1rio Rodrigo de Almeida A Encantada &#8211; Casa de Santos<\/p>\n","protected":false},"author":2,"featured_media":0,"comment_status":"","ping_status":"","sticky":false,"template":"","format":"standard","meta":{"colormag_page_container_layout":"default_layout","colormag_page_sidebar_layout":"default_layout","footnotes":""},"categories":[1],"tags":[],"class_list":["post-35448","post","type-post","status-publish","format-standard","hentry","category-ejornais"],"aioseo_notices":[],"amp_enabled":true,"_links":{"self":[{"href":"https:\/\/ejornais.com.br\/index.php\/wp-json\/wp\/v2\/posts\/35448","targetHints":{"allow":["GET"]}}],"collection":[{"href":"https:\/\/ejornais.com.br\/index.php\/wp-json\/wp\/v2\/posts"}],"about":[{"href":"https:\/\/ejornais.com.br\/index.php\/wp-json\/wp\/v2\/types\/post"}],"author":[{"embeddable":true,"href":"https:\/\/ejornais.com.br\/index.php\/wp-json\/wp\/v2\/users\/2"}],"replies":[{"embeddable":true,"href":"https:\/\/ejornais.com.br\/index.php\/wp-json\/wp\/v2\/comments?post=35448"}],"version-history":[{"count":0,"href":"https:\/\/ejornais.com.br\/index.php\/wp-json\/wp\/v2\/posts\/35448\/revisions"}],"wp:attachment":[{"href":"https:\/\/ejornais.com.br\/index.php\/wp-json\/wp\/v2\/media?parent=35448"}],"wp:term":[{"taxonomy":"category","embeddable":true,"href":"https:\/\/ejornais.com.br\/index.php\/wp-json\/wp\/v2\/categories?post=35448"},{"taxonomy":"post_tag","embeddable":true,"href":"https:\/\/ejornais.com.br\/index.php\/wp-json\/wp\/v2\/tags?post=35448"}],"curies":[{"name":"wp","href":"https:\/\/api.w.org\/{rel}","templated":true}]}}