{"id":35542,"date":"2024-11-25T16:18:55","date_gmt":"2024-11-25T19:18:55","guid":{"rendered":"https:\/\/ejornais.com.br\/index.php\/2024\/11\/25\/semana-de-inovacao-tecnologia-e-agronegocio-comeca-nesta-terca-no-parktec-cg-inscricoes-ainda-estao-abertas-cgnoticias\/"},"modified":"2024-11-25T16:18:55","modified_gmt":"2024-11-25T19:18:55","slug":"semana-de-inovacao-tecnologia-e-agronegocio-comeca-nesta-terca-no-parktec-cg-inscricoes-ainda-estao-abertas-cgnoticias","status":"publish","type":"post","link":"https:\/\/ejornais.com.br\/index.php\/2024\/11\/25\/semana-de-inovacao-tecnologia-e-agronegocio-comeca-nesta-terca-no-parktec-cg-inscricoes-ainda-estao-abertas-cgnoticias\/","title":{"rendered":"Semana de Inova\u00e7\u00e3o, Tecnologia e Agroneg\u00f3cio come\u00e7a nesta ter\u00e7a no ParkTec-CG; inscri\u00e7\u00f5es ainda est\u00e3o abertas \u2013 CGNot\u00edcias"},"content":{"rendered":"<p><\/p>\n<div>\n<p>A Semana de Inova\u00e7\u00e3o, Tecnologia e Agroneg\u00f3cio ter\u00e1 in\u00edcio nesta ter\u00e7a-feira (26), no Parque Tecnol\u00f3gico de Campo Grande (ParkTec-CG). As inscri\u00e7\u00f5es seguem abertas, e os interessados ainda podem se inscrever para participar deste grande evento, que ocorrer\u00e1 at\u00e9 o dia 28 de novembro. A programa\u00e7\u00e3o reunir\u00e1 os principais agentes de tecnologia, representantes de empresas, institui\u00e7\u00f5es de ensino e gestores p\u00fablicos de todo o Brasil.<\/p>\n<p>O evento tem como objetivo discutir tend\u00eancias e apresentar solu\u00e7\u00f5es que fomentem o desenvolvimento econ\u00f4mico regional e impulsionem o ecossistema de inova\u00e7\u00e3o em Mato Grosso do Sul.<\/p>\n<p>Com programa\u00e7\u00e3o inteiramente gratuita e aberta ao p\u00fablico, as inscri\u00e7\u00f5es, obrigat\u00f3rias, podem ser realizadas pelo link:\u00a0https:\/\/www.sympla.com.br\/evento\/semana-da-inovacao-tecnologia-e-agronegocio\/2741224<\/p>\n<p>Para falar sobre as tend\u00eancias e inova\u00e7\u00f5es na agricultura do Brasil e do mundo, o diretor executivo adjunto da Confedera\u00e7\u00e3o Nacional da Agricultura (CNA), Matheus Ferreira, abre o ciclo de palestras nesta ter\u00e7a a partir das 18h30. Ele \u00e9 zootecnista pela Universidade Federal de Vi\u00e7osa (UFV), p\u00f3s-graduado em Gest\u00e3o do Agroneg\u00f3cio e tem vasta experi\u00eancia na condu\u00e7\u00e3o de projetos de desenvolvimento do setor rural.<\/p>\n<p>O diretor-presidente da Empresa Brasileira de Pesquisa e Inova\u00e7\u00e3o Industrial (Embrapii), \u00c1lvaro Prata, apresentar\u00e1 na sequ\u00eancia uma palestra sobre o cen\u00e1rio da inova\u00e7\u00e3o e as tend\u00eancias tecnol\u00f3gicas no Brasil. Prata, que integrou as discuss\u00f5es do grupo S20 no G20, destaca-se por sua atua\u00e7\u00e3o na lideran\u00e7a de debates em ci\u00eancia e inova\u00e7\u00e3o.<\/p>\n<p>O evento \u00e9 uma realiza\u00e7\u00e3o da Prefeitura de Campo Grande, por meio da Secretaria Municipal de Inova\u00e7\u00e3o, Desenvolvimento Econ\u00f4mico e Agroneg\u00f3cio (Sidagro), em parceria com o Parktec CG. Conta tamb\u00e9m com o apoio de institui\u00e7\u00f5es renomadas como Embrapii, Fundect, UFMS, UCDB e seu Programa de P\u00f3s-Gradua\u00e7\u00e3o em Desenvolvimento Local.<\/p>\n<p>A programa\u00e7\u00e3o possibilitar\u00e1 a troca de experi\u00eancias e a cria\u00e7\u00e3o de conex\u00f5es estrat\u00e9gicas entre profissionais, acad\u00eamicos, empres\u00e1rios e gestores p\u00fablicos. Al\u00e9m disso, os participantes poder\u00e3o acompanhar palestras e rodas de conversas sobre as tend\u00eancias do segmento, abordando temas como Cidades Inteligentes, Inova\u00e7\u00e3o Aberta, Capta\u00e7\u00e3o de Recursos, Fomento em Projetos de Inova\u00e7\u00e3o, Projetos MS, Rota Bioce\u00e2nica e GovTech.<\/p>\n<p>As atividades acontecer\u00e3o presencialmente no Parque Tecnol\u00f3gico de Campo Grande (Parktec CG), localizado na Avenida Rachid Neder, 760, bairro Monte Castelo.<\/p>\n<p><strong>Programa\u00e7\u00e3o Completa<br \/>26 de novembro<\/strong><\/p>\n<p>18h30 \u2013 19h00: Credenciamento<br \/>19h00 \u2013 19h15: Abertura oficial<br \/>19h15 \u2013 19h30: Solenidade com Universidades e Institui\u00e7\u00f5es parceiras<br \/>19h30 \u2013 20h00: Palestra: Confedera\u00e7\u00e3o da Agricultura do Brasil<br \/>Matheus Ferreira \u2013 Diretor Executivo Adjunto<br \/>20h00 \u2013 20h30: Palestra: Empresa Brasileira de Pesquisa e Inova\u00e7\u00e3o Industrial (Embrapii)<br \/>\u00c1lvaro Prata \u2013 Diretor-Presidente<br \/>20h30 \u2013 21h30: Coquetel<\/p>\n<p><strong>27 de novembro<\/strong><\/p>\n<p>08h30 \u2013 09h00: Credenciamento<br \/>09h00 \u2013 09h20: Potencializando Ambientes de Inova\u00e7\u00e3o<br \/>Ricardo Senna \u2013 Secret\u00e1rio Executivo da Semadesc<br \/>09h20 \u2013 09h40: Fomento \u00e0 Pesquisa Cient\u00edfica e Inova\u00e7\u00e3o em MS<br \/>Prof. Dr. Nalvo Franco \u2013 Diretor Cient\u00edfico da Fundect<br \/>09h40 \u2013 10h20: Coffee break<br \/>10h20 \u2013 12h00: Painel: Inova\u00e7\u00e3o Aberta e Capta\u00e7\u00e3o de Recursos<br \/>Casos Bayer, Nestl\u00e9 e outros<br \/>12h00 \u2013 14h00: Pausa para almo\u00e7o<br \/>14h00 \u2013 16h30: Pain\u00e9is sobre Cidades Inteligentes, Marco Legal e Startups<\/p>\n<p><strong>28 de novembro<\/strong><\/p>\n<p>08h30 \u2013 09h00: Credenciamento<br \/>09h00 \u2013 10h20: Palestras sobre Rota Bioce\u00e2nica e Conex\u00f5es Estrat\u00e9gicas<br \/>14h00 \u2013 16h30: Painel: Tecnologia e Agroneg\u00f3cio no Mato Grosso do Sul<\/p>\n<p><strong>Sobre o Parque Tecnol\u00f3gico de Campo Grande (Parktec CG)<\/strong><\/p>\n<p>Inaugurado em 2023 pela Prefeitura Municipal de Campo Grande, o Parktec CG \u00e9 um polo tecnol\u00f3gico que promove o desenvolvimento socioecon\u00f4mico da regi\u00e3o por meio de inova\u00e7\u00e3o, empreendedorismo e economia criativa. O espa\u00e7o oferece infraestrutura para projetos de acelera\u00e7\u00e3o, incuba\u00e7\u00e3o, eventos e treinamentos, sendo refer\u00eancia para empresas e institui\u00e7\u00f5es que buscam inovar.<\/p>\n<p>Endere\u00e7o: Avenida Rachid Neder, 760 \u2013 Monte Castelo, Campo Grande\/MS<br \/>Site: campogrande.ms.gov.br\/parkteccg<br \/>Redes sociais: @parkteccg<br \/>Contato: (67) 99638-1911 | contato@parkteccg.com.br<\/p>\n<p>#ParaTodosVerem <em>A imagem de capa mostra a fachada do ParkTec-CG<\/em>.<\/p>\n<\/div>\n<p><script async defer async defer src=\"https:\/\/connect.facebook.net\/en_US\/sdk.js?ver=1#xfbml=1&amp;version=v3.2\" id=\"prefeitura-campogrande-script-facebook-sdk-js\"><\/script><\/p>\n","protected":false},"excerpt":{"rendered":"<p>A Semana de Inova\u00e7\u00e3o, Tecnologia e Agroneg\u00f3cio ter\u00e1 in\u00edcio nesta ter\u00e7a-feira (26), no Parque Tecnol\u00f3gico de Campo Grande (ParkTec-CG). As<\/p>\n","protected":false},"author":2,"featured_media":0,"comment_status":"","ping_status":"","sticky":false,"template":"","format":"standard","meta":{"colormag_page_container_layout":"default_layout","colormag_page_sidebar_layout":"default_layout","footnotes":""},"categories":[1],"tags":[],"class_list":["post-35542","post","type-post","status-publish","format-standard","hentry","category-ejornais"],"aioseo_notices":[],"amp_enabled":true,"_links":{"self":[{"href":"https:\/\/ejornais.com.br\/index.php\/wp-json\/wp\/v2\/posts\/35542","targetHints":{"allow":["GET"]}}],"collection":[{"href":"https:\/\/ejornais.com.br\/index.php\/wp-json\/wp\/v2\/posts"}],"about":[{"href":"https:\/\/ejornais.com.br\/index.php\/wp-json\/wp\/v2\/types\/post"}],"author":[{"embeddable":true,"href":"https:\/\/ejornais.com.br\/index.php\/wp-json\/wp\/v2\/users\/2"}],"replies":[{"embeddable":true,"href":"https:\/\/ejornais.com.br\/index.php\/wp-json\/wp\/v2\/comments?post=35542"}],"version-history":[{"count":0,"href":"https:\/\/ejornais.com.br\/index.php\/wp-json\/wp\/v2\/posts\/35542\/revisions"}],"wp:attachment":[{"href":"https:\/\/ejornais.com.br\/index.php\/wp-json\/wp\/v2\/media?parent=35542"}],"wp:term":[{"taxonomy":"category","embeddable":true,"href":"https:\/\/ejornais.com.br\/index.php\/wp-json\/wp\/v2\/categories?post=35542"},{"taxonomy":"post_tag","embeddable":true,"href":"https:\/\/ejornais.com.br\/index.php\/wp-json\/wp\/v2\/tags?post=35542"}],"curies":[{"name":"wp","href":"https:\/\/api.w.org\/{rel}","templated":true}]}}