{"id":35583,"date":"2024-11-26T07:07:00","date_gmt":"2024-11-26T10:07:00","guid":{"rendered":"https:\/\/ejornais.com.br\/index.php\/2024\/11\/26\/programacao-do-25o-proler-segue-nesta-semana-com-oficinas-palestras-e-debates-agencia-de-noticias-do-governo-de-mato-grosso-do-sul\/"},"modified":"2024-11-26T07:07:00","modified_gmt":"2024-11-26T10:07:00","slug":"programacao-do-25o-proler-segue-nesta-semana-com-oficinas-palestras-e-debates-agencia-de-noticias-do-governo-de-mato-grosso-do-sul","status":"publish","type":"post","link":"https:\/\/ejornais.com.br\/index.php\/2024\/11\/26\/programacao-do-25o-proler-segue-nesta-semana-com-oficinas-palestras-e-debates-agencia-de-noticias-do-governo-de-mato-grosso-do-sul\/","title":{"rendered":"Programa\u00e7\u00e3o do 25\u00ba Proler segue nesta semana com oficinas, palestras e debates \u2013 Ag\u00eancia de Noticias do Governo de Mato Grosso do Sul"},"content":{"rendered":"<p><\/p>\n<div>\n<p>A 25\u00aa edi\u00e7\u00e3o do Encontro do Proler (Programa Nacional de Incentivo \u00e0 Leitura) continua nesta semana, oferecendo atividades gratuitas que conectam literatura e tecnologia e promovem reflex\u00f5es sobre o impacto da intelig\u00eancia artificial no universo da leitura e da escrita.<\/p>\n<p>Com o tema &#8216;Literatura, leitura e escrita em tempos de intelig\u00eancia artificial&#8217;, o evento segue at\u00e9 s\u00e1bado (30) em Campo Grande, com programa\u00e7\u00e3o na Biblioteca P\u00fablica Estadual Dr. Isa\u00edas Paim e no MIS (Museu da Imagem e do Som).<\/p>\n<p>Organizado pelo Governo de Mato Grosso do Sul, por meio da FCMS (Funda\u00e7\u00e3o de Cultura) e da Setesc (Secretaria de Estado de Turismo, Esporte e Cultura), em parceria com o Sistema Estadual de Bibliotecas, o Proler atrai um p\u00fablico diverso, incluindo professores, acad\u00eamicos, bibliotec\u00e1rios, escritores e amantes da literatura.<\/p>\n<p>Nesta semana, os destaques incluem o Clube de Leitura \u2013 P\u00e1gina 60, nesta segunda-feira (25), com media\u00e7\u00e3o de Carmem L\u00facia e a participa\u00e7\u00e3o de professoras aposentadas, promovendo momentos de leitura, debate e cria\u00e7\u00e3o liter\u00e1ria.<\/p>\n<p>Na ter\u00e7a-feira (26), o bate-papo &#8216;Vias do Infinito Ser e Outros Todos&#8217;, com os acad\u00eamicos Rubenio Marcelo e Henrique de Medeiros, discutir\u00e1 a literatura sul-mato-grossense e sua relev\u00e2ncia nos vestibulares locais.<\/p>\n<p>Na quarta-feira (27), a Oficina de Aldravias, ministrada por Iolete Moreira, ensinar\u00e1 aos participantes a criar poemas minimalistas. Encerrando a semana, no s\u00e1bado (30), a oficina \u201cDisse-me-Disse: Hist\u00f3rias Inventadas a Partir da Vida Alheia\u201d, conduzida por Febraro de Oliveira, incentivar\u00e1 os participantes a transformar fragmentos de hist\u00f3rias reais em narrativas criativas e instigantes.<\/p>\n<p>Todas as atividades s\u00e3o gratuitas.\u00a0<span style=\"color: #0000ff;\">Confira aqui<\/span>\u00a0todos os detalhes da programa\u00e7\u00e3o do 25\u00ba Proler. As inscri\u00e7\u00f5es para todas as oficinas e palestras podem ser feitas pelo\u00a0<span style=\"color: #0000ff;\">link<\/span>.<\/p>\n<p><em>Lucas Castro, Comunica\u00e7\u00e3o Setesc<br \/><\/em><em>Foto: Ricardo Gomes\/Setesc (arquivo)<\/em><\/p>\n<\/div>\n","protected":false},"excerpt":{"rendered":"<p>A 25\u00aa edi\u00e7\u00e3o do Encontro do Proler (Programa Nacional de Incentivo \u00e0 Leitura) continua nesta semana, oferecendo atividades gratuitas que<\/p>\n","protected":false},"author":2,"featured_media":0,"comment_status":"","ping_status":"","sticky":false,"template":"","format":"standard","meta":{"colormag_page_container_layout":"default_layout","colormag_page_sidebar_layout":"default_layout","footnotes":""},"categories":[1],"tags":[],"class_list":["post-35583","post","type-post","status-publish","format-standard","hentry","category-ejornais"],"aioseo_notices":[],"amp_enabled":true,"_links":{"self":[{"href":"https:\/\/ejornais.com.br\/index.php\/wp-json\/wp\/v2\/posts\/35583","targetHints":{"allow":["GET"]}}],"collection":[{"href":"https:\/\/ejornais.com.br\/index.php\/wp-json\/wp\/v2\/posts"}],"about":[{"href":"https:\/\/ejornais.com.br\/index.php\/wp-json\/wp\/v2\/types\/post"}],"author":[{"embeddable":true,"href":"https:\/\/ejornais.com.br\/index.php\/wp-json\/wp\/v2\/users\/2"}],"replies":[{"embeddable":true,"href":"https:\/\/ejornais.com.br\/index.php\/wp-json\/wp\/v2\/comments?post=35583"}],"version-history":[{"count":0,"href":"https:\/\/ejornais.com.br\/index.php\/wp-json\/wp\/v2\/posts\/35583\/revisions"}],"wp:attachment":[{"href":"https:\/\/ejornais.com.br\/index.php\/wp-json\/wp\/v2\/media?parent=35583"}],"wp:term":[{"taxonomy":"category","embeddable":true,"href":"https:\/\/ejornais.com.br\/index.php\/wp-json\/wp\/v2\/categories?post=35583"},{"taxonomy":"post_tag","embeddable":true,"href":"https:\/\/ejornais.com.br\/index.php\/wp-json\/wp\/v2\/tags?post=35583"}],"curies":[{"name":"wp","href":"https:\/\/api.w.org\/{rel}","templated":true}]}}