{"id":35596,"date":"2024-11-26T11:25:56","date_gmt":"2024-11-26T14:25:56","guid":{"rendered":"https:\/\/ejornais.com.br\/index.php\/2024\/11\/26\/cine-santana-exibe-estreia-de-curta-nesta-quarta-feira\/"},"modified":"2024-11-26T11:25:56","modified_gmt":"2024-11-26T14:25:56","slug":"cine-santana-exibe-estreia-de-curta-nesta-quarta-feira","status":"publish","type":"post","link":"https:\/\/ejornais.com.br\/index.php\/2024\/11\/26\/cine-santana-exibe-estreia-de-curta-nesta-quarta-feira\/","title":{"rendered":"Cine Santana exibe estreia de curta nesta quarta-feira"},"content":{"rendered":"<p><\/p>\n<div>\n<p><b>Jo\u00e3o Paulo Sardinha<\/b><br \/>&#13;<br \/>\n&#13;<br \/>\n                <span style=\"font-weight: bold;\">Funda\u00e7\u00e3o Cultural Cassiano Ricardo<\/span><\/p>\n<p><em>*Colaborou estagi\u00e1rio Vin\u00edcius Fr\u00f3es.<\/em><\/p>\n<p>O Cine Santana, na regi\u00e3o norte de S\u00e3o Jos\u00e9 dos Campos, recebe nesta quarta-feira (27), \u00e0s 19h30, a premi\u00e8re do filme Lobos e Cordeiros, com Jorge Julios e Marcos Oliveira, o Bei\u00e7ola da Grande Fam\u00edlia.<\/p>\n<p>A entrada \u00e9 gratuita, sem a necessidade de reservar ingressos. A classifica\u00e7\u00e3o indicativa \u00e9 para maiores de 16 anos.<\/p>\n<p>Com dire\u00e7\u00e3o de Daniel Skrip, o curta conta a hist\u00f3ria de Cido, que vive uma vida dupla. Uma, ao lado de sua esposa, e a outra, com sua amante.<\/p>\n<p>Durante seus devaneios e fantasias de grandeza, Cido acaba se aliando a um plano para se infiltrar em uma seita secreta.<\/p>\n<p><span class=\"intertitulo\">Servi\u00e7o<\/span><\/p>\n<p>Filme: Lobos e Cordeiros<br \/>Dia: 27\/11 (quarta-feira)<br \/>Hor\u00e1rio: 19h30<br \/>Gratuito<\/p>\n<p><strong>Cine Santana<br \/><\/strong>Endere\u00e7o:\u00a0Av. Rui Barbosa, 2005, Santana<br \/>Telefone:\u00a0(12) 3924-7306<br \/>E-mail:\u00a0csantana@fccr.sp.gov.br<\/p>\n<p>&#13;<br \/>\n                        <strong>MAIS NOT\u00cdCIAS<\/strong><br \/>&#13;<br \/>\n                        Funda\u00e7\u00e3o Cultural Cassiano Ricardo&#13;\n                    <\/p>\n<\/p><\/div>\n","protected":false},"excerpt":{"rendered":"<p>Jo\u00e3o Paulo Sardinha&#13; &#13; Funda\u00e7\u00e3o Cultural Cassiano Ricardo *Colaborou estagi\u00e1rio Vin\u00edcius Fr\u00f3es. O Cine Santana, na regi\u00e3o norte de S\u00e3o<\/p>\n","protected":false},"author":2,"featured_media":0,"comment_status":"","ping_status":"","sticky":false,"template":"","format":"standard","meta":{"colormag_page_container_layout":"default_layout","colormag_page_sidebar_layout":"default_layout","footnotes":""},"categories":[1],"tags":[],"class_list":["post-35596","post","type-post","status-publish","format-standard","hentry","category-ejornais"],"aioseo_notices":[],"amp_enabled":true,"_links":{"self":[{"href":"https:\/\/ejornais.com.br\/index.php\/wp-json\/wp\/v2\/posts\/35596","targetHints":{"allow":["GET"]}}],"collection":[{"href":"https:\/\/ejornais.com.br\/index.php\/wp-json\/wp\/v2\/posts"}],"about":[{"href":"https:\/\/ejornais.com.br\/index.php\/wp-json\/wp\/v2\/types\/post"}],"author":[{"embeddable":true,"href":"https:\/\/ejornais.com.br\/index.php\/wp-json\/wp\/v2\/users\/2"}],"replies":[{"embeddable":true,"href":"https:\/\/ejornais.com.br\/index.php\/wp-json\/wp\/v2\/comments?post=35596"}],"version-history":[{"count":0,"href":"https:\/\/ejornais.com.br\/index.php\/wp-json\/wp\/v2\/posts\/35596\/revisions"}],"wp:attachment":[{"href":"https:\/\/ejornais.com.br\/index.php\/wp-json\/wp\/v2\/media?parent=35596"}],"wp:term":[{"taxonomy":"category","embeddable":true,"href":"https:\/\/ejornais.com.br\/index.php\/wp-json\/wp\/v2\/categories?post=35596"},{"taxonomy":"post_tag","embeddable":true,"href":"https:\/\/ejornais.com.br\/index.php\/wp-json\/wp\/v2\/tags?post=35596"}],"curies":[{"name":"wp","href":"https:\/\/api.w.org\/{rel}","templated":true}]}}