{"id":35646,"date":"2024-11-27T06:25:46","date_gmt":"2024-11-27T09:25:46","guid":{"rendered":"https:\/\/ejornais.com.br\/index.php\/2024\/11\/27\/procon-atendera-consumidores-da-black-friday-na-praca-afonso-pena\/"},"modified":"2024-11-27T06:25:46","modified_gmt":"2024-11-27T09:25:46","slug":"procon-atendera-consumidores-da-black-friday-na-praca-afonso-pena","status":"publish","type":"post","link":"https:\/\/ejornais.com.br\/index.php\/2024\/11\/27\/procon-atendera-consumidores-da-black-friday-na-praca-afonso-pena\/","title":{"rendered":"Procon atender\u00e1 consumidores da Black Friday na Pra\u00e7a Afonso Pena"},"content":{"rendered":"<p><\/p>\n<div>\n<p><b>Cl\u00e1udio Ribeiro<\/b><br \/>&#13;<br \/>\n&#13;<br \/>\n                <span style=\"font-weight: bold;\">Secretaria de Assuntos Jur\u00eddicos<\/span><\/p>\n<p><span style=\"font-weight: 400;\">Para ampliar o servi\u00e7o aos consumidores de S\u00e3o Jos\u00e9 dos Campos na Black Friday, o Procon vai montar na sexta-feira (29) uma unidade m\u00f3vel na Pra\u00e7a Afonso Pena, no Centro. O objetivo \u00e9 intensificar a fiscaliza\u00e7\u00e3o e coibir eventuais pr\u00e1ticas abusivas das lojas, sejam elas f\u00edsicas ou virtuais.<\/span><\/p>\n<p><span style=\"font-weight: 400;\">Uma van estar\u00e1 estacionada na pra\u00e7a das 10h \u00e0s 16h. Quem passar por l\u00e1 poder\u00e1 receber esclarecimentos, tirar d\u00favidas e fazer a abertura de reclama\u00e7\u00e3o, se for o caso.<\/span><\/p>\n<p><span style=\"font-weight: 400;\">Ao lado do time local do \u00f3rg\u00e3o de defesa do consumidor, t\u00e9cnicos da Funda\u00e7\u00e3o Procon vir\u00e3o de S\u00e3o Paulo para refor\u00e7ar as orienta\u00e7\u00f5es \u00e0 popula\u00e7\u00e3o na data que se tornou tradicional para as promo\u00e7\u00f5es de vendas do com\u00e9rcio no mundo inteiro.<\/span><\/p>\n<p><span style=\"font-weight: 400;\">Al\u00e9m disso, a sede do Procon \u2013 Rua Paulo Set\u00fabal, 220, Jardim S\u00e3o Dimas \u2013 manter\u00e1 o atendimento ao p\u00fablico no hor\u00e1rio habitual, das 8h \u00e0s 17h. Mais informa\u00e7\u00f5es pelo telefone 151 ou 3909-1440 e na <\/span><span style=\"font-weight: 400;\">p\u00e1gina do \u00f3rg\u00e3o<\/span><span style=\"font-weight: 400;\"> no site da Prefeitura, onde \u00e9 poss\u00edvel consultar as <\/span><span style=\"font-weight: 400;\">principais dicas<\/span><span style=\"font-weight: 400;\"> sobre a Black Friday e fazer valer os direitos do consumidor.<\/span><\/p>\n<p>&#13;<br \/>\n                        <strong>MAIS NOT\u00cdCIAS<\/strong><br \/>&#13;<br \/>\n                        Secretaria de Assuntos Jur\u00eddicos&#13;\n                    <\/p>\n<\/p><\/div>\n","protected":false},"excerpt":{"rendered":"<p>Cl\u00e1udio Ribeiro&#13; &#13; Secretaria de Assuntos Jur\u00eddicos Para ampliar o servi\u00e7o aos consumidores de S\u00e3o Jos\u00e9 dos Campos na Black<\/p>\n","protected":false},"author":2,"featured_media":0,"comment_status":"","ping_status":"","sticky":false,"template":"","format":"standard","meta":{"colormag_page_container_layout":"default_layout","colormag_page_sidebar_layout":"default_layout","footnotes":""},"categories":[1],"tags":[],"class_list":["post-35646","post","type-post","status-publish","format-standard","hentry","category-ejornais"],"aioseo_notices":[],"aioseo_head":"\n\t\t<!-- All in One SEO 5.0.1.1 - aioseo.com -->\n\t<meta name=\"description\" content=\"Cl\u00e1udio Ribeiro Secretaria de Assuntos Jur\u00eddicos Para ampliar o servi\u00e7o aos consumidores de S\u00e3o Jos\u00e9 dos Campos na Black Friday, o Procon vai montar na sexta-feira (29) uma unidade m\u00f3vel na Pra\u00e7a Afonso Pena, no Centro. O objetivo \u00e9 intensificar a fiscaliza\u00e7\u00e3o e coibir eventuais pr\u00e1ticas abusivas das lojas, sejam elas f\u00edsicas ou virtuais.\" \/>\n\t<meta name=\"robots\" content=\"max-image-preview:large\" \/>\n\t<meta name=\"author\" content=\"admin1\"\/>\n\t<link rel=\"canonical\" href=\"https:\/\/ejornais.com.br\/index.php\/2024\/11\/27\/procon-atendera-consumidores-da-black-friday-na-praca-afonso-pena\/\" \/>\n\t<meta name=\"generator\" content=\"All in One SEO (AIOSEO) 5.0.1.1\" \/>\n\t\t<meta property=\"og:locale\" content=\"pt_BR\" \/>\n\t\t<meta property=\"og:site_name\" content=\"eJornais - Cat\u00e1logo de Jornais no mundo, Not\u00edcias, Blog e Esportes ao vivo\" \/>\n\t\t<meta property=\"og:type\" content=\"article\" \/>\n\t\t<meta property=\"og:title\" content=\"Procon atender\u00e1 consumidores da Black Friday na Pra\u00e7a Afonso Pena - eJornais\" \/>\n\t\t<meta property=\"og:description\" content=\"Cl\u00e1udio Ribeiro Secretaria de Assuntos Jur\u00eddicos Para ampliar o servi\u00e7o aos consumidores de S\u00e3o Jos\u00e9 dos Campos na Black Friday, o Procon vai montar na sexta-feira (29) uma unidade m\u00f3vel na Pra\u00e7a Afonso Pena, no Centro. O objetivo \u00e9 intensificar a fiscaliza\u00e7\u00e3o e coibir eventuais pr\u00e1ticas abusivas das lojas, sejam elas f\u00edsicas ou virtuais.\" \/>\n\t\t<meta property=\"og:url\" content=\"https:\/\/ejornais.com.br\/index.php\/2024\/11\/27\/procon-atendera-consumidores-da-black-friday-na-praca-afonso-pena\/\" \/>\n\t\t<meta property=\"article:published_time\" content=\"2024-11-27T09:25:46+00:00\" \/>\n\t\t<meta property=\"article:modified_time\" content=\"2024-11-27T09:25:46+00:00\" \/>\n\t\t<meta name=\"twitter:card\" content=\"summary_large_image\" \/>\n\t\t<meta name=\"twitter:title\" content=\"Procon atender\u00e1 consumidores da Black Friday na Pra\u00e7a Afonso Pena - eJornais\" \/>\n\t\t<meta name=\"twitter:description\" content=\"Cl\u00e1udio Ribeiro Secretaria de Assuntos Jur\u00eddicos Para ampliar o servi\u00e7o aos consumidores de S\u00e3o Jos\u00e9 dos Campos na Black Friday, o Procon vai montar na sexta-feira (29) uma unidade m\u00f3vel na Pra\u00e7a Afonso Pena, no Centro. O objetivo \u00e9 intensificar a fiscaliza\u00e7\u00e3o e coibir eventuais pr\u00e1ticas abusivas das lojas, sejam elas f\u00edsicas ou virtuais.\" \/>\n\t\t<script type=\"application\/ld+json\" class=\"aioseo-schema\">\n\t\t\t{\"@context\":\"https:\\\/\\\/schema.org\",\"@graph\":[{\"@type\":\"BlogPosting\",\"@id\":\"https:\\\/\\\/ejornais.com.br\\\/index.php\\\/2024\\\/11\\\/27\\\/procon-atendera-consumidores-da-black-friday-na-praca-afonso-pena\\\/#blogposting\",\"name\":\"Procon atender\\u00e1 consumidores da Black Friday na Pra\\u00e7a Afonso Pena - eJornais\",\"headline\":\"Procon atender\\u00e1 consumidores da Black Friday na Pra\\u00e7a Afonso Pena\",\"author\":{\"@id\":\"https:\\\/\\\/ejornais.com.br\\\/index.php\\\/author\\\/admin1\\\/#author\"},\"publisher\":{\"@id\":\"https:\\\/\\\/ejornais.com.br\\\/#organization\"},\"datePublished\":\"2024-11-27T06:25:46-03:00\",\"dateModified\":\"2024-11-27T06:25:46-03:00\",\"inLanguage\":\"pt-BR\",\"mainEntityOfPage\":{\"@id\":\"https:\\\/\\\/ejornais.com.br\\\/index.php\\\/2024\\\/11\\\/27\\\/procon-atendera-consumidores-da-black-friday-na-praca-afonso-pena\\\/#webpage\"},\"isPartOf\":{\"@id\":\"https:\\\/\\\/ejornais.com.br\\\/index.php\\\/2024\\\/11\\\/27\\\/procon-atendera-consumidores-da-black-friday-na-praca-afonso-pena\\\/#webpage\"},\"articleSection\":\"Cat\\u00e1logo de Jornais\"},{\"@type\":\"BreadcrumbList\",\"@id\":\"https:\\\/\\\/ejornais.com.br\\\/index.php\\\/2024\\\/11\\\/27\\\/procon-atendera-consumidores-da-black-friday-na-praca-afonso-pena\\\/#breadcrumblist\",\"itemListElement\":[{\"@type\":\"ListItem\",\"@id\":\"https:\\\/\\\/ejornais.com.br#listItem\",\"position\":1,\"name\":\"In\\u00edcio\",\"item\":\"https:\\\/\\\/ejornais.com.br\",\"nextItem\":{\"@type\":\"ListItem\",\"@id\":\"https:\\\/\\\/ejornais.com.br\\\/index.php\\\/category\\\/ejornais\\\/#listItem\",\"name\":\"Cat\\u00e1logo de Jornais\"}},{\"@type\":\"ListItem\",\"@id\":\"https:\\\/\\\/ejornais.com.br\\\/index.php\\\/category\\\/ejornais\\\/#listItem\",\"position\":2,\"name\":\"Cat\\u00e1logo de Jornais\",\"item\":\"https:\\\/\\\/ejornais.com.br\\\/index.php\\\/category\\\/ejornais\\\/\",\"nextItem\":{\"@type\":\"ListItem\",\"@id\":\"https:\\\/\\\/ejornais.com.br\\\/index.php\\\/2024\\\/11\\\/27\\\/procon-atendera-consumidores-da-black-friday-na-praca-afonso-pena\\\/#listItem\",\"name\":\"Procon atender\\u00e1 consumidores da Black Friday na Pra\\u00e7a Afonso Pena\"},\"previousItem\":{\"@type\":\"ListItem\",\"@id\":\"https:\\\/\\\/ejornais.com.br#listItem\",\"name\":\"In\\u00edcio\"}},{\"@type\":\"ListItem\",\"@id\":\"https:\\\/\\\/ejornais.com.br\\\/index.php\\\/2024\\\/11\\\/27\\\/procon-atendera-consumidores-da-black-friday-na-praca-afonso-pena\\\/#listItem\",\"position\":3,\"name\":\"Procon atender\\u00e1 consumidores da Black Friday na Pra\\u00e7a Afonso Pena\",\"previousItem\":{\"@type\":\"ListItem\",\"@id\":\"https:\\\/\\\/ejornais.com.br\\\/index.php\\\/category\\\/ejornais\\\/#listItem\",\"name\":\"Cat\\u00e1logo de Jornais\"}}]},{\"@type\":\"Organization\",\"@id\":\"https:\\\/\\\/ejornais.com.br\\\/#organization\",\"name\":\"eJornais\",\"description\":\"Cat\\u00e1logo de Jornais no mundo, Not\\u00edcias, Blog e Esportes ao vivo\",\"url\":\"https:\\\/\\\/ejornais.com.br\\\/\"},{\"@type\":\"Person\",\"@id\":\"https:\\\/\\\/ejornais.com.br\\\/index.php\\\/author\\\/admin1\\\/#author\",\"url\":\"https:\\\/\\\/ejornais.com.br\\\/index.php\\\/author\\\/admin1\\\/\",\"name\":\"admin1\",\"image\":{\"@type\":\"ImageObject\",\"@id\":\"https:\\\/\\\/ejornais.com.br\\\/index.php\\\/2024\\\/11\\\/27\\\/procon-atendera-consumidores-da-black-friday-na-praca-afonso-pena\\\/#authorImage\",\"url\":\"https:\\\/\\\/secure.gravatar.com\\\/avatar\\\/04084e6d73c042b8646e7c17b494073bf0ede3ea13c7105cfc45cbbbc28385a4?s=96&d=mm&r=g\",\"width\":96,\"height\":96,\"caption\":\"admin1\"}},{\"@type\":\"WebPage\",\"@id\":\"https:\\\/\\\/ejornais.com.br\\\/index.php\\\/2024\\\/11\\\/27\\\/procon-atendera-consumidores-da-black-friday-na-praca-afonso-pena\\\/#webpage\",\"url\":\"https:\\\/\\\/ejornais.com.br\\\/index.php\\\/2024\\\/11\\\/27\\\/procon-atendera-consumidores-da-black-friday-na-praca-afonso-pena\\\/\",\"name\":\"Procon atender\\u00e1 consumidores da Black Friday na Pra\\u00e7a Afonso Pena - eJornais\",\"description\":\"Cl\\u00e1udio Ribeiro Secretaria de Assuntos Jur\\u00eddicos Para ampliar o servi\\u00e7o aos consumidores de S\\u00e3o Jos\\u00e9 dos Campos na Black Friday, o Procon vai montar na sexta-feira (29) uma unidade m\\u00f3vel na Pra\\u00e7a Afonso Pena, no Centro. O objetivo \\u00e9 intensificar a fiscaliza\\u00e7\\u00e3o e coibir eventuais pr\\u00e1ticas abusivas das lojas, sejam elas f\\u00edsicas ou virtuais.\",\"inLanguage\":\"pt-BR\",\"isPartOf\":{\"@id\":\"https:\\\/\\\/ejornais.com.br\\\/#website\"},\"breadcrumb\":{\"@id\":\"https:\\\/\\\/ejornais.com.br\\\/index.php\\\/2024\\\/11\\\/27\\\/procon-atendera-consumidores-da-black-friday-na-praca-afonso-pena\\\/#breadcrumblist\"},\"author\":{\"@id\":\"https:\\\/\\\/ejornais.com.br\\\/index.php\\\/author\\\/admin1\\\/#author\"},\"creator\":{\"@id\":\"https:\\\/\\\/ejornais.com.br\\\/index.php\\\/author\\\/admin1\\\/#author\"},\"datePublished\":\"2024-11-27T06:25:46-03:00\",\"dateModified\":\"2024-11-27T06:25:46-03:00\"},{\"@type\":\"WebSite\",\"@id\":\"https:\\\/\\\/ejornais.com.br\\\/#website\",\"url\":\"https:\\\/\\\/ejornais.com.br\\\/\",\"name\":\"eJornais\",\"description\":\"Cat\\u00e1logo de Jornais no mundo, Not\\u00edcias, Blog e Esportes ao vivo\",\"inLanguage\":\"pt-BR\",\"publisher\":{\"@id\":\"https:\\\/\\\/ejornais.com.br\\\/#organization\"}}]}\n\t\t<\/script>\n\t\t<!-- All in One SEO -->\n\n","aioseo_head_json":{"title":"Procon atender\u00e1 consumidores da Black Friday na Pra\u00e7a Afonso Pena - eJornais","description":"Cl\u00e1udio Ribeiro Secretaria de Assuntos Jur\u00eddicos Para ampliar o servi\u00e7o aos consumidores de S\u00e3o Jos\u00e9 dos Campos na Black Friday, o Procon vai montar na sexta-feira (29) uma unidade m\u00f3vel na Pra\u00e7a Afonso Pena, no Centro. O objetivo \u00e9 intensificar a fiscaliza\u00e7\u00e3o e coibir eventuais pr\u00e1ticas abusivas das lojas, sejam elas f\u00edsicas ou virtuais.","canonical_url":"https:\/\/ejornais.com.br\/index.php\/2024\/11\/27\/procon-atendera-consumidores-da-black-friday-na-praca-afonso-pena\/","robots":"max-image-preview:large","keywords":"","webmasterTools":{"miscellaneous":""},"schema":{"@context":"https:\/\/schema.org","@graph":[{"@type":"BlogPosting","@id":"https:\/\/ejornais.com.br\/index.php\/2024\/11\/27\/procon-atendera-consumidores-da-black-friday-na-praca-afonso-pena\/#blogposting","name":"Procon atender\u00e1 consumidores da Black Friday na Pra\u00e7a Afonso Pena - eJornais","headline":"Procon atender\u00e1 consumidores da Black Friday na Pra\u00e7a Afonso Pena","author":{"@id":"https:\/\/ejornais.com.br\/index.php\/author\/admin1\/#author"},"publisher":{"@id":"https:\/\/ejornais.com.br\/#organization"},"datePublished":"2024-11-27T06:25:46-03:00","dateModified":"2024-11-27T06:25:46-03:00","inLanguage":"pt-BR","mainEntityOfPage":{"@id":"https:\/\/ejornais.com.br\/index.php\/2024\/11\/27\/procon-atendera-consumidores-da-black-friday-na-praca-afonso-pena\/#webpage"},"isPartOf":{"@id":"https:\/\/ejornais.com.br\/index.php\/2024\/11\/27\/procon-atendera-consumidores-da-black-friday-na-praca-afonso-pena\/#webpage"},"articleSection":"Cat\u00e1logo de Jornais"},{"@type":"BreadcrumbList","@id":"https:\/\/ejornais.com.br\/index.php\/2024\/11\/27\/procon-atendera-consumidores-da-black-friday-na-praca-afonso-pena\/#breadcrumblist","itemListElement":[{"@type":"ListItem","@id":"https:\/\/ejornais.com.br#listItem","position":1,"name":"In\u00edcio","item":"https:\/\/ejornais.com.br","nextItem":{"@type":"ListItem","@id":"https:\/\/ejornais.com.br\/index.php\/category\/ejornais\/#listItem","name":"Cat\u00e1logo de Jornais"}},{"@type":"ListItem","@id":"https:\/\/ejornais.com.br\/index.php\/category\/ejornais\/#listItem","position":2,"name":"Cat\u00e1logo de Jornais","item":"https:\/\/ejornais.com.br\/index.php\/category\/ejornais\/","nextItem":{"@type":"ListItem","@id":"https:\/\/ejornais.com.br\/index.php\/2024\/11\/27\/procon-atendera-consumidores-da-black-friday-na-praca-afonso-pena\/#listItem","name":"Procon atender\u00e1 consumidores da Black Friday na Pra\u00e7a Afonso Pena"},"previousItem":{"@type":"ListItem","@id":"https:\/\/ejornais.com.br#listItem","name":"In\u00edcio"}},{"@type":"ListItem","@id":"https:\/\/ejornais.com.br\/index.php\/2024\/11\/27\/procon-atendera-consumidores-da-black-friday-na-praca-afonso-pena\/#listItem","position":3,"name":"Procon atender\u00e1 consumidores da Black Friday na Pra\u00e7a Afonso Pena","previousItem":{"@type":"ListItem","@id":"https:\/\/ejornais.com.br\/index.php\/category\/ejornais\/#listItem","name":"Cat\u00e1logo de Jornais"}}]},{"@type":"Organization","@id":"https:\/\/ejornais.com.br\/#organization","name":"eJornais","description":"Cat\u00e1logo de Jornais no mundo, Not\u00edcias, Blog e Esportes ao vivo","url":"https:\/\/ejornais.com.br\/"},{"@type":"Person","@id":"https:\/\/ejornais.com.br\/index.php\/author\/admin1\/#author","url":"https:\/\/ejornais.com.br\/index.php\/author\/admin1\/","name":"admin1","image":{"@type":"ImageObject","@id":"https:\/\/ejornais.com.br\/index.php\/2024\/11\/27\/procon-atendera-consumidores-da-black-friday-na-praca-afonso-pena\/#authorImage","url":"https:\/\/secure.gravatar.com\/avatar\/04084e6d73c042b8646e7c17b494073bf0ede3ea13c7105cfc45cbbbc28385a4?s=96&d=mm&r=g","width":96,"height":96,"caption":"admin1"}},{"@type":"WebPage","@id":"https:\/\/ejornais.com.br\/index.php\/2024\/11\/27\/procon-atendera-consumidores-da-black-friday-na-praca-afonso-pena\/#webpage","url":"https:\/\/ejornais.com.br\/index.php\/2024\/11\/27\/procon-atendera-consumidores-da-black-friday-na-praca-afonso-pena\/","name":"Procon atender\u00e1 consumidores da Black Friday na Pra\u00e7a Afonso Pena - eJornais","description":"Cl\u00e1udio Ribeiro Secretaria de Assuntos Jur\u00eddicos Para ampliar o servi\u00e7o aos consumidores de S\u00e3o Jos\u00e9 dos Campos na Black Friday, o Procon vai montar na sexta-feira (29) uma unidade m\u00f3vel na Pra\u00e7a Afonso Pena, no Centro. O objetivo \u00e9 intensificar a fiscaliza\u00e7\u00e3o e coibir eventuais pr\u00e1ticas abusivas das lojas, sejam elas f\u00edsicas ou virtuais.","inLanguage":"pt-BR","isPartOf":{"@id":"https:\/\/ejornais.com.br\/#website"},"breadcrumb":{"@id":"https:\/\/ejornais.com.br\/index.php\/2024\/11\/27\/procon-atendera-consumidores-da-black-friday-na-praca-afonso-pena\/#breadcrumblist"},"author":{"@id":"https:\/\/ejornais.com.br\/index.php\/author\/admin1\/#author"},"creator":{"@id":"https:\/\/ejornais.com.br\/index.php\/author\/admin1\/#author"},"datePublished":"2024-11-27T06:25:46-03:00","dateModified":"2024-11-27T06:25:46-03:00"},{"@type":"WebSite","@id":"https:\/\/ejornais.com.br\/#website","url":"https:\/\/ejornais.com.br\/","name":"eJornais","description":"Cat\u00e1logo de Jornais no mundo, Not\u00edcias, Blog e Esportes ao vivo","inLanguage":"pt-BR","publisher":{"@id":"https:\/\/ejornais.com.br\/#organization"}}]},"og:locale":"pt_BR","og:site_name":"eJornais - Cat\u00e1logo de Jornais no mundo, Not\u00edcias, Blog e Esportes ao vivo","og:type":"article","og:title":"Procon atender\u00e1 consumidores da Black Friday na Pra\u00e7a Afonso Pena - eJornais","og:description":"Cl\u00e1udio Ribeiro Secretaria de Assuntos Jur\u00eddicos Para ampliar o servi\u00e7o aos consumidores de S\u00e3o Jos\u00e9 dos Campos na Black Friday, o Procon vai montar na sexta-feira (29) uma unidade m\u00f3vel na Pra\u00e7a Afonso Pena, no Centro. O objetivo \u00e9 intensificar a fiscaliza\u00e7\u00e3o e coibir eventuais pr\u00e1ticas abusivas das lojas, sejam elas f\u00edsicas ou virtuais.","og:url":"https:\/\/ejornais.com.br\/index.php\/2024\/11\/27\/procon-atendera-consumidores-da-black-friday-na-praca-afonso-pena\/","article:published_time":"2024-11-27T09:25:46+00:00","article:modified_time":"2024-11-27T09:25:46+00:00","twitter:card":"summary_large_image","twitter:title":"Procon atender\u00e1 consumidores da Black Friday na Pra\u00e7a Afonso Pena - eJornais","twitter:description":"Cl\u00e1udio Ribeiro Secretaria de Assuntos Jur\u00eddicos Para ampliar o servi\u00e7o aos consumidores de S\u00e3o Jos\u00e9 dos Campos na Black Friday, o Procon vai montar na sexta-feira (29) uma unidade m\u00f3vel na Pra\u00e7a Afonso Pena, no Centro. O objetivo \u00e9 intensificar a fiscaliza\u00e7\u00e3o e coibir eventuais pr\u00e1ticas abusivas das lojas, sejam elas f\u00edsicas ou virtuais."},"aioseo_meta_data":{"post_id":"35646","title":null,"description":null,"keywords":null,"keyphrases":null,"primary_term":null,"canonical_url":null,"og_title":null,"og_description":null,"og_object_type":"default","og_image_type":"default","og_image_url":null,"og_image_width":null,"og_image_height":null,"og_image_custom_url":null,"og_image_custom_fields":null,"og_video":null,"og_custom_url":null,"og_article_section":null,"og_article_tags":null,"twitter_use_og":false,"twitter_card":"default","twitter_image_type":"default","twitter_image_url":null,"twitter_image_custom_url":null,"twitter_image_custom_fields":null,"twitter_title":null,"twitter_description":null,"schema":{"blockGraphs":[],"customGraphs":[],"default":{"data":{"Article":[],"Course":[],"Dataset":[],"FAQPage":[],"Movie":[],"Person":[],"Product":[],"ProductReview":[],"Car":[],"Recipe":[],"Service":[],"SoftwareApplication":[],"WebPage":[]},"graphName":"","isEnabled":true},"graphs":[]},"schema_type":"default","schema_type_options":null,"pillar_content":false,"robots_default":true,"robots_noindex":false,"robots_noarchive":false,"robots_nosnippet":false,"robots_nofollow":false,"robots_noimageindex":false,"robots_noodp":false,"robots_notranslate":false,"robots_max_snippet":null,"robots_max_videopreview":null,"robots_max_imagepreview":"large","priority":null,"frequency":null,"local_seo":null,"breadcrumb_settings":null,"limit_modified_date":false,"ai":null,"created":"2024-11-27 09:32:38","updated":"2025-06-06 05:07:01","seo_analyzer_scan_date":null,"focus_keyword":null,"additional_keywords":null,"truseo_locale":null},"aioseo_breadcrumb":"<div class=\"aioseo-breadcrumbs\"><span class=\"aioseo-breadcrumb\">\n\t\t\t<a href=\"https:\/\/ejornais.com.br\" title=\"In\u00edcio\">In\u00edcio<\/a>\n\t\t<\/span><span class=\"aioseo-breadcrumb-separator\">&raquo;<\/span><span class=\"aioseo-breadcrumb\">\n\t\t\t<a href=\"https:\/\/ejornais.com.br\/index.php\/category\/ejornais\/\" title=\"Cat\u00e1logo de Jornais\">Cat\u00e1logo de Jornais<\/a>\n\t\t<\/span><span class=\"aioseo-breadcrumb-separator\">&raquo;<\/span><span class=\"aioseo-breadcrumb\">\n\t\t\tProcon atender\u00e1 consumidores da Black Friday na Pra\u00e7a Afonso Pena\n\t\t<\/span><\/div>","aioseo_breadcrumb_json":[{"label":"In\u00edcio","link":"https:\/\/ejornais.com.br"},{"label":"Cat\u00e1logo de Jornais","link":"https:\/\/ejornais.com.br\/index.php\/category\/ejornais\/"},{"label":"Procon atender\u00e1 consumidores da Black Friday na Pra\u00e7a Afonso Pena","link":"https:\/\/ejornais.com.br\/index.php\/2024\/11\/27\/procon-atendera-consumidores-da-black-friday-na-praca-afonso-pena\/"}],"amp_enabled":true,"_links":{"self":[{"href":"https:\/\/ejornais.com.br\/index.php\/wp-json\/wp\/v2\/posts\/35646","targetHints":{"allow":["GET"]}}],"collection":[{"href":"https:\/\/ejornais.com.br\/index.php\/wp-json\/wp\/v2\/posts"}],"about":[{"href":"https:\/\/ejornais.com.br\/index.php\/wp-json\/wp\/v2\/types\/post"}],"author":[{"embeddable":true,"href":"https:\/\/ejornais.com.br\/index.php\/wp-json\/wp\/v2\/users\/2"}],"replies":[{"embeddable":true,"href":"https:\/\/ejornais.com.br\/index.php\/wp-json\/wp\/v2\/comments?post=35646"}],"version-history":[{"count":0,"href":"https:\/\/ejornais.com.br\/index.php\/wp-json\/wp\/v2\/posts\/35646\/revisions"}],"wp:attachment":[{"href":"https:\/\/ejornais.com.br\/index.php\/wp-json\/wp\/v2\/media?parent=35646"}],"wp:term":[{"taxonomy":"category","embeddable":true,"href":"https:\/\/ejornais.com.br\/index.php\/wp-json\/wp\/v2\/categories?post=35646"},{"taxonomy":"post_tag","embeddable":true,"href":"https:\/\/ejornais.com.br\/index.php\/wp-json\/wp\/v2\/tags?post=35646"}],"curies":[{"name":"wp","href":"https:\/\/api.w.org\/{rel}","templated":true}]}}