{"id":35736,"date":"2024-11-28T15:31:02","date_gmt":"2024-11-28T18:31:02","guid":{"rendered":"https:\/\/ejornais.com.br\/index.php\/2024\/11\/28\/detran-ms-publica-calendario-anual-de-licenciamento-para-2025-agencia-de-noticias-do-governo-de-mato-grosso-do-sul\/"},"modified":"2024-11-28T15:31:02","modified_gmt":"2024-11-28T18:31:02","slug":"detran-ms-publica-calendario-anual-de-licenciamento-para-2025-agencia-de-noticias-do-governo-de-mato-grosso-do-sul","status":"publish","type":"post","link":"https:\/\/ejornais.com.br\/index.php\/2024\/11\/28\/detran-ms-publica-calendario-anual-de-licenciamento-para-2025-agencia-de-noticias-do-governo-de-mato-grosso-do-sul\/","title":{"rendered":"Detran-MS publica calend\u00e1rio anual de licenciamento para 2025 \u2013 Ag\u00eancia de Noticias do Governo de Mato Grosso do Sul"},"content":{"rendered":"<p><\/p>\n<div id=\"post-497115\">\n<div class=\"text-center\"><\/div>\n<div class=\"entry\">\n<p>O Detran-MS (Departamento Estadual de Tr\u00e2nsito de Mato Grosso do Sul) divulgou nesta quinta-feira (28) o Calend\u00e1rio Anual de Licenciamento de Ve\u00edculos para o exerc\u00edcio anual de 2025 que entra em vigor a partir de 1\u00b0 de janeiro.\u00a0<\/p>\n<p>O porte do CRLV (Certificado de Registro e Licenciamento de Ve\u00edculo) \u00e9 obrigat\u00f3rio e deve ser apresentado \u00e0 autoridade de tr\u00e2nsito sempre que solicitado, seja o documento f\u00edsico impresso ou digital por meio da CDT (Carteira Digital de Tr\u00e2nsito).<\/p>\n<p>Vale lembrar que o motorista flagrado circulando em vias urbanas ou rodovias com ve\u00edculo n\u00e3o licenciado comete uma infra\u00e7\u00e3o grav\u00edssima. O art. 230 do C\u00f3digo de Tr\u00e2nsito Brasileiro (CTB) prev\u00ea aplica\u00e7\u00e3o de multa de R$ 293,47 e 7 pontos na carteira, al\u00e9m da medida administrativa de remo\u00e7\u00e3o do ve\u00edculo ao p\u00e1tio.\u00a0<\/p>\n<p>O calend\u00e1rio de 2025 come\u00e7a a valer em abril e o prazo final para regulariza\u00e7\u00e3o \u00e9 sempre o ultimo dia \u00fatil de cada m\u00eas. Confira a tabela com as datas fixadas pelo Detran-MS na\u00a0<span style=\"color: #0000ff;\">Portaria \u201cN\u201d N\u00ba 184 publicada no Di\u00e1rio Oficial do Estado (DOE)<\/span>.\u00a0<\/p>\n<p><strong>Final da placa e m\u00eas de pagamento<\/strong><\/p>\n<p>1 e 2 &#8211; Abril<\/p>\n<p>3 &#8211; Maio<\/p>\n<p>4 e 5 &#8211; Junho<\/p>\n<p>6 &#8211;\u00a0 \u00a0 \u00a0 Julho<\/p>\n<p>7 e 8 &#8211; Agosto<\/p>\n<p>9 &#8211; \u00a0 \u00a0 Setembro<\/p>\n<p>0 &#8211; \u00a0 \u00a0 Outubro<\/p>\n<p><em>Mireli Obando, Comunica\u00e7\u00e3o Detran-MS<br \/><\/em><em>Foto: \u00c1lvaro Rezende<\/em><\/p>\n<\/div><\/div>\n","protected":false},"excerpt":{"rendered":"<p>O Detran-MS (Departamento Estadual de Tr\u00e2nsito de Mato Grosso do Sul) divulgou nesta quinta-feira (28) o Calend\u00e1rio Anual de Licenciamento<\/p>\n","protected":false},"author":2,"featured_media":0,"comment_status":"","ping_status":"","sticky":false,"template":"","format":"standard","meta":{"colormag_page_container_layout":"default_layout","colormag_page_sidebar_layout":"default_layout","footnotes":""},"categories":[1],"tags":[],"class_list":["post-35736","post","type-post","status-publish","format-standard","hentry","category-ejornais"],"aioseo_notices":[],"amp_enabled":true,"_links":{"self":[{"href":"https:\/\/ejornais.com.br\/index.php\/wp-json\/wp\/v2\/posts\/35736","targetHints":{"allow":["GET"]}}],"collection":[{"href":"https:\/\/ejornais.com.br\/index.php\/wp-json\/wp\/v2\/posts"}],"about":[{"href":"https:\/\/ejornais.com.br\/index.php\/wp-json\/wp\/v2\/types\/post"}],"author":[{"embeddable":true,"href":"https:\/\/ejornais.com.br\/index.php\/wp-json\/wp\/v2\/users\/2"}],"replies":[{"embeddable":true,"href":"https:\/\/ejornais.com.br\/index.php\/wp-json\/wp\/v2\/comments?post=35736"}],"version-history":[{"count":0,"href":"https:\/\/ejornais.com.br\/index.php\/wp-json\/wp\/v2\/posts\/35736\/revisions"}],"wp:attachment":[{"href":"https:\/\/ejornais.com.br\/index.php\/wp-json\/wp\/v2\/media?parent=35736"}],"wp:term":[{"taxonomy":"category","embeddable":true,"href":"https:\/\/ejornais.com.br\/index.php\/wp-json\/wp\/v2\/categories?post=35736"},{"taxonomy":"post_tag","embeddable":true,"href":"https:\/\/ejornais.com.br\/index.php\/wp-json\/wp\/v2\/tags?post=35736"}],"curies":[{"name":"wp","href":"https:\/\/api.w.org\/{rel}","templated":true}]}}