{"id":36311,"date":"2024-12-08T08:38:11","date_gmt":"2024-12-08T11:38:11","guid":{"rendered":"https:\/\/ejornais.com.br\/index.php\/2024\/12\/08\/com-mais-de-r-2-milhoes-para-fomentar-cultura-inscricoes-do-fic-para-pessoa-juridica-abrem-dia-23-2\/"},"modified":"2024-12-08T08:38:11","modified_gmt":"2024-12-08T11:38:11","slug":"com-mais-de-r-2-milhoes-para-fomentar-cultura-inscricoes-do-fic-para-pessoa-juridica-abrem-dia-23-2","status":"publish","type":"post","link":"https:\/\/ejornais.com.br\/index.php\/2024\/12\/08\/com-mais-de-r-2-milhoes-para-fomentar-cultura-inscricoes-do-fic-para-pessoa-juridica-abrem-dia-23-2\/","title":{"rendered":"Com mais de R$ 2 milh\u00f5es para fomentar cultura, inscri\u00e7\u00f5es do FIC para pessoa jur\u00eddica abrem dia 23"},"content":{"rendered":"<p> Por MRNews<br \/>\n<\/p>\n<div wp_automatic_readability=\"108.01333968556\">\n<p data-pm-slice=\"1 1 []\">A FCMS (Funda\u00e7\u00e3o de Cultura de Mato Grosso do Sul), vinculada \u00e0 Setesc (Secretaria de Estado de Turismo, Esporte e Cultura), publicou no Di\u00e1rio Oficial desta sexta-feira (6) o edital do FIC\/MS (Fundo de Investimentos Culturais de Mato Grosso do Sul) 2024 destinado exclusivamente a proponentes pessoa jur\u00eddica. O edital estar\u00e1 aberto para inscri\u00e7\u00f5es de projetos culturais entre os dias 23 de dezembro de 2024 e 20 de fevereiro de 2025. <span style=\"color: #0000ff;\"><strong>Clique aqui<\/strong> <\/span>para acessar o documento completo.<\/p>\n<p>O FIC\/MS tem como objetivo promover a produ\u00e7\u00e3o cultural sul-mato-grossense por meio de projetos apresentados por pessoas jur\u00eddicas de direito privado sem fins lucrativos, incentivando a diversidade das manifesta\u00e7\u00f5es art\u00edsticas e culturais. \u201cEste edital \u00e9 um marco no fortalecimento da cultura em Mato Grosso do Sul, especialmente por priorizar a forma\u00e7\u00e3o e a circula\u00e7\u00e3o de bens culturais em todas as regi\u00f5es do Estado, ampliando o acesso e garantindo o exerc\u00edcio dos direitos culturais da nossa popula\u00e7\u00e3o\u201d, destacou Eduardo Mendes, diretor-presidente da FCMS.<\/p>\n<p>Com um recurso total de R$ 2,8 milh\u00f5es, o edital contempla propostas de diversas \u00e1reas culturais, incluindo artes c\u00eanicas, como teatro, dan\u00e7a, circo e \u00f3pera; artes visuais, como pintura, fotografia, escultura, v\u00eddeo arte e outras; design e moda; audiovisual; artesanato; livro, leitura e literatura; m\u00fasica; patrim\u00f4nio cultural; capoeira; gastronomia; e cultura popular, tanto tradicional quanto contempor\u00e2nea. Cada projeto poder\u00e1 solicitar at\u00e9 R$ 280 mil, sendo necess\u00e1rio comprovar a fonte do complemento caso o valor solicitado seja superior ao limite estabelecido.<\/p>\n<p>\u201cEstamos empenhados em garantir que esses recursos cheguem a iniciativas que realmente contribuam para a constru\u00e7\u00e3o de uma identidade cultural s\u00f3lida e plural no estado. Este \u00e9 um momento importante para consolidarmos nosso papel como refer\u00eancia em pol\u00edticas culturais no pa\u00eds\u201d, afirmou Marcelo Miranda, secret\u00e1rio de Estado de Turismo, Esporte e Cultura.<\/p>\n<p>Como participar? As inscri\u00e7\u00f5es dever\u00e3o ser realizadas exclusivamente por meio da plataforma https:\/\/editaisms.prosas.com.br, entre 8h e 17h (hor\u00e1rio de MS), utilizando o formul\u00e1rio padr\u00e3o disponibilizado pela FCMS-FIC\/MS. Os proponentes dever\u00e3o anexar todos os documentos obrigat\u00f3rios e seguir rigorosamente os crit\u00e9rios estabelecidos no edital.<\/p>\n<p>Eduardo Mendes refor\u00e7ou que a FCMS est\u00e1 \u00e0 disposi\u00e7\u00e3o para apoiar os proponentes durante o processo de inscri\u00e7\u00e3o. \u201cQueremos que todas as regi\u00f5es do Estado sejam bem representadas, com projetos que reflitam a riqueza da nossa cultura\u201d.<\/p>\n<p data-pm-slice=\"1 1 []\"><strong>Acompanhe o cronograma das datas dos procedimentos de sele\u00e7\u00e3o:<\/strong><\/p>\n<p data-pm-slice=\"1 1 []\">Publica\u00e7\u00e3o do Edital no DOEMS: 06\/12\/2024<\/p>\n<p data-pm-slice=\"1 1 []\">Recebimento das Inscri\u00e7\u00f5es na Plataforma Prosas: 23\/12\/2024 a 20\/02\/2025<\/p>\n<p data-pm-slice=\"1 1 []\">Publica\u00e7\u00e3o da rela\u00e7\u00e3o de inscritos no DOEMS: 07\/03\/2025<\/p>\n<p data-pm-slice=\"1 1 []\">Publica\u00e7\u00e3o da rela\u00e7\u00e3o de habilitados no DOEMS ap\u00f3s an\u00e1lise documental: 16\/04\/2025<\/p>\n<p data-pm-slice=\"1 1 []\">Prazo Recursal: 17\/04\/2025 a 25\/04\/2025<\/p>\n<p data-pm-slice=\"1 1 []\">Publica\u00e7\u00e3o do resultado dos recursos: 30\/04\/2025<\/p>\n<p data-pm-slice=\"1 1 []\">Publica\u00e7\u00e3o dos pr\u00e9-selecionados ap\u00f3s an\u00e1lise de m\u00e9rito por pareceristas: 04\/07\/2025<\/p>\n<p data-pm-slice=\"1 1 []\">Prazo Recursal: 07\/07\/2025 a 11\/07\/2025<\/p>\n<p data-pm-slice=\"1 1 []\">Publica\u00e7\u00e3o do resultado dos recursos: 25\/07\/2025<\/p>\n<p data-pm-slice=\"1 1 []\">Prazo para an\u00e1lise e valida\u00e7\u00e3o pelo CEPC\/MS: 28\/07\/2025 a 12\/09\/2025<\/p>\n<p data-pm-slice=\"1 1 []\">Publica\u00e7\u00e3o da rela\u00e7\u00e3o de pr\u00e9-aprovados pelo CEPC\/MS: 19\/09\/2025<\/p>\n<p data-pm-slice=\"1 1 []\">Prazo para Recurso: 22\/09\/2025 a 26\/09\/2025<\/p>\n<p data-pm-slice=\"1 1 []\">Publica\u00e7\u00e3o de recursos interpostos: 30\/09\/2025<\/p>\n<p data-pm-slice=\"1 1 []\">Prazo para impugna\u00e7\u00e3o de recurso: 01\/10\/2025 a 06\/10\/2025<\/p>\n<p data-pm-slice=\"1 1 []\">Divulga\u00e7\u00e3o no DOEMS do resultado do recurso: 08\/10\/2025<\/p>\n<p data-pm-slice=\"1 1 []\">Publica\u00e7\u00e3o da rela\u00e7\u00e3o de aprovados e convocados para entrega de documenta\u00e7\u00e3o: 10\/10\/2025<\/p>\n<p data-pm-slice=\"1 1 []\">Prazo aos aprovados para entrega dos documentos listados no item 13 do Edital 003\/2024 e contrato de abertura de conta, para formaliza\u00e7\u00e3o de termo de outorga: 13\/10\/2025 a 23\/10\/2025<\/p>\n<p data-pm-slice=\"1 1 []\">Per\u00edodo para an\u00e1lise da documenta\u00e7\u00e3o apresentada pelos aprovados: 24\/10\/2025 a 04\/11\/2025<\/p>\n<p data-pm-slice=\"1 1 []\">Envio dos termos de outorga para assinatura e devolutiva dos mesmos pela plataforma Prosas: 10\/11\/2025 a 21\/11\/2025<\/p>\n<p data-pm-slice=\"1 1 []\">Efetiva\u00e7\u00e3o: 24\/11\/2025 a 30\/12\/2025<\/p>\n<p data-pm-slice=\"1 1 []\"><em>Karina Lima, Comunica\u00e7\u00e3o Setesc<\/em><br \/><em>Foto: arquivo\/FCMS<\/em><\/p>\n<\/div>\n","protected":false},"excerpt":{"rendered":"<p>Por MRNews A FCMS (Funda\u00e7\u00e3o de Cultura de Mato Grosso do Sul), vinculada \u00e0 Setesc (Secretaria de Estado de Turismo,<\/p>\n","protected":false},"author":2,"featured_media":0,"comment_status":"","ping_status":"","sticky":false,"template":"","format":"standard","meta":{"colormag_page_container_layout":"default_layout","colormag_page_sidebar_layout":"default_layout","footnotes":""},"categories":[1],"tags":[],"class_list":["post-36311","post","type-post","status-publish","format-standard","hentry","category-ejornais"],"aioseo_notices":[],"aioseo_head":"\n\t\t<!-- All in One SEO 5.0.1.1 - aioseo.com -->\n\t<meta name=\"description\" content=\"Por MRNews A FCMS (Funda\u00e7\u00e3o de Cultura de Mato Grosso do Sul), vinculada \u00e0 Setesc (Secretaria de Estado de Turismo, Esporte e Cultura), publicou no Di\u00e1rio Oficial desta sexta-feira (6) o edital do FIC\/MS (Fundo de Investimentos Culturais de Mato Grosso do Sul) 2024 destinado exclusivamente a proponentes pessoa jur\u00eddica. O edital estar\u00e1 aberto para\" \/>\n\t<meta name=\"robots\" content=\"max-image-preview:large\" \/>\n\t<meta name=\"author\" content=\"admin1\"\/>\n\t<link rel=\"canonical\" href=\"https:\/\/ejornais.com.br\/index.php\/2024\/12\/08\/com-mais-de-r-2-milhoes-para-fomentar-cultura-inscricoes-do-fic-para-pessoa-juridica-abrem-dia-23-2\/\" \/>\n\t<meta name=\"generator\" content=\"All in One SEO (AIOSEO) 5.0.1.1\" \/>\n\t\t<meta property=\"og:locale\" content=\"pt_BR\" \/>\n\t\t<meta property=\"og:site_name\" content=\"eJornais - Cat\u00e1logo de Jornais no mundo, Not\u00edcias, Blog e Esportes ao vivo\" \/>\n\t\t<meta property=\"og:type\" content=\"article\" \/>\n\t\t<meta property=\"og:title\" content=\"Com mais de R$ 2 milh\u00f5es para fomentar cultura, inscri\u00e7\u00f5es do FIC para pessoa jur\u00eddica abrem dia 23 - eJornais\" \/>\n\t\t<meta property=\"og:description\" content=\"Por MRNews A FCMS (Funda\u00e7\u00e3o de Cultura de Mato Grosso do Sul), vinculada \u00e0 Setesc (Secretaria de Estado de Turismo, Esporte e Cultura), publicou no Di\u00e1rio Oficial desta sexta-feira (6) o edital do FIC\/MS (Fundo de Investimentos Culturais de Mato Grosso do Sul) 2024 destinado exclusivamente a proponentes pessoa jur\u00eddica. O edital estar\u00e1 aberto para\" \/>\n\t\t<meta property=\"og:url\" content=\"https:\/\/ejornais.com.br\/index.php\/2024\/12\/08\/com-mais-de-r-2-milhoes-para-fomentar-cultura-inscricoes-do-fic-para-pessoa-juridica-abrem-dia-23-2\/\" \/>\n\t\t<meta property=\"article:published_time\" content=\"2024-12-08T11:38:11+00:00\" \/>\n\t\t<meta property=\"article:modified_time\" content=\"2024-12-08T11:38:11+00:00\" \/>\n\t\t<meta name=\"twitter:card\" content=\"summary_large_image\" \/>\n\t\t<meta name=\"twitter:title\" content=\"Com mais de R$ 2 milh\u00f5es para fomentar cultura, inscri\u00e7\u00f5es do FIC para pessoa jur\u00eddica abrem dia 23 - eJornais\" \/>\n\t\t<meta name=\"twitter:description\" content=\"Por MRNews A FCMS (Funda\u00e7\u00e3o de Cultura de Mato Grosso do Sul), vinculada \u00e0 Setesc (Secretaria de Estado de Turismo, Esporte e Cultura), publicou no Di\u00e1rio Oficial desta sexta-feira (6) o edital do FIC\/MS (Fundo de Investimentos Culturais de Mato Grosso do Sul) 2024 destinado exclusivamente a proponentes pessoa jur\u00eddica. O edital estar\u00e1 aberto para\" \/>\n\t\t<script type=\"application\/ld+json\" class=\"aioseo-schema\">\n\t\t\t{\"@context\":\"https:\\\/\\\/schema.org\",\"@graph\":[{\"@type\":\"BlogPosting\",\"@id\":\"https:\\\/\\\/ejornais.com.br\\\/index.php\\\/2024\\\/12\\\/08\\\/com-mais-de-r-2-milhoes-para-fomentar-cultura-inscricoes-do-fic-para-pessoa-juridica-abrem-dia-23-2\\\/#blogposting\",\"name\":\"Com mais de R$ 2 milh\\u00f5es para fomentar cultura, inscri\\u00e7\\u00f5es do FIC para pessoa jur\\u00eddica abrem dia 23 - eJornais\",\"headline\":\"Com mais de R$ 2 milh\\u00f5es para fomentar cultura, inscri\\u00e7\\u00f5es do FIC para pessoa jur\\u00eddica abrem dia 23\",\"author\":{\"@id\":\"https:\\\/\\\/ejornais.com.br\\\/index.php\\\/author\\\/admin1\\\/#author\"},\"publisher\":{\"@id\":\"https:\\\/\\\/ejornais.com.br\\\/#organization\"},\"datePublished\":\"2024-12-08T08:38:11-03:00\",\"dateModified\":\"2024-12-08T08:38:11-03:00\",\"inLanguage\":\"pt-BR\",\"mainEntityOfPage\":{\"@id\":\"https:\\\/\\\/ejornais.com.br\\\/index.php\\\/2024\\\/12\\\/08\\\/com-mais-de-r-2-milhoes-para-fomentar-cultura-inscricoes-do-fic-para-pessoa-juridica-abrem-dia-23-2\\\/#webpage\"},\"isPartOf\":{\"@id\":\"https:\\\/\\\/ejornais.com.br\\\/index.php\\\/2024\\\/12\\\/08\\\/com-mais-de-r-2-milhoes-para-fomentar-cultura-inscricoes-do-fic-para-pessoa-juridica-abrem-dia-23-2\\\/#webpage\"},\"articleSection\":\"Cat\\u00e1logo de Jornais\"},{\"@type\":\"BreadcrumbList\",\"@id\":\"https:\\\/\\\/ejornais.com.br\\\/index.php\\\/2024\\\/12\\\/08\\\/com-mais-de-r-2-milhoes-para-fomentar-cultura-inscricoes-do-fic-para-pessoa-juridica-abrem-dia-23-2\\\/#breadcrumblist\",\"itemListElement\":[{\"@type\":\"ListItem\",\"@id\":\"https:\\\/\\\/ejornais.com.br#listItem\",\"position\":1,\"name\":\"In\\u00edcio\",\"item\":\"https:\\\/\\\/ejornais.com.br\",\"nextItem\":{\"@type\":\"ListItem\",\"@id\":\"https:\\\/\\\/ejornais.com.br\\\/index.php\\\/category\\\/ejornais\\\/#listItem\",\"name\":\"Cat\\u00e1logo de Jornais\"}},{\"@type\":\"ListItem\",\"@id\":\"https:\\\/\\\/ejornais.com.br\\\/index.php\\\/category\\\/ejornais\\\/#listItem\",\"position\":2,\"name\":\"Cat\\u00e1logo de Jornais\",\"item\":\"https:\\\/\\\/ejornais.com.br\\\/index.php\\\/category\\\/ejornais\\\/\",\"nextItem\":{\"@type\":\"ListItem\",\"@id\":\"https:\\\/\\\/ejornais.com.br\\\/index.php\\\/2024\\\/12\\\/08\\\/com-mais-de-r-2-milhoes-para-fomentar-cultura-inscricoes-do-fic-para-pessoa-juridica-abrem-dia-23-2\\\/#listItem\",\"name\":\"Com mais de R$ 2 milh\\u00f5es para fomentar cultura, inscri\\u00e7\\u00f5es do FIC para pessoa jur\\u00eddica abrem dia 23\"},\"previousItem\":{\"@type\":\"ListItem\",\"@id\":\"https:\\\/\\\/ejornais.com.br#listItem\",\"name\":\"In\\u00edcio\"}},{\"@type\":\"ListItem\",\"@id\":\"https:\\\/\\\/ejornais.com.br\\\/index.php\\\/2024\\\/12\\\/08\\\/com-mais-de-r-2-milhoes-para-fomentar-cultura-inscricoes-do-fic-para-pessoa-juridica-abrem-dia-23-2\\\/#listItem\",\"position\":3,\"name\":\"Com mais de R$ 2 milh\\u00f5es para fomentar cultura, inscri\\u00e7\\u00f5es do FIC para pessoa jur\\u00eddica abrem dia 23\",\"previousItem\":{\"@type\":\"ListItem\",\"@id\":\"https:\\\/\\\/ejornais.com.br\\\/index.php\\\/category\\\/ejornais\\\/#listItem\",\"name\":\"Cat\\u00e1logo de Jornais\"}}]},{\"@type\":\"Organization\",\"@id\":\"https:\\\/\\\/ejornais.com.br\\\/#organization\",\"name\":\"eJornais\",\"description\":\"Cat\\u00e1logo de Jornais no mundo, Not\\u00edcias, Blog e Esportes ao vivo\",\"url\":\"https:\\\/\\\/ejornais.com.br\\\/\"},{\"@type\":\"Person\",\"@id\":\"https:\\\/\\\/ejornais.com.br\\\/index.php\\\/author\\\/admin1\\\/#author\",\"url\":\"https:\\\/\\\/ejornais.com.br\\\/index.php\\\/author\\\/admin1\\\/\",\"name\":\"admin1\",\"image\":{\"@type\":\"ImageObject\",\"@id\":\"https:\\\/\\\/ejornais.com.br\\\/index.php\\\/2024\\\/12\\\/08\\\/com-mais-de-r-2-milhoes-para-fomentar-cultura-inscricoes-do-fic-para-pessoa-juridica-abrem-dia-23-2\\\/#authorImage\",\"url\":\"https:\\\/\\\/secure.gravatar.com\\\/avatar\\\/04084e6d73c042b8646e7c17b494073bf0ede3ea13c7105cfc45cbbbc28385a4?s=96&d=mm&r=g\",\"width\":96,\"height\":96,\"caption\":\"admin1\"}},{\"@type\":\"WebPage\",\"@id\":\"https:\\\/\\\/ejornais.com.br\\\/index.php\\\/2024\\\/12\\\/08\\\/com-mais-de-r-2-milhoes-para-fomentar-cultura-inscricoes-do-fic-para-pessoa-juridica-abrem-dia-23-2\\\/#webpage\",\"url\":\"https:\\\/\\\/ejornais.com.br\\\/index.php\\\/2024\\\/12\\\/08\\\/com-mais-de-r-2-milhoes-para-fomentar-cultura-inscricoes-do-fic-para-pessoa-juridica-abrem-dia-23-2\\\/\",\"name\":\"Com mais de R$ 2 milh\\u00f5es para fomentar cultura, inscri\\u00e7\\u00f5es do FIC para pessoa jur\\u00eddica abrem dia 23 - eJornais\",\"description\":\"Por MRNews A FCMS (Funda\\u00e7\\u00e3o de Cultura de Mato Grosso do Sul), vinculada \\u00e0 Setesc (Secretaria de Estado de Turismo, Esporte e Cultura), publicou no Di\\u00e1rio Oficial desta sexta-feira (6) o edital do FIC\\\/MS (Fundo de Investimentos Culturais de Mato Grosso do Sul) 2024 destinado exclusivamente a proponentes pessoa jur\\u00eddica. O edital estar\\u00e1 aberto para\",\"inLanguage\":\"pt-BR\",\"isPartOf\":{\"@id\":\"https:\\\/\\\/ejornais.com.br\\\/#website\"},\"breadcrumb\":{\"@id\":\"https:\\\/\\\/ejornais.com.br\\\/index.php\\\/2024\\\/12\\\/08\\\/com-mais-de-r-2-milhoes-para-fomentar-cultura-inscricoes-do-fic-para-pessoa-juridica-abrem-dia-23-2\\\/#breadcrumblist\"},\"author\":{\"@id\":\"https:\\\/\\\/ejornais.com.br\\\/index.php\\\/author\\\/admin1\\\/#author\"},\"creator\":{\"@id\":\"https:\\\/\\\/ejornais.com.br\\\/index.php\\\/author\\\/admin1\\\/#author\"},\"datePublished\":\"2024-12-08T08:38:11-03:00\",\"dateModified\":\"2024-12-08T08:38:11-03:00\"},{\"@type\":\"WebSite\",\"@id\":\"https:\\\/\\\/ejornais.com.br\\\/#website\",\"url\":\"https:\\\/\\\/ejornais.com.br\\\/\",\"name\":\"eJornais\",\"description\":\"Cat\\u00e1logo de Jornais no mundo, Not\\u00edcias, Blog e Esportes ao vivo\",\"inLanguage\":\"pt-BR\",\"publisher\":{\"@id\":\"https:\\\/\\\/ejornais.com.br\\\/#organization\"}}]}\n\t\t<\/script>\n\t\t<!-- All in One SEO -->\n\n","aioseo_head_json":{"title":"Com mais de R$ 2 milh\u00f5es para fomentar cultura, inscri\u00e7\u00f5es do FIC para pessoa jur\u00eddica abrem dia 23 - eJornais","description":"Por MRNews A FCMS (Funda\u00e7\u00e3o de Cultura de Mato Grosso do Sul), vinculada \u00e0 Setesc (Secretaria de Estado de Turismo, Esporte e Cultura), publicou no Di\u00e1rio Oficial desta sexta-feira (6) o edital do FIC\/MS (Fundo de Investimentos Culturais de Mato Grosso do Sul) 2024 destinado exclusivamente a proponentes pessoa jur\u00eddica. O edital estar\u00e1 aberto para","canonical_url":"https:\/\/ejornais.com.br\/index.php\/2024\/12\/08\/com-mais-de-r-2-milhoes-para-fomentar-cultura-inscricoes-do-fic-para-pessoa-juridica-abrem-dia-23-2\/","robots":"max-image-preview:large","keywords":"","webmasterTools":{"miscellaneous":""},"schema":{"@context":"https:\/\/schema.org","@graph":[{"@type":"BlogPosting","@id":"https:\/\/ejornais.com.br\/index.php\/2024\/12\/08\/com-mais-de-r-2-milhoes-para-fomentar-cultura-inscricoes-do-fic-para-pessoa-juridica-abrem-dia-23-2\/#blogposting","name":"Com mais de R$ 2 milh\u00f5es para fomentar cultura, inscri\u00e7\u00f5es do FIC para pessoa jur\u00eddica abrem dia 23 - eJornais","headline":"Com mais de R$ 2 milh\u00f5es para fomentar cultura, inscri\u00e7\u00f5es do FIC para pessoa jur\u00eddica abrem dia 23","author":{"@id":"https:\/\/ejornais.com.br\/index.php\/author\/admin1\/#author"},"publisher":{"@id":"https:\/\/ejornais.com.br\/#organization"},"datePublished":"2024-12-08T08:38:11-03:00","dateModified":"2024-12-08T08:38:11-03:00","inLanguage":"pt-BR","mainEntityOfPage":{"@id":"https:\/\/ejornais.com.br\/index.php\/2024\/12\/08\/com-mais-de-r-2-milhoes-para-fomentar-cultura-inscricoes-do-fic-para-pessoa-juridica-abrem-dia-23-2\/#webpage"},"isPartOf":{"@id":"https:\/\/ejornais.com.br\/index.php\/2024\/12\/08\/com-mais-de-r-2-milhoes-para-fomentar-cultura-inscricoes-do-fic-para-pessoa-juridica-abrem-dia-23-2\/#webpage"},"articleSection":"Cat\u00e1logo de Jornais"},{"@type":"BreadcrumbList","@id":"https:\/\/ejornais.com.br\/index.php\/2024\/12\/08\/com-mais-de-r-2-milhoes-para-fomentar-cultura-inscricoes-do-fic-para-pessoa-juridica-abrem-dia-23-2\/#breadcrumblist","itemListElement":[{"@type":"ListItem","@id":"https:\/\/ejornais.com.br#listItem","position":1,"name":"In\u00edcio","item":"https:\/\/ejornais.com.br","nextItem":{"@type":"ListItem","@id":"https:\/\/ejornais.com.br\/index.php\/category\/ejornais\/#listItem","name":"Cat\u00e1logo de Jornais"}},{"@type":"ListItem","@id":"https:\/\/ejornais.com.br\/index.php\/category\/ejornais\/#listItem","position":2,"name":"Cat\u00e1logo de Jornais","item":"https:\/\/ejornais.com.br\/index.php\/category\/ejornais\/","nextItem":{"@type":"ListItem","@id":"https:\/\/ejornais.com.br\/index.php\/2024\/12\/08\/com-mais-de-r-2-milhoes-para-fomentar-cultura-inscricoes-do-fic-para-pessoa-juridica-abrem-dia-23-2\/#listItem","name":"Com mais de R$ 2 milh\u00f5es para fomentar cultura, inscri\u00e7\u00f5es do FIC para pessoa jur\u00eddica abrem dia 23"},"previousItem":{"@type":"ListItem","@id":"https:\/\/ejornais.com.br#listItem","name":"In\u00edcio"}},{"@type":"ListItem","@id":"https:\/\/ejornais.com.br\/index.php\/2024\/12\/08\/com-mais-de-r-2-milhoes-para-fomentar-cultura-inscricoes-do-fic-para-pessoa-juridica-abrem-dia-23-2\/#listItem","position":3,"name":"Com mais de R$ 2 milh\u00f5es para fomentar cultura, inscri\u00e7\u00f5es do FIC para pessoa jur\u00eddica abrem dia 23","previousItem":{"@type":"ListItem","@id":"https:\/\/ejornais.com.br\/index.php\/category\/ejornais\/#listItem","name":"Cat\u00e1logo de Jornais"}}]},{"@type":"Organization","@id":"https:\/\/ejornais.com.br\/#organization","name":"eJornais","description":"Cat\u00e1logo de Jornais no mundo, Not\u00edcias, Blog e Esportes ao vivo","url":"https:\/\/ejornais.com.br\/"},{"@type":"Person","@id":"https:\/\/ejornais.com.br\/index.php\/author\/admin1\/#author","url":"https:\/\/ejornais.com.br\/index.php\/author\/admin1\/","name":"admin1","image":{"@type":"ImageObject","@id":"https:\/\/ejornais.com.br\/index.php\/2024\/12\/08\/com-mais-de-r-2-milhoes-para-fomentar-cultura-inscricoes-do-fic-para-pessoa-juridica-abrem-dia-23-2\/#authorImage","url":"https:\/\/secure.gravatar.com\/avatar\/04084e6d73c042b8646e7c17b494073bf0ede3ea13c7105cfc45cbbbc28385a4?s=96&d=mm&r=g","width":96,"height":96,"caption":"admin1"}},{"@type":"WebPage","@id":"https:\/\/ejornais.com.br\/index.php\/2024\/12\/08\/com-mais-de-r-2-milhoes-para-fomentar-cultura-inscricoes-do-fic-para-pessoa-juridica-abrem-dia-23-2\/#webpage","url":"https:\/\/ejornais.com.br\/index.php\/2024\/12\/08\/com-mais-de-r-2-milhoes-para-fomentar-cultura-inscricoes-do-fic-para-pessoa-juridica-abrem-dia-23-2\/","name":"Com mais de R$ 2 milh\u00f5es para fomentar cultura, inscri\u00e7\u00f5es do FIC para pessoa jur\u00eddica abrem dia 23 - eJornais","description":"Por MRNews A FCMS (Funda\u00e7\u00e3o de Cultura de Mato Grosso do Sul), vinculada \u00e0 Setesc (Secretaria de Estado de Turismo, Esporte e Cultura), publicou no Di\u00e1rio Oficial desta sexta-feira (6) o edital do FIC\/MS (Fundo de Investimentos Culturais de Mato Grosso do Sul) 2024 destinado exclusivamente a proponentes pessoa jur\u00eddica. O edital estar\u00e1 aberto para","inLanguage":"pt-BR","isPartOf":{"@id":"https:\/\/ejornais.com.br\/#website"},"breadcrumb":{"@id":"https:\/\/ejornais.com.br\/index.php\/2024\/12\/08\/com-mais-de-r-2-milhoes-para-fomentar-cultura-inscricoes-do-fic-para-pessoa-juridica-abrem-dia-23-2\/#breadcrumblist"},"author":{"@id":"https:\/\/ejornais.com.br\/index.php\/author\/admin1\/#author"},"creator":{"@id":"https:\/\/ejornais.com.br\/index.php\/author\/admin1\/#author"},"datePublished":"2024-12-08T08:38:11-03:00","dateModified":"2024-12-08T08:38:11-03:00"},{"@type":"WebSite","@id":"https:\/\/ejornais.com.br\/#website","url":"https:\/\/ejornais.com.br\/","name":"eJornais","description":"Cat\u00e1logo de Jornais no mundo, Not\u00edcias, Blog e Esportes ao vivo","inLanguage":"pt-BR","publisher":{"@id":"https:\/\/ejornais.com.br\/#organization"}}]},"og:locale":"pt_BR","og:site_name":"eJornais - Cat\u00e1logo de Jornais no mundo, Not\u00edcias, Blog e Esportes ao vivo","og:type":"article","og:title":"Com mais de R$ 2 milh\u00f5es para fomentar cultura, inscri\u00e7\u00f5es do FIC para pessoa jur\u00eddica abrem dia 23 - eJornais","og:description":"Por MRNews A FCMS (Funda\u00e7\u00e3o de Cultura de Mato Grosso do Sul), vinculada \u00e0 Setesc (Secretaria de Estado de Turismo, Esporte e Cultura), publicou no Di\u00e1rio Oficial desta sexta-feira (6) o edital do FIC\/MS (Fundo de Investimentos Culturais de Mato Grosso do Sul) 2024 destinado exclusivamente a proponentes pessoa jur\u00eddica. O edital estar\u00e1 aberto para","og:url":"https:\/\/ejornais.com.br\/index.php\/2024\/12\/08\/com-mais-de-r-2-milhoes-para-fomentar-cultura-inscricoes-do-fic-para-pessoa-juridica-abrem-dia-23-2\/","article:published_time":"2024-12-08T11:38:11+00:00","article:modified_time":"2024-12-08T11:38:11+00:00","twitter:card":"summary_large_image","twitter:title":"Com mais de R$ 2 milh\u00f5es para fomentar cultura, inscri\u00e7\u00f5es do FIC para pessoa jur\u00eddica abrem dia 23 - eJornais","twitter:description":"Por MRNews A FCMS (Funda\u00e7\u00e3o de Cultura de Mato Grosso do Sul), vinculada \u00e0 Setesc (Secretaria de Estado de Turismo, Esporte e Cultura), publicou no Di\u00e1rio Oficial desta sexta-feira (6) o edital do FIC\/MS (Fundo de Investimentos Culturais de Mato Grosso do Sul) 2024 destinado exclusivamente a proponentes pessoa jur\u00eddica. O edital estar\u00e1 aberto para"},"aioseo_meta_data":{"post_id":"36311","title":null,"description":null,"keywords":null,"keyphrases":null,"primary_term":null,"canonical_url":null,"og_title":null,"og_description":null,"og_object_type":"default","og_image_type":"default","og_image_url":null,"og_image_width":null,"og_image_height":null,"og_image_custom_url":null,"og_image_custom_fields":null,"og_video":null,"og_custom_url":null,"og_article_section":null,"og_article_tags":null,"twitter_use_og":false,"twitter_card":"default","twitter_image_type":"default","twitter_image_url":null,"twitter_image_custom_url":null,"twitter_image_custom_fields":null,"twitter_title":null,"twitter_description":null,"schema":{"blockGraphs":[],"customGraphs":[],"default":{"data":{"Article":[],"Course":[],"Dataset":[],"FAQPage":[],"Movie":[],"Person":[],"Product":[],"ProductReview":[],"Car":[],"Recipe":[],"Service":[],"SoftwareApplication":[],"WebPage":[]},"graphName":"","isEnabled":true},"graphs":[]},"schema_type":"default","schema_type_options":null,"pillar_content":false,"robots_default":true,"robots_noindex":false,"robots_noarchive":false,"robots_nosnippet":false,"robots_nofollow":false,"robots_noimageindex":false,"robots_noodp":false,"robots_notranslate":false,"robots_max_snippet":null,"robots_max_videopreview":null,"robots_max_imagepreview":"large","priority":null,"frequency":null,"local_seo":null,"breadcrumb_settings":null,"limit_modified_date":false,"ai":null,"created":"2024-12-08 11:43:25","updated":"2025-06-06 06:09:00","seo_analyzer_scan_date":null,"focus_keyword":null,"additional_keywords":null,"truseo_locale":null},"aioseo_breadcrumb":"<div class=\"aioseo-breadcrumbs\"><span class=\"aioseo-breadcrumb\">\n\t\t\t<a href=\"https:\/\/ejornais.com.br\" title=\"In\u00edcio\">In\u00edcio<\/a>\n\t\t<\/span><span class=\"aioseo-breadcrumb-separator\">&raquo;<\/span><span class=\"aioseo-breadcrumb\">\n\t\t\t<a href=\"https:\/\/ejornais.com.br\/index.php\/category\/ejornais\/\" title=\"Cat\u00e1logo de Jornais\">Cat\u00e1logo de Jornais<\/a>\n\t\t<\/span><span class=\"aioseo-breadcrumb-separator\">&raquo;<\/span><span class=\"aioseo-breadcrumb\">\n\t\t\tCom mais de R$ 2 milh\u00f5es para fomentar cultura, inscri\u00e7\u00f5es do FIC para pessoa jur\u00eddica abrem dia 23\n\t\t<\/span><\/div>","aioseo_breadcrumb_json":[{"label":"In\u00edcio","link":"https:\/\/ejornais.com.br"},{"label":"Cat\u00e1logo de Jornais","link":"https:\/\/ejornais.com.br\/index.php\/category\/ejornais\/"},{"label":"Com mais de R$ 2 milh\u00f5es para fomentar cultura, inscri\u00e7\u00f5es do FIC para pessoa jur\u00eddica abrem dia 23","link":"https:\/\/ejornais.com.br\/index.php\/2024\/12\/08\/com-mais-de-r-2-milhoes-para-fomentar-cultura-inscricoes-do-fic-para-pessoa-juridica-abrem-dia-23-2\/"}],"amp_enabled":true,"_links":{"self":[{"href":"https:\/\/ejornais.com.br\/index.php\/wp-json\/wp\/v2\/posts\/36311","targetHints":{"allow":["GET"]}}],"collection":[{"href":"https:\/\/ejornais.com.br\/index.php\/wp-json\/wp\/v2\/posts"}],"about":[{"href":"https:\/\/ejornais.com.br\/index.php\/wp-json\/wp\/v2\/types\/post"}],"author":[{"embeddable":true,"href":"https:\/\/ejornais.com.br\/index.php\/wp-json\/wp\/v2\/users\/2"}],"replies":[{"embeddable":true,"href":"https:\/\/ejornais.com.br\/index.php\/wp-json\/wp\/v2\/comments?post=36311"}],"version-history":[{"count":0,"href":"https:\/\/ejornais.com.br\/index.php\/wp-json\/wp\/v2\/posts\/36311\/revisions"}],"wp:attachment":[{"href":"https:\/\/ejornais.com.br\/index.php\/wp-json\/wp\/v2\/media?parent=36311"}],"wp:term":[{"taxonomy":"category","embeddable":true,"href":"https:\/\/ejornais.com.br\/index.php\/wp-json\/wp\/v2\/categories?post=36311"},{"taxonomy":"post_tag","embeddable":true,"href":"https:\/\/ejornais.com.br\/index.php\/wp-json\/wp\/v2\/tags?post=36311"}],"curies":[{"name":"wp","href":"https:\/\/api.w.org\/{rel}","templated":true}]}}