{"id":36343,"date":"2024-12-09T12:47:45","date_gmt":"2024-12-09T15:47:45","guid":{"rendered":"https:\/\/ejornais.com.br\/index.php\/2024\/12\/09\/com-apoio-do-governo-de-ms-hospital-do-cancer-entrega-terceiro-andar-com-32-novos-leitos-a-populacao\/"},"modified":"2024-12-09T12:47:45","modified_gmt":"2024-12-09T15:47:45","slug":"com-apoio-do-governo-de-ms-hospital-do-cancer-entrega-terceiro-andar-com-32-novos-leitos-a-populacao","status":"publish","type":"post","link":"https:\/\/ejornais.com.br\/index.php\/2024\/12\/09\/com-apoio-do-governo-de-ms-hospital-do-cancer-entrega-terceiro-andar-com-32-novos-leitos-a-populacao\/","title":{"rendered":"Com apoio do Governo de MS, Hospital do C\u00e2ncer entrega terceiro andar com 32 novos leitos \u00e0 popula\u00e7\u00e3o"},"content":{"rendered":"<p><\/p>\n<div>\n<p>Com apoio e parceria do Governo do Estado, o Hospital de C\u00e2ncer de Campo Grande Alfredo Abr\u00e3o entregou nesta segunda-feira (9) a obra do terceiro andar, que conta com 32 novos leitos modernos \u00e0 disposi\u00e7\u00e3o da popula\u00e7\u00e3o. Eles est\u00e3o equipados para atender os pacientes do SUS (Sistema \u00danico de Sa\u00fade).<\/p>\n<p>A obra no terceiro andar foi realizada pelo Hospital do C\u00e2ncer, por meio de financiamento com empr\u00e9stimo no valor de R$ 1,3 milh\u00e3o. Assim vai ampliar e dobrar o n\u00famero de atendimentos na unidade, proporcionando o cuidado oncol\u00f3gico de alta qualidade a quem precisa.<\/p>\n<p>\u201cCome\u00e7amos a segunda-feira com muita emo\u00e7\u00e3o e orgulho. O Hospital do C\u00e2ncer \u00e9 prioridade zero na estrat\u00e9gia do Estado do Mato Grosso do Sul. N\u00f3s vamos continuar avan\u00e7ando neste sentido. Olhando para frente n\u00e3o tenho d\u00favida que n\u00f3s juntos vamos conseguir entregar este equipamento, com uma boa execu\u00e7\u00e3o\u201d, afirmou o governador Eduardo Riedel.<\/p>\n<div id=\"gallery-1\" class=\"gallery galleryid-498223 gallery-columns-2 gallery-size-large\">\n<figure class=\"gallery-item\">\n<div class=\"gallery-icon landscape\"><\/div>\n<\/figure>\n<figure class=\"gallery-item\">\n<div class=\"gallery-icon landscape\"><\/div>\n<\/figure><\/div>\n<p>Riedel destacou que o mais dif\u00edcil em um hospital \u00e9 a sua opera\u00e7\u00e3o no dia a dia. Nosso grande desafio est\u00e1 em conseguir dar maior efici\u00eancia a este volume de recursos, com gest\u00e3o adequada nos hospitais. Promover a articula\u00e7\u00e3o para trazer recursos federais, estaduais e municipais. Desta forma conseguimos transformar a sa\u00fade do Estado\u201d.<\/p>\n<p>A presidente do Hospital do C\u00e2ncer, Sueli Lopes Telles, estava emocionada durante o evento e ponderou que se tratava de um momento hist\u00f3rico. \u201cPercorrendo o hospital algo me incomodava profundamente, a lota\u00e7\u00e3o das enfermarias e alguns quartos com seis pacientes. O pior era quando precis\u00e1vamos cancelar cirurgias por falta de leitos. O c\u00e2ncer n\u00e3o espera, ele avan\u00e7a. Diante desta realidade decidimos dar um passo mais dif\u00edcil, que \u00e9 finalizar o terceiro andar, n\u00e3o havia outra op\u00e7\u00e3o\u201d.<\/p>\n<p>Ela destacou que agora o momento \u00e9 de celebrar. \u201cContamos agora com esta unidade com mais 32 leitos de alt\u00edssima qualidade, digna de hospitais de excel\u00eancia. Aqui somos 99% SUS. Nosso compromisso \u00e9 com a vida e com atendimento humanizado. Nossos pacientes n\u00e3o s\u00e3o n\u00fameros, s\u00e3o pessoas. Gostaria de agradecer ao Governo do Estado que acreditou no nosso trabalho\u201d.<\/p>\n<p>A prefeita da Capital, Adriane Lopes, parabenizou o esfor\u00e7o do Estado e da diretoria do hospital pela manuten\u00e7\u00e3o das atividades na unidade. \u201cAs parcerias s\u00e3o fundamentais, n\u00f3s sabemos que para avan\u00e7ar precisamos de pessoas que acreditam no trabalho e invistam seu tempo, compromisso e dedica\u00e7\u00e3o. Parab\u00e9ns a todos que colaboram com esta unidade\u201d.<\/p>\n<div id=\"gallery-2\" class=\"gallery galleryid-498223 gallery-columns-2 gallery-size-large\">\n<figure class=\"gallery-item\">\n<div class=\"gallery-icon landscape\"><\/div><figcaption class=\"wp-caption-text gallery-caption\" id=\"gallery-2-498204\">\n\t\t\t\t Sueli Lopes Telles<br \/>\n\t\t\t\t<\/figcaption><\/figure>\n<figure class=\"gallery-item\">\n<div class=\"gallery-icon landscape\"><\/div><figcaption class=\"wp-caption-text gallery-caption\" id=\"gallery-2-498206\">\n\t\t\t\tSecret\u00e1rio Maur\u00edcio Sim\u00f5es<br \/>\n\t\t\t\t<\/figcaption><\/figure>\n<\/p><\/div>\n<p><strong>Recursos<\/strong><\/p>\n<p>Para contribuir com os trabalhos e atendimentos realizados no hospital, o Governo do Estado contribui financeiramente com a unidade. Ao todo foram repassados R$ 18 milh\u00f5es nos dois \u00faltimos anos. Em 2023 teve R$ 9 milh\u00f5es por meio de conv\u00eanio e mais R$ 4,37 em repasse fundo a fundo. J\u00e1 neste ano teve mais R$ 4,69 milh\u00f5es em repasse estadual.<\/p>\n<p>\u201cNosso objetivo na Secretaria de Sa\u00fade \u00e9 que al\u00e9m do terceiro andar, sejam conclusas as demais o mais breve poss\u00edvel. Temos muitas demandas na sa\u00fade p\u00fablica do Estado, mas algumas precisam ser prioridade e esta \u00e9 uma delas. Hoje n\u00e3o s\u00e3o apenas 32 leitos novos, s\u00e3o leitos extremamente superiores \u00e0queles que estamos acostumados a serem oferecidos no SUS. Nosso objetivo \u00e9 continuar a ajudar esta institui\u00e7\u00e3o\u201d, afirmou o secret\u00e1rio de Sa\u00fade, Maur\u00edcio Sim\u00f5es.<\/p>\n<p>O Hospital de C\u00e2ncer de Campo Grande Alfredo Abr\u00e3o \u00e9 uma institui\u00e7\u00e3o privada filantr\u00f3pica refer\u00eancia no tratamento oncol\u00f3gico no Estado. O maior hospital oncol\u00f3gico do Mato Grosso do Sul, atendendo 72% da oncologia. De cada 10 pacientes com c\u00e2ncer SUS, 7 s\u00e3o tratados pelo HCAA. S\u00e3o feitos em m\u00e9dia 17 mil procedimentos por m\u00eas. Em 2023 foram 206.759 atendimentos realizados.<\/p>\n<figure id=\"attachment_498218\" aria-describedby=\"caption-attachment-498218\" style=\"width: 1024px\" class=\"wp-caption aligncenter\"><figcaption id=\"caption-attachment-498218\" class=\"wp-caption-text\"><em>Terceiro andar tem 32 novos leitos <\/em><\/figcaption><\/figure>\n<p><em>Leonardo Rocha, Comunica\u00e7\u00e3o do Governo de MS<\/em><br \/><em>Fotos: Bruno Rezende<\/em><\/p>\n<p><strong>ATEN\u00c7\u00c3O<\/strong>: confira\u00a0<span style=\"color: #0000ff;\">aqui o pack imprensa<\/span> com as imagens de apoio da solenidade\u00a0<\/p>\n<\/div>\n","protected":false},"excerpt":{"rendered":"<p>Com apoio e parceria do Governo do Estado, o Hospital de C\u00e2ncer de Campo Grande Alfredo Abr\u00e3o entregou nesta segunda-feira<\/p>\n","protected":false},"author":2,"featured_media":0,"comment_status":"","ping_status":"","sticky":false,"template":"","format":"standard","meta":{"colormag_page_container_layout":"default_layout","colormag_page_sidebar_layout":"default_layout","footnotes":""},"categories":[1],"tags":[],"class_list":["post-36343","post","type-post","status-publish","format-standard","hentry","category-ejornais"],"aioseo_notices":[],"amp_enabled":true,"_links":{"self":[{"href":"https:\/\/ejornais.com.br\/index.php\/wp-json\/wp\/v2\/posts\/36343","targetHints":{"allow":["GET"]}}],"collection":[{"href":"https:\/\/ejornais.com.br\/index.php\/wp-json\/wp\/v2\/posts"}],"about":[{"href":"https:\/\/ejornais.com.br\/index.php\/wp-json\/wp\/v2\/types\/post"}],"author":[{"embeddable":true,"href":"https:\/\/ejornais.com.br\/index.php\/wp-json\/wp\/v2\/users\/2"}],"replies":[{"embeddable":true,"href":"https:\/\/ejornais.com.br\/index.php\/wp-json\/wp\/v2\/comments?post=36343"}],"version-history":[{"count":0,"href":"https:\/\/ejornais.com.br\/index.php\/wp-json\/wp\/v2\/posts\/36343\/revisions"}],"wp:attachment":[{"href":"https:\/\/ejornais.com.br\/index.php\/wp-json\/wp\/v2\/media?parent=36343"}],"wp:term":[{"taxonomy":"category","embeddable":true,"href":"https:\/\/ejornais.com.br\/index.php\/wp-json\/wp\/v2\/categories?post=36343"},{"taxonomy":"post_tag","embeddable":true,"href":"https:\/\/ejornais.com.br\/index.php\/wp-json\/wp\/v2\/tags?post=36343"}],"curies":[{"name":"wp","href":"https:\/\/api.w.org\/{rel}","templated":true}]}}