{"id":36441,"date":"2024-12-10T21:47:02","date_gmt":"2024-12-11T00:47:02","guid":{"rendered":"https:\/\/ejornais.com.br\/index.php\/2024\/12\/10\/operacao-natal-agentes-da-mobilidade-garantem-seguranca\/"},"modified":"2024-12-10T21:47:02","modified_gmt":"2024-12-11T00:47:02","slug":"operacao-natal-agentes-da-mobilidade-garantem-seguranca","status":"publish","type":"post","link":"https:\/\/ejornais.com.br\/index.php\/2024\/12\/10\/operacao-natal-agentes-da-mobilidade-garantem-seguranca\/","title":{"rendered":"Opera\u00e7\u00e3o Natal: Agentes da mobilidade garantem seguran\u00e7a"},"content":{"rendered":"<p><\/p>\n<div>\n<p><b>Paula Pessoa<\/b><br \/>&#13;<br \/>\n&#13;<br \/>\n                <span style=\"font-weight: bold;\">Secretaria de Mobilidade Urbana<\/span><\/p>\n<p><span style=\"font-weight: 400;\"><em>Colabora\u00e7\u00e3o da estagi\u00e1ria Agata Sales\u00a0<\/em><\/span><\/p>\n<p>A Prefeitura de S\u00e3o Jos\u00e9 dos Campos realiza a Opera\u00e7\u00e3o Natal de Tr\u00e2nsito na regi\u00e3o central da cidade durante o m\u00eas de dezembro. A a\u00e7\u00e3o teve in\u00edcio no dia 2 e segue, diariamente, at\u00e9 o dia 24. O objetivo \u00e9 melhorar as condi\u00e7\u00f5es de tr\u00e1fego de ve\u00edculos e garantir a travessia segura dos pedestres\u00a0durante o per\u00edodo de compras natalinas.\u00a0<\/p>\n<p>A opera\u00e7\u00e3o est\u00e1 programada por semana, a partir das 8h at\u00e9 cerca das 20h, de 2 a 24 de dezembro.<\/p>\n<p>Durante a opera\u00e7\u00e3o, agentes da mobilidade estar\u00e3o nos cruzamentos mais movimentados da regi\u00e3o orientando a popula\u00e7\u00e3o. E um agente de moto ir\u00e1 percorrer a \u00e1rea central para auxiliar motoristas e pedestres no que for necess\u00e1rio.<\/p>\n<p>A Opera\u00e7\u00e3o passar\u00e1 pelos seguintes cruzamentos:<\/p>\n<p>&#8211; Rua Francisco Paes x Avenida Dr. Nelson D\u2019\u00c1vila<br \/>&#8211; Rua Quinze de Novembro x Rua Rubi\u00e3o J\u00fanior (Pra\u00e7a)<br \/>&#8211; Rua Rubi\u00e3o J\u00fanior x Rua Sete de Setembro (Travessia Elevada Pra\u00e7a do Sapo)<br \/>&#8211; Rua Coronel Jos\u00e9 Monteiro x Rua Sete de Setembro (Travessia Elevada entre o Cal\u00e7ad\u00e3o)<\/p>\n<p>A partir de domingo (15), o apoio dos agentes ser\u00e1 ao cruzamento da Rua Sebasti\u00e3o Humel x Rua Sete de Setembro (Travessia Mercad\u00e3o).<\/p>\n<p>&#13;<br \/>\n                        <strong>MAIS NOT\u00cdCIAS<\/strong><br \/>&#13;<br \/>\n                        Secretaria de Mobilidade Urbana&#13;\n                    <\/p>\n<\/p><\/div>\n","protected":false},"excerpt":{"rendered":"<p>Paula Pessoa&#13; &#13; Secretaria de Mobilidade Urbana Colabora\u00e7\u00e3o da estagi\u00e1ria Agata Sales\u00a0 A Prefeitura de S\u00e3o Jos\u00e9 dos Campos realiza<\/p>\n","protected":false},"author":2,"featured_media":0,"comment_status":"","ping_status":"","sticky":false,"template":"","format":"standard","meta":{"colormag_page_container_layout":"default_layout","colormag_page_sidebar_layout":"default_layout","footnotes":""},"categories":[1],"tags":[],"class_list":["post-36441","post","type-post","status-publish","format-standard","hentry","category-ejornais"],"aioseo_notices":[],"amp_enabled":true,"_links":{"self":[{"href":"https:\/\/ejornais.com.br\/index.php\/wp-json\/wp\/v2\/posts\/36441","targetHints":{"allow":["GET"]}}],"collection":[{"href":"https:\/\/ejornais.com.br\/index.php\/wp-json\/wp\/v2\/posts"}],"about":[{"href":"https:\/\/ejornais.com.br\/index.php\/wp-json\/wp\/v2\/types\/post"}],"author":[{"embeddable":true,"href":"https:\/\/ejornais.com.br\/index.php\/wp-json\/wp\/v2\/users\/2"}],"replies":[{"embeddable":true,"href":"https:\/\/ejornais.com.br\/index.php\/wp-json\/wp\/v2\/comments?post=36441"}],"version-history":[{"count":0,"href":"https:\/\/ejornais.com.br\/index.php\/wp-json\/wp\/v2\/posts\/36441\/revisions"}],"wp:attachment":[{"href":"https:\/\/ejornais.com.br\/index.php\/wp-json\/wp\/v2\/media?parent=36441"}],"wp:term":[{"taxonomy":"category","embeddable":true,"href":"https:\/\/ejornais.com.br\/index.php\/wp-json\/wp\/v2\/categories?post=36441"},{"taxonomy":"post_tag","embeddable":true,"href":"https:\/\/ejornais.com.br\/index.php\/wp-json\/wp\/v2\/tags?post=36441"}],"curies":[{"name":"wp","href":"https:\/\/api.w.org\/{rel}","templated":true}]}}