{"id":36588,"date":"2024-12-12T22:57:06","date_gmt":"2024-12-13T01:57:06","guid":{"rendered":"https:\/\/ejornais.com.br\/index.php\/2024\/12\/12\/saldo-de-empregos-na-agropecuaria-dobrou-em-campo-grande-em-dois-anos-maior-crescimento-e-na-producao-florestal-cgnoticias\/"},"modified":"2024-12-12T22:57:06","modified_gmt":"2024-12-13T01:57:06","slug":"saldo-de-empregos-na-agropecuaria-dobrou-em-campo-grande-em-dois-anos-maior-crescimento-e-na-producao-florestal-cgnoticias","status":"publish","type":"post","link":"https:\/\/ejornais.com.br\/index.php\/2024\/12\/12\/saldo-de-empregos-na-agropecuaria-dobrou-em-campo-grande-em-dois-anos-maior-crescimento-e-na-producao-florestal-cgnoticias\/","title":{"rendered":"Saldo de empregos na agropecu\u00e1ria dobrou em Campo Grande em dois anos, maior crescimento \u00e9 na produ\u00e7\u00e3o florestal \u2013 CGNot\u00edcias"},"content":{"rendered":"<p><\/p>\n<div>\n<p>Campo Grande vive um momento promissor no setor agropecu\u00e1rio. Nos \u00faltimos dois anos, o saldo de empregos mais que dobrou, consolidando a cidade como um polo de oportunidades e desenvolvimento econ\u00f4mico. A capital sul-mato-grossense saiu de um saldo de 216 empregos gerados em 2022, para 568 em 2024, at\u00e9 5 de dezembro. Os n\u00fameros do Cadastro Geral de Empregados e Desempregados (CAGED) apontam ainda que 3.805 pessoas foram admitidas este ano no setor Agropecu\u00e1rio, contra 2.344 h\u00e1 dois anos.<\/p>\n<p>A maioria das vagas abertas foi para a produ\u00e7\u00e3o florestal, um total de 544 pessoas trabalhando com carteira assinada. E n\u00e3o poderia ser diferente. A \u00e1rea plantada de florestas na Capital n\u00e3o para de crescer. Em 2023 foram plantados 29.911 hectares de eucalipto, contra 21.462 em 2021, segundo dados da Produ\u00e7\u00e3o da Extra\u00e7\u00e3o Vegetal e da Silvicultura, publicados anualmente pelo Instituto Brasileiro de Geografia e Estat\u00edstica (IBGE).<\/p>\n<p>\u201cO estado de Mato Grosso do Sul vem avan\u00e7ado no setor agr\u00edcola e Campo Grande n\u00e3o est\u00e1 ficando para tr\u00e1s. Os n\u00fameros evidenciam a relev\u00e2ncia econ\u00f4mica desse segmento, fundamental na nossa pauta de exporta\u00e7\u00f5es, mas tamb\u00e9m o seu impacto social, que garante emprego e renda para centenas de fam\u00edlias. Essa expans\u00e3o reflete o potencial da nossa Capital e refor\u00e7a a import\u00e2ncia de pol\u00edticas p\u00fablicas que incentivem o desenvolvimento econ\u00f4mico, fortalecendo os setores e gerando oportunidades para todos\u201d, avalia o secret\u00e1rio municipal de Inova\u00e7\u00e3o, Desenvolvimento Econ\u00f4mico e Agroneg\u00f3cio, Ademar Silva J\u00fanior.<\/p>\n<p>A inaugura\u00e7\u00e3o da f\u00e1brica de celulose em Ribas do Rio Pardo \u2013 cidade distante 97 quil\u00f4metros de Campo Grade \u2013 potencializa as atividades que abrangem n\u00e3o somente o manejo sustent\u00e1vel de florestas como a produ\u00e7\u00e3o de celulose e papel.\u00a0 O que, al\u00e9m de aquecer o mercado de trabalho, potencializa os efeitos positivos em outros setores, como o com\u00e9rcio e os servi\u00e7os. Com o aumento da renda das fam\u00edlias envolvidas na atividade, o consumo interno tamb\u00e9m \u00e9 favorecido, criando um ciclo que beneficia toda a economia local.<\/p>\n<p><em>#ParaTodosVerem<br \/>Foto Capa: Floresta de eucalipto.<\/em><\/p>\n<\/div>\n<p><script async defer async defer src=\"https:\/\/connect.facebook.net\/en_US\/sdk.js?ver=1#xfbml=1&amp;version=v3.2\" id=\"prefeitura-campogrande-script-facebook-sdk-js\"><\/script><\/p>\n","protected":false},"excerpt":{"rendered":"<p>Campo Grande vive um momento promissor no setor agropecu\u00e1rio. Nos \u00faltimos dois anos, o saldo de empregos mais que dobrou,<\/p>\n","protected":false},"author":2,"featured_media":0,"comment_status":"","ping_status":"","sticky":false,"template":"","format":"standard","meta":{"colormag_page_container_layout":"default_layout","colormag_page_sidebar_layout":"default_layout","footnotes":""},"categories":[1],"tags":[],"class_list":["post-36588","post","type-post","status-publish","format-standard","hentry","category-ejornais"],"aioseo_notices":[],"amp_enabled":true,"_links":{"self":[{"href":"https:\/\/ejornais.com.br\/index.php\/wp-json\/wp\/v2\/posts\/36588","targetHints":{"allow":["GET"]}}],"collection":[{"href":"https:\/\/ejornais.com.br\/index.php\/wp-json\/wp\/v2\/posts"}],"about":[{"href":"https:\/\/ejornais.com.br\/index.php\/wp-json\/wp\/v2\/types\/post"}],"author":[{"embeddable":true,"href":"https:\/\/ejornais.com.br\/index.php\/wp-json\/wp\/v2\/users\/2"}],"replies":[{"embeddable":true,"href":"https:\/\/ejornais.com.br\/index.php\/wp-json\/wp\/v2\/comments?post=36588"}],"version-history":[{"count":0,"href":"https:\/\/ejornais.com.br\/index.php\/wp-json\/wp\/v2\/posts\/36588\/revisions"}],"wp:attachment":[{"href":"https:\/\/ejornais.com.br\/index.php\/wp-json\/wp\/v2\/media?parent=36588"}],"wp:term":[{"taxonomy":"category","embeddable":true,"href":"https:\/\/ejornais.com.br\/index.php\/wp-json\/wp\/v2\/categories?post=36588"},{"taxonomy":"post_tag","embeddable":true,"href":"https:\/\/ejornais.com.br\/index.php\/wp-json\/wp\/v2\/tags?post=36588"}],"curies":[{"name":"wp","href":"https:\/\/api.w.org\/{rel}","templated":true}]}}