{"id":36745,"date":"2024-12-15T11:21:11","date_gmt":"2024-12-15T14:21:11","guid":{"rendered":"https:\/\/ejornais.com.br\/index.php\/2024\/12\/15\/alunos-da-educacao-integral-participam-de-espetaculos\/"},"modified":"2024-12-15T11:21:11","modified_gmt":"2024-12-15T14:21:11","slug":"alunos-da-educacao-integral-participam-de-espetaculos","status":"publish","type":"post","link":"https:\/\/ejornais.com.br\/index.php\/2024\/12\/15\/alunos-da-educacao-integral-participam-de-espetaculos\/","title":{"rendered":"Alunos da Educa\u00e7\u00e3o Integral participam de espet\u00e1culos"},"content":{"rendered":"<p><\/p>\n<div>\n<p><b>Lucas Brito<\/b><br \/>&#13;<br \/>\n&#13;<br \/>\n                <span style=\"font-weight: bold;\">Secretaria de Educa\u00e7\u00e3o e Cidadania<\/span><\/p>\n<p><em>Colabora\u00e7\u00e3o do estagi\u00e1rio Rodrigo de Almeida<\/em><\/p>\n<p>As escolas municipais de S\u00e3o Jos\u00e9 tiveram um final de ano letivo agitado em 2024. Entre os meses de novembro e dezembro, 52 unidades de Ensino Fundamental abriram os port\u00f5es e realizaram espet\u00e1culos circenses, teatrais, musicais, de dan\u00e7a e capoeira para a comunidade.<\/p>\n<p>Os projetos foram desenvolvidos por cerca de 2.800 alunos da Educa\u00e7\u00e3o Integral em parceria com a Funda\u00e7\u00e3o Cultural Cassiano Ricardo, que disponibilizou a estrutura para as apresenta\u00e7\u00f5es.<\/p>\n<p>Com a proposta de promover a arte nos bairros das escolas, os espet\u00e1culos atra\u00edram aproximadamente 8.600 espectadores, e mostraram temas diversos.<\/p>\n<p>As apresenta\u00e7\u00f5es foram produzidas ao longo de todo o ano e cada unidade teve liberdade para escolher como dar asas \u00e0 imagina\u00e7\u00e3o dos estudantes, com oficinas realizadas no contraturno das aulas.<\/p>\n<p>Tamb\u00e9m em parceria com a Funda\u00e7\u00e3o Cultural, as atividades de arte e cultura incluem m\u00fasica, dan\u00e7a, circo, teatro e mais.<\/p>\n<p>Dispon\u00edveis para alunos desde a creche at\u00e9 o 9\u00ba ano, o ensino em tempo integral incentiva o desenvolvimento completo dos estudantes, atendendo \u00e0s diferentes necessidades de aprendizagem e fortalecendo as compet\u00eancias socioemocionais.<\/p>\n<p>Al\u00e9m destas propostas, a Educa\u00e7\u00e3o Integral oferece ainda oportunidades para os alunos se desenvolverem em outras \u00e1reas, como esporte e tecnologia.<\/p>\n<p>&#13;<br \/>\n                        <strong>MAIS NOT\u00cdCIAS<\/strong><br \/>&#13;<br \/>\n                        Secretaria de Educa\u00e7\u00e3o e Cidadania&#13;\n                    <\/p>\n<\/p><\/div>\n","protected":false},"excerpt":{"rendered":"<p>Lucas Brito&#13; &#13; Secretaria de Educa\u00e7\u00e3o e Cidadania Colabora\u00e7\u00e3o do estagi\u00e1rio Rodrigo de Almeida As escolas municipais de S\u00e3o Jos\u00e9<\/p>\n","protected":false},"author":2,"featured_media":0,"comment_status":"","ping_status":"","sticky":false,"template":"","format":"standard","meta":{"colormag_page_container_layout":"default_layout","colormag_page_sidebar_layout":"default_layout","footnotes":""},"categories":[1],"tags":[],"class_list":["post-36745","post","type-post","status-publish","format-standard","hentry","category-ejornais"],"aioseo_notices":[],"amp_enabled":true,"_links":{"self":[{"href":"https:\/\/ejornais.com.br\/index.php\/wp-json\/wp\/v2\/posts\/36745","targetHints":{"allow":["GET"]}}],"collection":[{"href":"https:\/\/ejornais.com.br\/index.php\/wp-json\/wp\/v2\/posts"}],"about":[{"href":"https:\/\/ejornais.com.br\/index.php\/wp-json\/wp\/v2\/types\/post"}],"author":[{"embeddable":true,"href":"https:\/\/ejornais.com.br\/index.php\/wp-json\/wp\/v2\/users\/2"}],"replies":[{"embeddable":true,"href":"https:\/\/ejornais.com.br\/index.php\/wp-json\/wp\/v2\/comments?post=36745"}],"version-history":[{"count":0,"href":"https:\/\/ejornais.com.br\/index.php\/wp-json\/wp\/v2\/posts\/36745\/revisions"}],"wp:attachment":[{"href":"https:\/\/ejornais.com.br\/index.php\/wp-json\/wp\/v2\/media?parent=36745"}],"wp:term":[{"taxonomy":"category","embeddable":true,"href":"https:\/\/ejornais.com.br\/index.php\/wp-json\/wp\/v2\/categories?post=36745"},{"taxonomy":"post_tag","embeddable":true,"href":"https:\/\/ejornais.com.br\/index.php\/wp-json\/wp\/v2\/tags?post=36745"}],"curies":[{"name":"wp","href":"https:\/\/api.w.org\/{rel}","templated":true}]}}