{"id":36753,"date":"2024-12-15T15:32:43","date_gmt":"2024-12-15T18:32:43","guid":{"rendered":"https:\/\/ejornais.com.br\/index.php\/2024\/12\/15\/yuri-alberto-e-o-primeiro-joseense-artilheiro-do-campeonato-brasileiro\/"},"modified":"2024-12-15T15:32:43","modified_gmt":"2024-12-15T18:32:43","slug":"yuri-alberto-e-o-primeiro-joseense-artilheiro-do-campeonato-brasileiro","status":"publish","type":"post","link":"https:\/\/ejornais.com.br\/index.php\/2024\/12\/15\/yuri-alberto-e-o-primeiro-joseense-artilheiro-do-campeonato-brasileiro\/","title":{"rendered":"Yuri Alberto \u00e9 o primeiro joseense artilheiro do Campeonato Brasileiro"},"content":{"rendered":"<p><\/p>\n<div>\n<p><b>Lucas Lemes<\/b><br \/>&#13;<br \/>\n&#13;<br \/>\n                <span style=\"font-weight: bold;\">Secretaria de Esporte e Qualidade de Vida<\/span><\/p>\n<p>Pel\u00e9, Roberto Dinamite, Zico, Rom\u00e1rio, Edmundo&#8230; a lista de craques que foram artilheiros do Campeonato Brasileiro \u00e9 grande. Neste ano, mais um craque entrou na lista, o joseense Yuri Alberto, artilheiro da 69\u00aa edi\u00e7\u00e3o do Brasileir\u00e3o e maior goleador do Brasil em 2024, com 31 gols.<\/p>\n<\/p>\n<p><sub>Yuri Alberto, o primeiro garoto em p\u00e9 da direita, posa com uniforme azul do sub-11 do Atleta Cidad\u00e3o. | Foto: Acervo do Atleta Cidad\u00e3o<\/sub><\/p>\n<p>Nascido em S\u00e3o Jos\u00e9 dos Campos no dia 18 de mar\u00e7o de 2001, o camisa 9 do Corinthians come\u00e7ou a trilhar sua carreira em uma escolinha de futebol da cidade e, foi no Atleta Cidad\u00e3o, programa de categoria de base promovido pela Prefeitura de S\u00e3o Jos\u00e9 dos Campos, que Yuri chamou a aten\u00e7\u00e3o do Santos.<\/p>\n<\/p>\n<p><sub>Com a camisa 11, Yuri Alberto, craque das categorias de base do S\u00e3o Jos\u00e9\/AC. | Foto: Acervo do Atleta Cidad\u00e3o<\/sub><\/p>\n<p>Quem lembra bem desta hist\u00f3ria \u00e9 Nedilson Fernando de Oliveira, de 57 anos, treinador que atua no Atleta Cidad\u00e3o h\u00e1 18 anos e viu o crescimento de Yuri de perto nos gramados:<\/p>\n<p>\u201cEm 2012, fizemos uma capta\u00e7\u00e3o de atletas na cidade para compor o elenco do Atleta Cidad\u00e3o. O Yuri Alberto veio da escolinha R10, do professor Robinho, e logo passou a fazer parte do time do Atleta Cidad\u00e3o para jogar o Paulist\u00e3o sub-11. No campeonato, ele come\u00e7ou a ser monitorado pelo Santos ap\u00f3s uma partida que n\u00f3s fizemos contra eles no CT Rei Pel\u00e9&#8221;, disse.<\/p>\n<p>&#8220;Em um dado momento do jogo, Yuri cobrou um escanteio do lado direito com a perna direita. Logo em seguida, surgiu outro escanteio do outro lado, e ele cruzou para a \u00e1rea com a perna esquerda. O menino deu trabalho para o Santos no jogo e, a partir desse dia, que o Santos buscou o Yuri Alberto para posteriormente, lev\u00e1-lo em definitivo.\u201d, conta o treinador, que gosta de uma boa resenha.<\/p>\n<\/p>\n<p><sub>Encontro do treinador Nedilson com Yuri Alberto, quando jogava pelo Internacional| Foto: Acervo pessoal<\/sub><\/p>\n<p>Doze anos depois, Yuri Alberto, que hoje tem 23 anos, j\u00e1 jogou por diversos grandes clubes e consolida uma trajet\u00f3ria de sucesso por onde passou. Santos, Internacional de Porto Alegre, Zenith da R\u00fassia e Corinthians, al\u00e9m de convoca\u00e7\u00f5es para as categorias de base da Sele\u00e7\u00e3o Brasileira.<\/p>\n<\/p>\n<p><sub>Volante Gregore, nos tempos que era capit\u00e3o do time do Atleta Cidad\u00e3o, com a ta\u00e7a dos Jogos Regionais. | Foto: Acervo Atleta Cidad\u00e3o<\/sub><\/p>\n<p>Outro atleta que foi jogador das categorias de base do programa Atleta Cidad\u00e3o \u00e9 Gregore, que foi destaque na campanha vitoriosa do Botafogo no Brasileir\u00e3o deste ano e autor do gol que sacramentou o t\u00edtulo do campeonato para o time carioca, na vit\u00f3ria por 2 a 1, diante do S\u00e3o Paulo.<\/p>\n<p>Mineiro de 30 anos, Gregore chegou em 2011 para as categorias sub-17 e sub-20 do Atleta Cidad\u00e3o. Al\u00e9m da conquista do Brasileir\u00e3o, Gregore tamb\u00e9m comemorou o in\u00e9dito t\u00edtulo da Libertadores conquistado pelo Botafogo neste ano.\u00a0<\/p>\n<\/p>\n<p><sub>*Foto: Reprodu\u00e7\u00e3o<\/sub><\/p>\n<p><span class=\"intertitulo\">Celeiro de Atletas<\/span><\/p>\n<p>S\u00e3o Jos\u00e9 dos Campos colhe os frutos de um trabalho cont\u00ednuo que se consolidou ao longo dos anos como um verdadeiro celeiro na forma\u00e7\u00e3o de atletas no futebol, especialmente por meio de suas categorias de base. A cidade conta com estruturas esportivas de qualidade, profissionais qualificados e programas de incentivo que permitem que jovens talentos desenvolvam todo o seu potencial. Com um olhar atento para a forma\u00e7\u00e3o integral do atleta, S\u00e3o Jos\u00e9 proporciona n\u00e3o apenas o aprendizado t\u00e9cnico, mas tamb\u00e9m valores como disciplina, trabalho em equipe e respeito, essenciais tanto dentro quanto fora dos gramados.<\/p>\n<p>O reflexo desse trabalho \u00e9 visto na grande quantidade de jogadores revelados que seguem carreiras promissoras no futebol profissional, representando a cidade em clubes de destaque no cen\u00e1rio nacional e at\u00e9 internacional. S\u00e3o Jos\u00e9 dos Campos n\u00e3o \u00e9 apenas uma refer\u00eancia regional, mas um modelo de como investir no esporte transforma vidas e fortalece comunidades, reafirmando seu compromisso de ser um ponto de partida para futuros craques do futebol brasileiro.<\/p>\n<p>&#13;<br \/>\n                        <strong>MAIS NOT\u00cdCIAS<\/strong><br \/>&#13;<br \/>\n                        Secretaria de Esporte e Qualidade de Vida&#13;\n                    <\/p>\n<\/p><\/div>\n","protected":false},"excerpt":{"rendered":"<p>Lucas Lemes&#13; &#13; Secretaria de Esporte e Qualidade de Vida Pel\u00e9, Roberto Dinamite, Zico, Rom\u00e1rio, Edmundo&#8230; a lista de craques<\/p>\n","protected":false},"author":2,"featured_media":0,"comment_status":"","ping_status":"","sticky":false,"template":"","format":"standard","meta":{"colormag_page_container_layout":"default_layout","colormag_page_sidebar_layout":"default_layout","footnotes":""},"categories":[1],"tags":[],"class_list":["post-36753","post","type-post","status-publish","format-standard","hentry","category-ejornais"],"aioseo_notices":[],"amp_enabled":true,"_links":{"self":[{"href":"https:\/\/ejornais.com.br\/index.php\/wp-json\/wp\/v2\/posts\/36753","targetHints":{"allow":["GET"]}}],"collection":[{"href":"https:\/\/ejornais.com.br\/index.php\/wp-json\/wp\/v2\/posts"}],"about":[{"href":"https:\/\/ejornais.com.br\/index.php\/wp-json\/wp\/v2\/types\/post"}],"author":[{"embeddable":true,"href":"https:\/\/ejornais.com.br\/index.php\/wp-json\/wp\/v2\/users\/2"}],"replies":[{"embeddable":true,"href":"https:\/\/ejornais.com.br\/index.php\/wp-json\/wp\/v2\/comments?post=36753"}],"version-history":[{"count":0,"href":"https:\/\/ejornais.com.br\/index.php\/wp-json\/wp\/v2\/posts\/36753\/revisions"}],"wp:attachment":[{"href":"https:\/\/ejornais.com.br\/index.php\/wp-json\/wp\/v2\/media?parent=36753"}],"wp:term":[{"taxonomy":"category","embeddable":true,"href":"https:\/\/ejornais.com.br\/index.php\/wp-json\/wp\/v2\/categories?post=36753"},{"taxonomy":"post_tag","embeddable":true,"href":"https:\/\/ejornais.com.br\/index.php\/wp-json\/wp\/v2\/tags?post=36753"}],"curies":[{"name":"wp","href":"https:\/\/api.w.org\/{rel}","templated":true}]}}