{"id":36849,"date":"2024-12-17T11:06:04","date_gmt":"2024-12-17T14:06:04","guid":{"rendered":"https:\/\/ejornais.com.br\/index.php\/2024\/12\/17\/ja-estao-abertas-as-inscricoes-para-novas-turmas-de-2025-do-empreenda-rio-prefeitura-da-cidade-do-rio-de-janeiro\/"},"modified":"2024-12-17T11:06:04","modified_gmt":"2024-12-17T14:06:04","slug":"ja-estao-abertas-as-inscricoes-para-novas-turmas-de-2025-do-empreenda-rio-prefeitura-da-cidade-do-rio-de-janeiro","status":"publish","type":"post","link":"https:\/\/ejornais.com.br\/index.php\/2024\/12\/17\/ja-estao-abertas-as-inscricoes-para-novas-turmas-de-2025-do-empreenda-rio-prefeitura-da-cidade-do-rio-de-janeiro\/","title":{"rendered":"J\u00e1 est\u00e3o abertas as inscri\u00e7\u00f5es para novas turmas de 2025 do Empreenda.Rio &#8211; Prefeitura da Cidade do Rio de Janeiro"},"content":{"rendered":"<p><\/p>\n<div id=\"main\">\n<div class=\"wrapper-breadcrumbs\" wp_automatic_readability=\"18.622359608449\">\n<div class=\"image-post\" wp_automatic_readability=\"32\">\n                     Empreenda.Rio est\u00e1 con inscri\u00e7\u00f5es abertas para turmas de empreendedorismo &#8211; Divulga\u00e7\u00e3o                  <\/div>\n<p>O Empreenda.Rio, curso gratuito promovido pela Secretaria Municipal de Trabalho e Renda em parceria com a Ag\u00eancia Besouro, e voltado para quem tem ou deseja abrir o seu pr\u00f3prio neg\u00f3cio, j\u00e1 est\u00e1 com inscri\u00e7\u00f5es abertas. A primeira turma de 2025 come\u00e7a no dia 13 de janeiro. Os candidatos devem fazer a inscri\u00e7\u00e3o no link\u00a0https:\/\/www.projetoempreendario.com.br\/. Ser\u00e3o 350 vagas para o curso.<\/p>\n<p>Al\u00e9m de aulas de marketing e de gest\u00e3o financeira, os alunos v\u00e3o aprender como fazer plano de neg\u00f3cios. E todos contar\u00e3o ainda com mentoria de tr\u00eas meses, na qual poder\u00e3o tirar d\u00favidas e resolver problemas do dia a dia dos seus pequenos neg\u00f3cios. Nesta ter\u00e7a-feira (17\/12), alunos que conclu\u00edram o curso em dezembro receberam seus diplomas, em uma cerim\u00f4nia no Centro da cidade.<\/p>\n<blockquote wp_automatic_readability=\"10\">\n<p>\u2013 Na pr\u00f3xima sexta-feira (20\/12), teremos tamb\u00e9m a formatura de alunos do programa Jovem Alerta. Esses cursos de qualifica\u00e7\u00e3o s\u00e3o fundamentais para quem quer entrar no mercado de trabalho ou est\u00e1 em busca de novas oportunidades profissionais \u2013 disse o secret\u00e1rio municipal de Trabalho e Renda, Everton Gomes.<\/p>\n<\/blockquote>\n<p>\u00a0<\/p>\n<p>             <!-- Compartilhe ---><\/p>\n<p>\t\t\t <!-- TAGS --><\/p>\n<section class=\"category-tags\">\n<article class=\"tags\">\n\t\t\t\t\tMarca\u00e7\u00f5es: curso Empreenda.Rio gest\u00e3o financeira marketing Trabalho e Renda<br \/><\/article>\n<\/section>\n<p>            <!-- Mais Not&iacute;cias --><\/p>\n<p>\t\t<!-- Conte&uacute;do SIDEBAR --><\/p><\/div>\n<\/p><\/div>\n","protected":false},"excerpt":{"rendered":"<p>Empreenda.Rio est\u00e1 con inscri\u00e7\u00f5es abertas para turmas de empreendedorismo &#8211; Divulga\u00e7\u00e3o O Empreenda.Rio, curso gratuito promovido pela Secretaria Municipal de<\/p>\n","protected":false},"author":2,"featured_media":0,"comment_status":"","ping_status":"","sticky":false,"template":"","format":"standard","meta":{"colormag_page_container_layout":"default_layout","colormag_page_sidebar_layout":"default_layout","footnotes":""},"categories":[1],"tags":[],"class_list":["post-36849","post","type-post","status-publish","format-standard","hentry","category-ejornais"],"aioseo_notices":[],"amp_enabled":true,"_links":{"self":[{"href":"https:\/\/ejornais.com.br\/index.php\/wp-json\/wp\/v2\/posts\/36849","targetHints":{"allow":["GET"]}}],"collection":[{"href":"https:\/\/ejornais.com.br\/index.php\/wp-json\/wp\/v2\/posts"}],"about":[{"href":"https:\/\/ejornais.com.br\/index.php\/wp-json\/wp\/v2\/types\/post"}],"author":[{"embeddable":true,"href":"https:\/\/ejornais.com.br\/index.php\/wp-json\/wp\/v2\/users\/2"}],"replies":[{"embeddable":true,"href":"https:\/\/ejornais.com.br\/index.php\/wp-json\/wp\/v2\/comments?post=36849"}],"version-history":[{"count":0,"href":"https:\/\/ejornais.com.br\/index.php\/wp-json\/wp\/v2\/posts\/36849\/revisions"}],"wp:attachment":[{"href":"https:\/\/ejornais.com.br\/index.php\/wp-json\/wp\/v2\/media?parent=36849"}],"wp:term":[{"taxonomy":"category","embeddable":true,"href":"https:\/\/ejornais.com.br\/index.php\/wp-json\/wp\/v2\/categories?post=36849"},{"taxonomy":"post_tag","embeddable":true,"href":"https:\/\/ejornais.com.br\/index.php\/wp-json\/wp\/v2\/tags?post=36849"}],"curies":[{"name":"wp","href":"https:\/\/api.w.org\/{rel}","templated":true}]}}