{"id":36905,"date":"2024-12-18T07:29:30","date_gmt":"2024-12-18T10:29:30","guid":{"rendered":"https:\/\/ejornais.com.br\/index.php\/2024\/12\/18\/riotur-divulga-a-programacao-completa-de-shows-do-reveillon-rio-2025-prefeitura-da-cidade-do-rio-de-janeiro\/"},"modified":"2024-12-18T07:29:30","modified_gmt":"2024-12-18T10:29:30","slug":"riotur-divulga-a-programacao-completa-de-shows-do-reveillon-rio-2025-prefeitura-da-cidade-do-rio-de-janeiro","status":"publish","type":"post","link":"https:\/\/ejornais.com.br\/index.php\/2024\/12\/18\/riotur-divulga-a-programacao-completa-de-shows-do-reveillon-rio-2025-prefeitura-da-cidade-do-rio-de-janeiro\/","title":{"rendered":"Riotur divulga a programa\u00e7\u00e3o completa de shows do R\u00e9veillon Rio 2025 &#8211; Prefeitura da Cidade do Rio de Janeiro"},"content":{"rendered":"<p><\/p>\n<div id=\"main\">\n<div class=\"wrapper-breadcrumbs\" wp_automatic_readability=\"72.366026065827\">\n<div class=\"image-post\" wp_automatic_readability=\"32\">\n                     R\u00e9veillon em Copacabana &#8211; Divulga\u00e7\u00e3o \/ Prefeitura do Rio                  <\/div>\n<p>A programa\u00e7\u00e3o completa de shows para o R\u00e9veillon Rio 2025 \u2013 A Maior Virada do Mundo foi divulgada, nesta ter\u00e7a-feira (17\/12), pela Riotur. Ser\u00e1 uma celebra\u00e7\u00e3o inesquec\u00edvel, reunindo m\u00fasica, arte e cultura, transformando a cidade em um grande palco de alegria e vibra\u00e7\u00e3o. Desta vez, ser\u00e3o tr\u00eas op\u00e7\u00f5es em Copacabana: o Palco Leme est\u00e1 de volta, al\u00e9m do Palco Rio (o principal, que ser\u00e1 majoritariamente em LED) e o Palco Samba (no formato de um pandeiro). Ser\u00e3o 13 espa\u00e7os de muita m\u00fasica e confraterniza\u00e7\u00e3o espalhados pela cidade, com destaque para a estreia de dois novos palcos nos rec\u00e9m-inaugurados Parque Oeste (Inhoa\u00edba) e Parque Realengo Susana Naspolini.<\/p>\n<p>Este ano, o show pirot\u00e9cnico ser\u00e1 realizado em tr\u00eas pontos da cidade: Copacabana, com dez balsas; Flamengo com tr\u00eas balsas; e Penha, com a queima de fogos na Igreja da Penha. Mas, antes mesmo dos fogos, quando a trilha sonora da festa come\u00e7ar a tocar, um show de luzes in\u00e9dito iluminar\u00e1 Copacabana. Em cada uma das 20 torres de som posicionadas na orla, haver\u00e1 um bal\u00e9 de lasers convidando o futuro nessa dan\u00e7a de luzes que precede a contagem regressiva para 2025 e para a abertura do show de fogos. A Prefeitura do Rio, a Riotur e a SRCOM est\u00e3o juntas, mais uma vez, para promover o maior espet\u00e1culo a c\u00e9u aberto do mundo.<\/p>\n<p>\u00a0<\/p>\n<p><strong>Confira as atra\u00e7\u00f5es por palco:\u00a0<\/strong><\/p>\n<p><em>Palco Rio \u2013 Copacabana<\/em><\/p>\n<p>18h \u2013 4h \u2013 DJ Cady (durante os intervalos)<br \/>20h \u2013 Caetano e Beth\u00e2nia<br \/>22h \u2013 Ivete Sangalo<br \/>00h \u2013 Anitta<br \/>2h \u2013 Xand Avi\u00e3o<br \/>3h30 \u2013 Viradouro<\/p>\n<p><em>Palco Samba \u2013 Copacabana<\/em><\/p>\n<p>Apresenta\u00e7\u00e3o David Brazil e Milton Cunha<\/p>\n<p>18h \u2013 4h \u2013 DJ Tamy (durante os intervalos)<br \/>20h \u2013 Dudu Nobre<br \/>22h \u2013 Pretinho da Serrinha e roda de samba com convidados<br \/>00h \u2013 Marcelo D2 e um Punhado de Bamba<br \/>2h \u2013 Imperatriz Leopoldinense<\/p>\n<p><em>Palco Leme<\/em><\/p>\n<p>DJ Marcelo Ara\u00fajo<br \/>Thalles Roberto<br \/>Midian<br \/>Pastor Claudio<\/p>\n<p><em>Palco Flamengo<\/em><\/p>\n<p>20h \u2013 DJ<br \/>20h40 \u2013 21h40 \u2013 Sylvinho Blau Blau<br \/>22h10 \u2013 23h50 \u2013 DJ<br \/>00h20 \u2013 1h40 \u2013 Marvvila<br \/>2h \u2013 3h \u2013 Grande Rio<\/p>\n<p><em>Palco Realengo<\/em><\/p>\n<p>19h \u2013 19h30 \u2013 DJ<br \/>19h30 \u2013 20h30 \u2013 Arlindinho<br \/>21h \u2013 22h \u2013 Fam\u00edlia Diniz<br \/>22h30 \u2013 23h50 \u2013 Terreiro de Crioulo<br \/>00h20 \u2013 1h40 \u2013 Pique Novo<br \/>2h \u2013 3h \u2013 Mocidade<\/p>\n<p><em>Palco Paquet\u00e1<\/em><\/p>\n<p>20h \u2013 DJ<br \/>20h40 \u2013 21h40 \u2013 Roda de Santa Rita<br \/>22h10 \u2013 23h50 \u2013 Baia<br \/>00h20 \u2013 1h40 \u2013 Guga Nandes<br \/>2h \u2013 3h \u2013 Unidos da Tijuca<\/p>\n<p><em>Palco Ilha do Governador<\/em><\/p>\n<p>20h \u2013 DJ<br \/>21h \u2013 Velha Guarda Musical de Vila Isabel<br \/>22h30 \u2013 23h50 \u2013 Mr. Dan<br \/>00h20 \u2013 1h40 \u2013 Gustavo Lins<br \/>1h50 \u2013 2h40 \u2013 Beija-Flor<br \/>2h40 \u2013 3h10 \u2013 Uni\u00e3o da Ilha do Governador<\/p>\n<p><em>Palco Penha<\/em><\/p>\n<p>19h \u2013 19h30 \u2013 DJ<br \/>19h30 \u2013 20h30 \u2013 Grupo Exist\u00eancia<br \/>21h \u2013 22h \u2013 Michel Sullivan<br \/>00h20 -1h40 \u2013 ImaginaSamba<br \/>2h \u2013 3h \u2013 Salgueiro<\/p>\n<p><em>Palco Praia de Ramos<\/em><\/p>\n<p>19h00 \u2013 19h30 \u2013 DJ<br \/>20h \u2013 Siri de Ramos<br \/>21h15 \u2013 22h30 \u2013 Biel do Furduncinho<br \/>22h30 \u2013 23h \u2013 DJ Nath<br \/>23h \u2013 23h50 \u2013 Caio Luccas<br \/>00h20 \u2013 Lexa<br \/>2h \u2013 Vila Isabel<\/p>\n<p><em>Palco Parque Madureira<br \/><\/em><\/p>\n<p>19h30 \u2013 20h30 \u2013 DJ<br \/>20h30 \u2013 21h30 \u2013 Caju pra Baixo<br \/>22h \u2013 23h \u2013 DJ Michell<br \/>22h30 \u2013 23h50 \u2013 Velha Guarda da Portela<br \/>00h20 \u2013 1h40 \u2013 Lukinhas<br \/>1h50 \u2013 2h20 \u2013 Imp\u00e9rio Serrano<br \/>2h20 \u2013 3h \u2013 Portela<\/p>\n<p><em>Palco Parque Oeste\/Inhoa\u00edba<\/em><\/p>\n<p>20h \u2013 DJ<br \/>21h \u2013 Amanda Amado<br \/>22h30 \u2013 23h50 \u2013 Os Mulekes<br \/>00h20 \u2013 1h40 \u2013 Clareou<br \/>2h \u2013 3h \u2013 Unidos de Padre Miguel<\/p>\n<p><em>Palco Pedra de Guaratiba<\/em><\/p>\n<p>19h \u2013 19h30 \u2013 DJ<br \/>19h30 \u2013 20h30 \u2013 Charles Andr\u00e9<br \/>21h \u2013 22h \u2013 Jorginho Faria<br \/>22h30 \u2013 23h50 \u2013 Swing e Simpatia<br \/>00h20 \u2013 1h40 \u2013 Batucada D\u00fa Nosso Bloco<br \/>2h \u2013 3h \u2013 Para\u00edso do Tuiuti<\/p>\n<p><em>Palco Sepetiba<\/em><\/p>\n<p>20h \u2013 Dani Flomin<br \/>21h \u2013 22h \u2013 Leandro Sapucahy<br \/>22h30 \u2013 23h50 \u2013 Suel<br \/>00h20 \u2013 1h40 \u2013 Diney<br \/>2h \u2013 3h \u2013 Mangueira<\/p>\n<p>             <!-- Compartilhe ---><\/p>\n<p>\t\t\t <!-- TAGS --><\/p>\n<section class=\"category-tags\">\n<div class=\"marcacao-category\">\n<article class=\"category-post\">\n<p>Categoria: <\/p>\n<\/article>\n<li>17 de dezembro de 2024<\/li><\/div>\n<article class=\"tags\">\n\t\t\t\t\tMarca\u00e7\u00f5es: copacabana programa\u00e7\u00e3o Queima de fogos R\u00e9veillon Rio 2025 Riotur shows<br \/><\/article>\n<\/section>\n<p>            <!-- Mais Not&iacute;cias --><\/p>\n<p>\t\t<!-- Conte&uacute;do SIDEBAR --><\/p><\/div>\n<\/p><\/div>\n","protected":false},"excerpt":{"rendered":"<p>R\u00e9veillon em Copacabana &#8211; Divulga\u00e7\u00e3o \/ Prefeitura do Rio A programa\u00e7\u00e3o completa de shows para o R\u00e9veillon Rio 2025 \u2013<\/p>\n","protected":false},"author":2,"featured_media":0,"comment_status":"","ping_status":"","sticky":false,"template":"","format":"standard","meta":{"colormag_page_container_layout":"default_layout","colormag_page_sidebar_layout":"default_layout","footnotes":""},"categories":[1],"tags":[],"class_list":["post-36905","post","type-post","status-publish","format-standard","hentry","category-ejornais"],"aioseo_notices":[],"amp_enabled":true,"_links":{"self":[{"href":"https:\/\/ejornais.com.br\/index.php\/wp-json\/wp\/v2\/posts\/36905","targetHints":{"allow":["GET"]}}],"collection":[{"href":"https:\/\/ejornais.com.br\/index.php\/wp-json\/wp\/v2\/posts"}],"about":[{"href":"https:\/\/ejornais.com.br\/index.php\/wp-json\/wp\/v2\/types\/post"}],"author":[{"embeddable":true,"href":"https:\/\/ejornais.com.br\/index.php\/wp-json\/wp\/v2\/users\/2"}],"replies":[{"embeddable":true,"href":"https:\/\/ejornais.com.br\/index.php\/wp-json\/wp\/v2\/comments?post=36905"}],"version-history":[{"count":0,"href":"https:\/\/ejornais.com.br\/index.php\/wp-json\/wp\/v2\/posts\/36905\/revisions"}],"wp:attachment":[{"href":"https:\/\/ejornais.com.br\/index.php\/wp-json\/wp\/v2\/media?parent=36905"}],"wp:term":[{"taxonomy":"category","embeddable":true,"href":"https:\/\/ejornais.com.br\/index.php\/wp-json\/wp\/v2\/categories?post=36905"},{"taxonomy":"post_tag","embeddable":true,"href":"https:\/\/ejornais.com.br\/index.php\/wp-json\/wp\/v2\/tags?post=36905"}],"curies":[{"name":"wp","href":"https:\/\/api.w.org\/{rel}","templated":true}]}}