{"id":37507,"date":"2025-01-02T02:42:21","date_gmt":"2025-01-02T05:42:21","guid":{"rendered":"https:\/\/ejornais.com.br\/index.php\/2025\/01\/02\/operacao-de-limpeza-da-emlur-coleta-mais-de-100-toneladas-de-residuos-apos-festejos-de-reveillon\/"},"modified":"2025-01-02T02:42:21","modified_gmt":"2025-01-02T05:42:21","slug":"operacao-de-limpeza-da-emlur-coleta-mais-de-100-toneladas-de-residuos-apos-festejos-de-reveillon","status":"publish","type":"post","link":"https:\/\/ejornais.com.br\/index.php\/2025\/01\/02\/operacao-de-limpeza-da-emlur-coleta-mais-de-100-toneladas-de-residuos-apos-festejos-de-reveillon\/","title":{"rendered":"Opera\u00e7\u00e3o de limpeza da Emlur coleta mais de 100 toneladas de res\u00edduos ap\u00f3s festejos de R\u00e9veillon"},"content":{"rendered":"<p><\/p>\n<div>\n<p>Os agentes da Autarquia Especial Municipal de Limpeza Urbana (Emlur) coletaram mais de 100 toneladas de res\u00edduos na opera\u00e7\u00e3o de limpeza, ap\u00f3s os festejos de R\u00e9veillon na cidade de Jo\u00e3o Pessoa, nas primeiras horas desta quarta-feira (1\u00ba). Os servi\u00e7os de coleta de res\u00edduos, cata\u00e7\u00e3o na faixa de areia, varri\u00e7\u00e3o e lavagem da cal\u00e7adinha foram iniciados com os primeiros raios solares, mas seguem durante a tarde.<\/p>\n<figure class=\"wp-block-gallery has-nested-images columns-default is-cropped wp-block-gallery-1 is-layout-flex wp-block-gallery-is-layout-flex\">\n<figure class=\"wp-block-image size-large\"><\/figure>\n<figure class=\"wp-block-image size-large\"><\/figure>\n<\/figure>\n<p>A Emlur mobilizou aproximadamente 750 colaboradores, entre agentes de limpeza, fiscais e motoristas de caminh\u00f5es e de maquin\u00e1rios. As equipes foram divididas em grupos, dentre os quais 500 trabalharam durante a madrugada e a manh\u00e3, e o restante segue ao longo do dia.<\/p>\n<p>De acordo com o superintendente da Emlur, Ricardo Veloso, a opera\u00e7\u00e3o de limpeza contempla todo o Litoral de Jo\u00e3o Pessoa, que s\u00e3o os pontos de maior concentra\u00e7\u00e3o da popula\u00e7\u00e3o, durante o R\u00e9veillon. Foram recolhidos materiais como garrafas de vidro, latinhas de bebidas, materiais de pl\u00e1stico, embalagens de alimentos de papel e isopor, al\u00e9m de res\u00edduos org\u00e2nicos.<\/p>\n<figure class=\"wp-block-gallery has-nested-images columns-default is-cropped wp-block-gallery-2 is-layout-flex wp-block-gallery-is-layout-flex\">\n<figure class=\"wp-block-image size-large\"><\/figure>\n<figure class=\"wp-block-image size-large\"><\/figure>\n<figure class=\"wp-block-image size-large\"><\/figure>\n<\/figure>\n<p>\u201cMobilizamos um grande efetivo de agentes de limpeza para podermos entregar a cidade limpa para a popula\u00e7\u00e3o de Jo\u00e3o Pessoa e os turistas, ainda na manh\u00e3 deste primeiro dia do ano\u201d, afirmou Ricardo Veloso. Mas as a\u00e7\u00f5es de limpeza n\u00e3o ficaram restritas \u00e0 orla. A coleta de res\u00edduos s\u00f3lidos domiciliares foi refor\u00e7ada nos bairros, durante o dia, para recolher o excesso de res\u00edduos produzidos nas resid\u00eancias com o R\u00e9veillon.<\/p>\n<p>Ricardo Veloso destacou a grande quantidade de papeleiras danificadas durante os festejos de R\u00e9veillon, o que dificulta o descarte correto de res\u00edduos pela popula\u00e7\u00e3o e, consequentemente, o trabalho de coleta, executado pelos agentes da Emlur. \u201cA depreda\u00e7\u00e3o das papeleiras \u00e9 uma conduta il\u00edcita e deve ser denunciada pela popula\u00e7\u00e3o\u201d, ressaltou.<\/p>\n<p>Segundo o diretor de Limpeza Urbana da Emlur, Cl\u00f3vis Netto, a opera\u00e7\u00e3o de limpeza da orla come\u00e7ou no Busto de Tamandar\u00e9, onde as equipes foram divididas para Cabo Branco, Tamba\u00fa e Mana\u00edra. \u201cCom o t\u00e9rmino do servi\u00e7o, as equipes foram se deslocando para as avenidas paralelas \u00e0 orla, sentido Centro. Ao mesmo tempo, os servi\u00e7os estavam sendo realizados no Bessa\u201d, explicou o diretor. As praias dos Seixas e da Penha tamb\u00e9m foram contempladas pela opera\u00e7\u00e3o de limpeza.<\/p>\n<figure class=\"wp-block-gallery has-nested-images columns-default is-cropped wp-block-gallery-3 is-layout-flex wp-block-gallery-is-layout-flex\">\n<figure class=\"wp-block-image size-large\"><\/figure>\n<figure class=\"wp-block-image size-large\"><\/figure>\n<\/figure>\n<p>Para garantir a efetividade das a\u00e7\u00f5es de limpeza urbana, um repasse foi feito \u00e0s 11h, considerando a grande aglomera\u00e7\u00e3o de pessoas nas praias, nesta \u00e9poca do ano, em que o turismo est\u00e1 em alta e a cidade recebe milhares de visitantes. \u201cDesta forma, estendemos a opera\u00e7\u00e3o at\u00e9 a tarde\u201d, destacou Cl\u00f3vis Netto. Ao longo desta quarta-feira (1\u00ba), os servi\u00e7os de varri\u00e7\u00e3o da cal\u00e7adinha e de cata\u00e7\u00e3o na faixa de areia ser\u00e3o ininterruptos at\u00e9 \u00e0s 5h do dia seguinte.<\/p>\n<p>A popula\u00e7\u00e3o pode solicitar os servi\u00e7os da Emlur pelos telefones 3213 4237 e 3213 4238 e pelo aplicativo \u2018Jo\u00e3o Pessoa na Palma da M\u00e3o\u2019. Outra op\u00e7\u00e3o \u00e9 pelo site da Prefeitura de Jo\u00e3o Pessoa, na plataforma Prefeitura Conectada, no endere\u00e7o https:\/\/joaopessoa.1doc.com.br\/b.php?pg=wp\/wp&amp;itd=10<\/p>\n<\/p><\/div>\n","protected":false},"excerpt":{"rendered":"<p>Os agentes da Autarquia Especial Municipal de Limpeza Urbana (Emlur) coletaram mais de 100 toneladas de res\u00edduos na opera\u00e7\u00e3o de<\/p>\n","protected":false},"author":2,"featured_media":0,"comment_status":"","ping_status":"","sticky":false,"template":"","format":"standard","meta":{"colormag_page_container_layout":"default_layout","colormag_page_sidebar_layout":"default_layout","footnotes":""},"categories":[1],"tags":[],"class_list":["post-37507","post","type-post","status-publish","format-standard","hentry","category-ejornais"],"aioseo_notices":[],"amp_enabled":true,"_links":{"self":[{"href":"https:\/\/ejornais.com.br\/index.php\/wp-json\/wp\/v2\/posts\/37507","targetHints":{"allow":["GET"]}}],"collection":[{"href":"https:\/\/ejornais.com.br\/index.php\/wp-json\/wp\/v2\/posts"}],"about":[{"href":"https:\/\/ejornais.com.br\/index.php\/wp-json\/wp\/v2\/types\/post"}],"author":[{"embeddable":true,"href":"https:\/\/ejornais.com.br\/index.php\/wp-json\/wp\/v2\/users\/2"}],"replies":[{"embeddable":true,"href":"https:\/\/ejornais.com.br\/index.php\/wp-json\/wp\/v2\/comments?post=37507"}],"version-history":[{"count":0,"href":"https:\/\/ejornais.com.br\/index.php\/wp-json\/wp\/v2\/posts\/37507\/revisions"}],"wp:attachment":[{"href":"https:\/\/ejornais.com.br\/index.php\/wp-json\/wp\/v2\/media?parent=37507"}],"wp:term":[{"taxonomy":"category","embeddable":true,"href":"https:\/\/ejornais.com.br\/index.php\/wp-json\/wp\/v2\/categories?post=37507"},{"taxonomy":"post_tag","embeddable":true,"href":"https:\/\/ejornais.com.br\/index.php\/wp-json\/wp\/v2\/tags?post=37507"}],"curies":[{"name":"wp","href":"https:\/\/api.w.org\/{rel}","templated":true}]}}