{"id":37555,"date":"2025-01-04T03:52:27","date_gmt":"2025-01-04T06:52:27","guid":{"rendered":"https:\/\/ejornais.com.br\/index.php\/2025\/01\/04\/semob-jp-define-operacao-especial-de-transito-e-transporte-para-o-festival-forro-verao\/"},"modified":"2025-01-04T03:52:27","modified_gmt":"2025-01-04T06:52:27","slug":"semob-jp-define-operacao-especial-de-transito-e-transporte-para-o-festival-forro-verao","status":"publish","type":"post","link":"https:\/\/ejornais.com.br\/index.php\/2025\/01\/04\/semob-jp-define-operacao-especial-de-transito-e-transporte-para-o-festival-forro-verao\/","title":{"rendered":"Semob-JP define opera\u00e7\u00e3o especial de tr\u00e2nsito e transporte para o Festival Forr\u00f3 Ver\u00e3o"},"content":{"rendered":"<p><\/p>\n<div>\n<p>Com o objetivo de garantir o ordenamento e a fluidez do tr\u00e1fego de ve\u00edculos e o acesso por transporte p\u00fablico durante os shows do Festival Forr\u00f3 Ver\u00e3o, promovido pela Prefeitura de Jo\u00e3o Pessoa, no Busto de Tamandar\u00e9, a Superintend\u00eancia Executiva de Mobilidade Urbana (Semob-JP) definiu a opera\u00e7\u00e3o de tr\u00e2nsito e transporte que ser\u00e1 executada nos s\u00e1bados de janeiro e 1\u00ba de fevereiro, com in\u00edcio neste s\u00e1bado (4), \u00e0s 19h, com previs\u00e3o de encerramento pela organiza\u00e7\u00e3o do evento \u00e0s 2h da madrugada.<\/p>\n<figure class=\"wp-block-image size-large\"><\/figure>\n<p><strong>Tr\u00e2nsito<\/strong> \u2013 A partir das 6h da manh\u00e3, agentes de mobilidade v\u00e3o isolar a Rua \u00cdndio Arabutan, proibindo o estacionamento de ve\u00edculos, no trecho compreendido entre as avenidas Ant\u00f4nio Lira e Cabo Branco, bem como a Avenida Cabo Branco, a partir do Busto de Tamandar\u00e9 at\u00e9 o Hotel X\u00eanius, para opera\u00e7\u00f5es de carga e descarga dos ve\u00edculos que transportam material para a realiza\u00e7\u00e3o do evento e abastecimento dos bares e quiosques.<\/p>\n<p>O trecho da Rua Jos\u00e9 Augusto Trindade, entre as avenidas Ant\u00f4nio Lira e Almirante Tamandar\u00e9, ser\u00e1 bloqueado, por conta das barracas que ser\u00e3o posicionadas na Avenida Almirante Tamandar\u00e9, a partir do Busto de Tamandar\u00e9 at\u00e9 a Rua Helena Meira Lima.<\/p>\n<p>Tamb\u00e9m haver\u00e1 bloqueio no final da Avenida Epit\u00e1cio Pessoa, sentido praia, obrigando os condutores que t\u00eam como destino a Avenida Cabo Branco fazerem um \u201clooping\u201d, entrando \u00e0 esquerda na Avenida Nossa Senhora dos Navegantes, depois \u00e0 direita na Rua Jos\u00e9 Augusto Trindade e, tamb\u00e9m \u00e0 direita, na Avenida Ant\u00f4nio Lira, depois \u00e0 esquerda na Rua \u00edndio Arabutan e, seguindo normalmente pela Avenida Cabo Branco.<\/p>\n<p><strong>Transporte<\/strong> \u2013 A Semob-JP tamb\u00e9m vai garantir transporte coletivo para quem pretender ir ao evento de \u00f4nibus. Para isso, a Diretoria de Transportes (Ditrans) determinou refor\u00e7o \u00e0s empresas nas linhas que passam no Busto de Tamandar\u00e9, a partir das 19h, sendo elas: 510 \u2013 Tamba\u00fa; 507 \u2013 Cabo Branco; Circulares \u2013 1500 e 5100, que passar\u00e3o excepcionalmente pela orla. Com o refor\u00e7o, ser\u00e3o mais 60 viagens, realizadas por 15 ve\u00edculos extras disponibilizados pelas empresas concession\u00e1rias. \u00a0\u00a0\u00a0\u00a0\u00a0\u00a0\u00a0\u00a0\u00a0\u00a0\u00a0\u00a0\u00a0\u00a0\u00a0\u00a0<\/p>\n<p>O superintendente de Mobilidade, Expedito Leite Filho, destacou a import\u00e2ncia do Festival Forr\u00f3 Ver\u00e3o para o turismo da cidade e o trabalho da Semob-JP para o sucesso do evento. \u201cEsses eventos elevam Jo\u00e3o Pessoa a um n\u00edvel diferenciado como cidade tur\u00edstica e atrativa. Por isso o nosso empenho em contribuir com tr\u00e2nsito seguro e transporte p\u00fablico. Ser\u00e3o 20 agentes de mobilidade no entorno do evento e \u00f4nibus refor\u00e7ados\u201d, disse o gestor de mobilidade. \u00a0\u00a0\u00a0\u00a0<\/p>\n<\/p><\/div>\n","protected":false},"excerpt":{"rendered":"<p>Com o objetivo de garantir o ordenamento e a fluidez do tr\u00e1fego de ve\u00edculos e o acesso por transporte p\u00fablico<\/p>\n","protected":false},"author":2,"featured_media":0,"comment_status":"","ping_status":"","sticky":false,"template":"","format":"standard","meta":{"colormag_page_container_layout":"default_layout","colormag_page_sidebar_layout":"default_layout","footnotes":""},"categories":[1],"tags":[],"class_list":["post-37555","post","type-post","status-publish","format-standard","hentry","category-ejornais"],"aioseo_notices":[],"amp_enabled":true,"_links":{"self":[{"href":"https:\/\/ejornais.com.br\/index.php\/wp-json\/wp\/v2\/posts\/37555","targetHints":{"allow":["GET"]}}],"collection":[{"href":"https:\/\/ejornais.com.br\/index.php\/wp-json\/wp\/v2\/posts"}],"about":[{"href":"https:\/\/ejornais.com.br\/index.php\/wp-json\/wp\/v2\/types\/post"}],"author":[{"embeddable":true,"href":"https:\/\/ejornais.com.br\/index.php\/wp-json\/wp\/v2\/users\/2"}],"replies":[{"embeddable":true,"href":"https:\/\/ejornais.com.br\/index.php\/wp-json\/wp\/v2\/comments?post=37555"}],"version-history":[{"count":0,"href":"https:\/\/ejornais.com.br\/index.php\/wp-json\/wp\/v2\/posts\/37555\/revisions"}],"wp:attachment":[{"href":"https:\/\/ejornais.com.br\/index.php\/wp-json\/wp\/v2\/media?parent=37555"}],"wp:term":[{"taxonomy":"category","embeddable":true,"href":"https:\/\/ejornais.com.br\/index.php\/wp-json\/wp\/v2\/categories?post=37555"},{"taxonomy":"post_tag","embeddable":true,"href":"https:\/\/ejornais.com.br\/index.php\/wp-json\/wp\/v2\/tags?post=37555"}],"curies":[{"name":"wp","href":"https:\/\/api.w.org\/{rel}","templated":true}]}}