{"id":37678,"date":"2025-01-08T13:49:11","date_gmt":"2025-01-08T16:49:11","guid":{"rendered":"https:\/\/ejornais.com.br\/index.php\/2025\/01\/08\/prefeitura-entrega-nova-pista-de-pump-track-em-sao-francisco\/"},"modified":"2025-01-08T13:49:11","modified_gmt":"2025-01-08T16:49:11","slug":"prefeitura-entrega-nova-pista-de-pump-track-em-sao-francisco","status":"publish","type":"post","link":"https:\/\/ejornais.com.br\/index.php\/2025\/01\/08\/prefeitura-entrega-nova-pista-de-pump-track-em-sao-francisco\/","title":{"rendered":"Prefeitura entrega nova pista de Pump Track em S\u00e3o Francisco"},"content":{"rendered":"<p><\/p>\n<div>\n<p><b>Lucas Lemes<\/b><br \/>&#13;<br \/>\n&#13;<br \/>\n                <span style=\"font-weight: bold;\">Secretaria de Esporte e Qualidade de Vida<\/span><\/p>\n<p>A Prefeitura de S\u00e3o Jos\u00e9 dos Campos entregou nesta ter\u00e7a-feira (7) a nova pista de Pump Track, localizada em S\u00e3o Francisco Xavier. Destinada aos esportes radicais, a pista \u00e9 totalmente revestida com 438 metros de cobertura asf\u00e1ltica em um percurso voltado para os &#8216;pumps&#8217;, tipo de fundamento que exige que o praticante ultrapasse os obst\u00e1culos usando apenas o peso do pr\u00f3prio corpo para impulsionar e ganhar velocidade.<\/p>\n<p>O percurso \u00e9 apropriado para cadeirantes que praticam esportes adaptados, al\u00e9m de englobar tamb\u00e9m o skate, patins e patinete.<\/p>\n<\/p>\n<p><sup>Atleta de BMX Cauan Madona prestigiou a abertura da pista junto da esposa, Fl\u00e1via e a filha|Foto: PMSJC<\/sup><\/p>\n<p>Atleta profissional de BMX, o joseense Cauan Madona, de 30 anos, esteve presente para a inaugura\u00e7\u00e3o da pista. H\u00e1 15 anos no esporte, o atleta aprovou o novo espa\u00e7o. Com manobras e pulos impressionantes, Cauan deu um show no Pump Track.<\/p>\n<p>&#8220;O Pump Track aceita v\u00e1rios esportes. \u00c9 aqui que se aprimora a t\u00e9cnica, a din\u00e2mica, e \u00e9 onde tamb\u00e9m qualquer pessoa pode come\u00e7ar a praticar, seja com bike, skate, patins, cadeira de rodas.\u00a0S\u00e3o Francisco Xavier \u00e9 m\u00e1gico, ter uma pista de Pump Track aqui \u00e9 muito legal. A pista \u00e9 muito bonita, muito boa. A galera vai treinar, se divertir e curtir toda a beleza desse lugar.&#8221;<\/p>\n<\/p>\n<p><sup>Cauan Madona voando alto no Pump Track|Foto: Claudio Vieira<\/sup><\/p>\n<p>Skatista amador, Paulo S\u00e9rgio C\u00e2ndido, de 61 anos, dropou na pista a bordo do seu carver board e arrasou com seu estilo.<\/p>\n<p>&#8220;Eu costumo dizer que gosto de surfar no asfalto. Eu curto muito essa vida e a pista t\u00e1 sensacional! D\u00e1 pra pegar muita velocidade e \u00e9 isso, \u00e9 andar de skate todo dia e continuar falando que, mesmo com meus quase &#8216;meia dois&#8217;, eu ainda estou aqui!&#8221;, brinca antes de se jogar de volta para a pista.<\/p>\n<\/p>\n<p><sup>Paulo mostra seu skate com o lema que carrega para a vida|Foto: PMSJC<\/sup><\/p>\n<p>A nova pista foi uma doa\u00e7\u00e3o da RDC Construtora, respons\u00e1vel pelo projeto, como uma forma de contribuir com o lazer e incentivar a pr\u00e1tica esportiva, seja ela amadora ou profissional.<\/p>\n<p>O Pump Track de S\u00e3o Francisco Xavier fica na Rua 15 de Novembro, pr\u00f3ximo ao Portal do distrito. O espa\u00e7o pode ser acessado pelo p\u00fablico em qualquer hor\u00e1rio, todos os dias da semana.<\/p>\n<p>&#13;<br \/>\n                        <strong>MAIS NOT\u00cdCIAS<\/strong><br \/>&#13;<br \/>\n                        Secretaria de Esporte e Qualidade de Vida&#13;\n                    <\/p>\n<\/p><\/div>\n","protected":false},"excerpt":{"rendered":"<p>Lucas Lemes&#13; &#13; Secretaria de Esporte e Qualidade de Vida A Prefeitura de S\u00e3o Jos\u00e9 dos Campos entregou nesta ter\u00e7a-feira<\/p>\n","protected":false},"author":2,"featured_media":0,"comment_status":"","ping_status":"","sticky":false,"template":"","format":"standard","meta":{"colormag_page_container_layout":"default_layout","colormag_page_sidebar_layout":"default_layout","footnotes":""},"categories":[1],"tags":[],"class_list":["post-37678","post","type-post","status-publish","format-standard","hentry","category-ejornais"],"aioseo_notices":[],"amp_enabled":true,"_links":{"self":[{"href":"https:\/\/ejornais.com.br\/index.php\/wp-json\/wp\/v2\/posts\/37678","targetHints":{"allow":["GET"]}}],"collection":[{"href":"https:\/\/ejornais.com.br\/index.php\/wp-json\/wp\/v2\/posts"}],"about":[{"href":"https:\/\/ejornais.com.br\/index.php\/wp-json\/wp\/v2\/types\/post"}],"author":[{"embeddable":true,"href":"https:\/\/ejornais.com.br\/index.php\/wp-json\/wp\/v2\/users\/2"}],"replies":[{"embeddable":true,"href":"https:\/\/ejornais.com.br\/index.php\/wp-json\/wp\/v2\/comments?post=37678"}],"version-history":[{"count":0,"href":"https:\/\/ejornais.com.br\/index.php\/wp-json\/wp\/v2\/posts\/37678\/revisions"}],"wp:attachment":[{"href":"https:\/\/ejornais.com.br\/index.php\/wp-json\/wp\/v2\/media?parent=37678"}],"wp:term":[{"taxonomy":"category","embeddable":true,"href":"https:\/\/ejornais.com.br\/index.php\/wp-json\/wp\/v2\/categories?post=37678"},{"taxonomy":"post_tag","embeddable":true,"href":"https:\/\/ejornais.com.br\/index.php\/wp-json\/wp\/v2\/tags?post=37678"}],"curies":[{"name":"wp","href":"https:\/\/api.w.org\/{rel}","templated":true}]}}