{"id":37686,"date":"2025-01-08T19:25:15","date_gmt":"2025-01-08T22:25:15","guid":{"rendered":"https:\/\/ejornais.com.br\/index.php\/2025\/01\/08\/cet-rio-monta-esquema-de-transito-para-obras-na-avenida-niemeyer-nesta-quinta-feira-09-01-prefeitura-da-cidade-do-rio-de-janeiro\/"},"modified":"2025-01-08T19:25:15","modified_gmt":"2025-01-08T22:25:15","slug":"cet-rio-monta-esquema-de-transito-para-obras-na-avenida-niemeyer-nesta-quinta-feira-09-01-prefeitura-da-cidade-do-rio-de-janeiro","status":"publish","type":"post","link":"https:\/\/ejornais.com.br\/index.php\/2025\/01\/08\/cet-rio-monta-esquema-de-transito-para-obras-na-avenida-niemeyer-nesta-quinta-feira-09-01-prefeitura-da-cidade-do-rio-de-janeiro\/","title":{"rendered":"CET-Rio monta esquema de tr\u00e2nsito para obras na Avenida Niemeyer nesta quinta-feira (09\/01) &#8211; Prefeitura da Cidade do Rio de Janeiro"},"content":{"rendered":"<p><\/p>\n<div id=\"main\">\n<div class=\"wrapper-breadcrumbs\" wp_automatic_readability=\"26.13508492569\">\n<div class=\"image-post\" wp_automatic_readability=\"33\">\n                     Uma das faixas da Avenida Niemeyer ser\u00e1 interditada ao tr\u00e2nsito de ve\u00edculos. Marcos de Paula \/ Prefeitura do Rio                  <\/div>\n<p>A CET-Rio informa que, das 22h desta quinta-feira (09\/01) \u00e0s 5h de sexta-feira (10\/01), a Avenida Niemeyer ser\u00e1 interditada, parcialmente, entre o Leblon e S\u00e3o Conrado para execu\u00e7\u00e3o de obras da concession\u00e1ria Claro.<\/p>\n<p>Uma faixa ser\u00e1 interditada ao tr\u00e2nsito de ve\u00edculos. O desvio ser\u00e1 feito na mesma pista, atrav\u00e9s da implanta\u00e7\u00e3o de uma opera\u00e7\u00e3o pare e siga, mantendo a circula\u00e7\u00e3o em ambos os sentidos.<\/p>\n<p>\u00c9 recomendado aos motoristas que, durante a interdi\u00e7\u00e3o parcial, seja priorizada a utiliza\u00e7\u00e3o de rotas alternativas, como por exemplo, os t\u00faneis Zuzu Angel e Rafael Mascarenhas.<\/p>\n<p>A opera\u00e7\u00e3o de tr\u00e2nsito contar\u00e1 com a participa\u00e7\u00e3o de agentes da CET-Rio, Guarda Municipal e apoiadores de tr\u00e1fego, que trabalhar\u00e3o para manter a fluidez e orientar os motoristas.<\/p>\n<p>Os tempos semaf\u00f3ricos ser\u00e3o ajustados para melhorar a fluidez nos principais corredores de tr\u00e1fego da regi\u00e3o. Al\u00e9m disso, ser\u00e3o utilizados pain\u00e9is de mensagens vari\u00e1veis para orientar e alertar os motoristas sobre as interdi\u00e7\u00f5es e rotas alternativas.<\/p>\n<p>             <!-- Compartilhe ---><\/p>\n<p>\t\t\t <!-- TAGS --><\/p>\n<section class=\"category-tags\">\n<div class=\"marcacao-category\">\n<article class=\"category-post\">\n<p>Categoria: <\/p>\n<\/article>\n<li>8 de janeiro de 2025<\/li><\/div>\n<article class=\"tags\">\n\t\t\t\t\tMarca\u00e7\u00f5es: Avenida Niemeyer Interdi\u00e7\u00e3o S\u00e3o Conrado tr\u00e2nsito Zona Sul<br \/><\/article>\n<\/section>\n<p>            <!-- Mais Not&iacute;cias --><\/p>\n<p>\t\t<!-- Conte&uacute;do SIDEBAR --><\/p><\/div>\n<\/p><\/div>\n","protected":false},"excerpt":{"rendered":"<p>Uma das faixas da Avenida Niemeyer ser\u00e1 interditada ao tr\u00e2nsito de ve\u00edculos. Marcos de Paula \/ Prefeitura do Rio A<\/p>\n","protected":false},"author":2,"featured_media":0,"comment_status":"","ping_status":"","sticky":false,"template":"","format":"standard","meta":{"colormag_page_container_layout":"default_layout","colormag_page_sidebar_layout":"default_layout","footnotes":""},"categories":[1],"tags":[],"class_list":["post-37686","post","type-post","status-publish","format-standard","hentry","category-ejornais"],"aioseo_notices":[],"amp_enabled":true,"_links":{"self":[{"href":"https:\/\/ejornais.com.br\/index.php\/wp-json\/wp\/v2\/posts\/37686","targetHints":{"allow":["GET"]}}],"collection":[{"href":"https:\/\/ejornais.com.br\/index.php\/wp-json\/wp\/v2\/posts"}],"about":[{"href":"https:\/\/ejornais.com.br\/index.php\/wp-json\/wp\/v2\/types\/post"}],"author":[{"embeddable":true,"href":"https:\/\/ejornais.com.br\/index.php\/wp-json\/wp\/v2\/users\/2"}],"replies":[{"embeddable":true,"href":"https:\/\/ejornais.com.br\/index.php\/wp-json\/wp\/v2\/comments?post=37686"}],"version-history":[{"count":0,"href":"https:\/\/ejornais.com.br\/index.php\/wp-json\/wp\/v2\/posts\/37686\/revisions"}],"wp:attachment":[{"href":"https:\/\/ejornais.com.br\/index.php\/wp-json\/wp\/v2\/media?parent=37686"}],"wp:term":[{"taxonomy":"category","embeddable":true,"href":"https:\/\/ejornais.com.br\/index.php\/wp-json\/wp\/v2\/categories?post=37686"},{"taxonomy":"post_tag","embeddable":true,"href":"https:\/\/ejornais.com.br\/index.php\/wp-json\/wp\/v2\/tags?post=37686"}],"curies":[{"name":"wp","href":"https:\/\/api.w.org\/{rel}","templated":true}]}}