{"id":37727,"date":"2025-01-09T17:14:39","date_gmt":"2025-01-09T20:14:39","guid":{"rendered":"https:\/\/ejornais.com.br\/index.php\/2025\/01\/09\/tres-escavadeiras-anfibias-realizam-desassoreamento-do-rio-sorocaba-por-tres-meses-agencia-de-noticias\/"},"modified":"2025-01-09T17:14:39","modified_gmt":"2025-01-09T20:14:39","slug":"tres-escavadeiras-anfibias-realizam-desassoreamento-do-rio-sorocaba-por-tres-meses-agencia-de-noticias","status":"publish","type":"post","link":"https:\/\/ejornais.com.br\/index.php\/2025\/01\/09\/tres-escavadeiras-anfibias-realizam-desassoreamento-do-rio-sorocaba-por-tres-meses-agencia-de-noticias\/","title":{"rendered":"Tr\u00eas escavadeiras anf\u00edbias realizam desassoreamento do Rio Sorocaba por tr\u00eas meses \u2013 Ag\u00eancia de Not\u00edcias"},"content":{"rendered":"<p><\/p>\n<div wp_automatic_readability=\"32\">\n<div class=\"col\" wp_automatic_readability=\"9\">\n<p class=\"mt-0\">\n                        <strong><br \/>\n                            <span class=\"far fa-calendar mr-1 mt-2\"\/><br \/>\n                            9 de janeiro de 2025<br \/>\n                            <span class=\"far fa-clock ml-3 mt-2\"\/><br \/>\n                            16:20<br \/>\n                        <\/strong>\n                    <\/p>\n<p class=\"mb-0\">Por: <strong>Eduardo Santinon (esantinon@sorocaba.sp.gov.br)<\/strong><\/p>\n<\/p><\/div>\n<\/p><\/div>\n<div wp_automatic_readability=\"83\">\n<figure id=\"attachment_150390\" aria-describedby=\"caption-attachment-150390\" style=\"width: 1024px\" class=\"wp-caption aligncenter\"><figcaption id=\"caption-attachment-150390\" class=\"wp-caption-text\">Fotos: Saae\/Sorocaba<\/figcaption><\/figure>\n<p>Sorocaba iniciou, nesta quinta-feira (9), mais uma fase das obras de desassoreamento do Rio Sorocaba. Tr\u00eas escavadeiras anf\u00edbias \u2013 um tipo de draga mec\u00e2nica \u2013 ser\u00e3o utilizadas em tr\u00eas pontos estrat\u00e9gicos na \u00e1rea urbana. O trabalho ser\u00e1 realizado ao longo de tr\u00eas meses, pelo Servi\u00e7o Aut\u00f4nomo de \u00c1gua e Esgoto (Saae) de Sorocaba. O objetivo \u00e9 aprofundar o leito do rio e ampliar as margens, para aumentar o fluxo das \u00e1guas e minimizar os impactos causados pelas enchentes.<\/p>\n<p>Os pontos escolhidos inicialmente s\u00e3o: Jardim Sandra, Jardim Maria do Carmo (Parque das \u00c1guas) e Pra\u00e7a Lions. A primeira draga j\u00e1 opera na altura do JardimSandra, sendo que no fim de semana chegar\u00e1 a segunda, direcionada \u00e0 regi\u00e3o do Jardim Maria do Carmo. A \u00faltima est\u00e1 prevista para entrar em opera\u00e7\u00e3o em uma semana, na Pra\u00e7a Lions.<\/p>\n<p>Conforme autarquia, a defini\u00e7\u00e3o dos pontos de atua\u00e7\u00e3o levou em conta as \u00e1reas mais assoreadas do rio. \u201cAl\u00e9m de atender a esses tr\u00eas locais, inicialmente, h\u00e1 planos para expandir as opera\u00e7\u00f5es para outros trechos do manancial, posteriormente\u201d, acrescenta o diretor-geral do Saae\/Sorocaba, Glauco Foga\u00e7a.<\/p>\n<p>As escavadeiras anf\u00edbias possuem esteiras flutuantes, permitindo que operem no leito do rio, mesmo em pontos de dif\u00edcil acesso. Durante o per\u00edodo, as m\u00e1quinas funcionar\u00e3o em turno de 8 horas por dia. A capacidade de remo\u00e7\u00e3o di\u00e1ria de sedimentos depender\u00e1 de fatores como chuvas, que podem elevar o n\u00edvel do rio, e das condi\u00e7\u00f5es das margens, por onde o material ser\u00e1 retirado.<\/p>\n<p>A iniciativa ter\u00e1 monitoramento cont\u00ednuo, para avaliar a efici\u00eancia dos equipamentos e balizar futuras contrata\u00e7\u00f5es. Para minimizar o impacto no tr\u00e2nsito e no meio ambiente, est\u00e3o sendo criados acessos pontuais para escoar os sedimentos removidos do rio, que ser\u00e3o destinados a locais autorizados pela Prefeitura de Sorocaba.<\/p>\n<p>A iniciativa busca garantir maior seguran\u00e7a \u00e0 popula\u00e7\u00e3o em per\u00edodos de chuvas intensas, com melhor qualidade de vida aos moradores da regi\u00e3o, e um impacto positivo na preserva\u00e7\u00e3o ambiental.<\/p>\n<div class=\"pms-galeria\" itemscope=\"\" itemtype=\"http:\/\/schema.org\/ImageGallery\">\n<p>\t\t<span itemprop=\"caption description\" style=\"display: none;\"\/><\/p>\n<p>\t\t<span itemprop=\"caption description\" style=\"display: none;\"\/><\/p><\/div>\n<p><!-- Root element of PhotoSwipe. Must have class pswp. --><\/p><\/div>\n","protected":false},"excerpt":{"rendered":"<p>9 de janeiro de 2025 16:20 Por: Eduardo Santinon (esantinon@sorocaba.sp.gov.br) Fotos: Saae\/Sorocaba Sorocaba iniciou, nesta quinta-feira (9), mais uma fase<\/p>\n","protected":false},"author":2,"featured_media":0,"comment_status":"","ping_status":"","sticky":false,"template":"","format":"standard","meta":{"colormag_page_container_layout":"default_layout","colormag_page_sidebar_layout":"default_layout","footnotes":""},"categories":[1],"tags":[],"class_list":["post-37727","post","type-post","status-publish","format-standard","hentry","category-ejornais"],"aioseo_notices":[],"amp_enabled":true,"_links":{"self":[{"href":"https:\/\/ejornais.com.br\/index.php\/wp-json\/wp\/v2\/posts\/37727","targetHints":{"allow":["GET"]}}],"collection":[{"href":"https:\/\/ejornais.com.br\/index.php\/wp-json\/wp\/v2\/posts"}],"about":[{"href":"https:\/\/ejornais.com.br\/index.php\/wp-json\/wp\/v2\/types\/post"}],"author":[{"embeddable":true,"href":"https:\/\/ejornais.com.br\/index.php\/wp-json\/wp\/v2\/users\/2"}],"replies":[{"embeddable":true,"href":"https:\/\/ejornais.com.br\/index.php\/wp-json\/wp\/v2\/comments?post=37727"}],"version-history":[{"count":0,"href":"https:\/\/ejornais.com.br\/index.php\/wp-json\/wp\/v2\/posts\/37727\/revisions"}],"wp:attachment":[{"href":"https:\/\/ejornais.com.br\/index.php\/wp-json\/wp\/v2\/media?parent=37727"}],"wp:term":[{"taxonomy":"category","embeddable":true,"href":"https:\/\/ejornais.com.br\/index.php\/wp-json\/wp\/v2\/categories?post=37727"},{"taxonomy":"post_tag","embeddable":true,"href":"https:\/\/ejornais.com.br\/index.php\/wp-json\/wp\/v2\/tags?post=37727"}],"curies":[{"name":"wp","href":"https:\/\/api.w.org\/{rel}","templated":true}]}}