{"id":37879,"date":"2025-01-14T11:20:12","date_gmt":"2025-01-14T14:20:12","guid":{"rendered":"https:\/\/ejornais.com.br\/index.php\/2025\/01\/14\/prefeitura-de-campo-grande-divulga-resultado-final-de-processo-seletivo-de-assistente-educacional-inclusivo-cgnoticias\/"},"modified":"2025-01-14T11:20:12","modified_gmt":"2025-01-14T14:20:12","slug":"prefeitura-de-campo-grande-divulga-resultado-final-de-processo-seletivo-de-assistente-educacional-inclusivo-cgnoticias","status":"publish","type":"post","link":"https:\/\/ejornais.com.br\/index.php\/2025\/01\/14\/prefeitura-de-campo-grande-divulga-resultado-final-de-processo-seletivo-de-assistente-educacional-inclusivo-cgnoticias\/","title":{"rendered":"Prefeitura de Campo Grande divulga resultado final de processo seletivo de assistente educacional inclusivo \u2013 CGNot\u00edcias"},"content":{"rendered":"<p><\/p>\n<div>\n<p>A Prefeitura de Campo Grande, por meio da Secretaria Municipal de Educa\u00e7\u00e3o (Semed), divulgou nesta ter\u00e7a-feira (14) no Di\u00e1rio Oficial de Camo Grande \u2013 Diogrande, o resultado final do processo seletivo na fun\u00e7\u00e3o de assistente educacional inclusivo.<\/p>\n<p>Conforme o edital de n\u00famero 19\/2024-03, o resultado final foi homologado, ap\u00f3s an\u00e1lise e publica\u00e7\u00e3o dos Recursos Administrativos interpostos.<\/p>\n<p>O processo seletivo foi realizado para substituir vac\u00e2ncias e, portanto, assegurar a presta\u00e7\u00e3o dos servi\u00e7os p\u00fablicos essenciais nos centros de educa\u00e7\u00e3o infantil e unidades escolares da Rede Municipal de Ensino do Munic\u00edpio de Campo Grande (REME).<\/p>\n<p>Portanto, tanto os nomes dos aprovados quanto a pontua\u00e7\u00e3o e classifica\u00e7\u00e3o, podem ser conferidos a partir da p\u00e1gina 6, pelo link a seguir:\u00a0https:\/\/diogrande.campogrande.ms.gov.br\/download_edicao\/eyJjb2RpZ29kaWEiOiI5NTk1In0%3D.pdf<\/p>\n<\/div>\n<p><script async defer async defer src=\"https:\/\/connect.facebook.net\/en_US\/sdk.js?ver=1#xfbml=1&amp;version=v3.2\" id=\"prefeitura-campogrande-script-facebook-sdk-js\"><\/script><\/p>\n","protected":false},"excerpt":{"rendered":"<p>A Prefeitura de Campo Grande, por meio da Secretaria Municipal de Educa\u00e7\u00e3o (Semed), divulgou nesta ter\u00e7a-feira (14) no Di\u00e1rio Oficial<\/p>\n","protected":false},"author":2,"featured_media":0,"comment_status":"","ping_status":"","sticky":false,"template":"","format":"standard","meta":{"colormag_page_container_layout":"default_layout","colormag_page_sidebar_layout":"default_layout","footnotes":""},"categories":[1],"tags":[],"class_list":["post-37879","post","type-post","status-publish","format-standard","hentry","category-ejornais"],"aioseo_notices":[],"amp_enabled":true,"_links":{"self":[{"href":"https:\/\/ejornais.com.br\/index.php\/wp-json\/wp\/v2\/posts\/37879","targetHints":{"allow":["GET"]}}],"collection":[{"href":"https:\/\/ejornais.com.br\/index.php\/wp-json\/wp\/v2\/posts"}],"about":[{"href":"https:\/\/ejornais.com.br\/index.php\/wp-json\/wp\/v2\/types\/post"}],"author":[{"embeddable":true,"href":"https:\/\/ejornais.com.br\/index.php\/wp-json\/wp\/v2\/users\/2"}],"replies":[{"embeddable":true,"href":"https:\/\/ejornais.com.br\/index.php\/wp-json\/wp\/v2\/comments?post=37879"}],"version-history":[{"count":0,"href":"https:\/\/ejornais.com.br\/index.php\/wp-json\/wp\/v2\/posts\/37879\/revisions"}],"wp:attachment":[{"href":"https:\/\/ejornais.com.br\/index.php\/wp-json\/wp\/v2\/media?parent=37879"}],"wp:term":[{"taxonomy":"category","embeddable":true,"href":"https:\/\/ejornais.com.br\/index.php\/wp-json\/wp\/v2\/categories?post=37879"},{"taxonomy":"post_tag","embeddable":true,"href":"https:\/\/ejornais.com.br\/index.php\/wp-json\/wp\/v2\/tags?post=37879"}],"curies":[{"name":"wp","href":"https:\/\/api.w.org\/{rel}","templated":true}]}}