{"id":37925,"date":"2025-01-15T15:20:36","date_gmt":"2025-01-15T18:20:36","guid":{"rendered":"https:\/\/ejornais.com.br\/index.php\/2025\/01\/15\/ses-e-iagro-unem-forcas-e-lancam-campanha-de-combate-as-arboviroses-em-areas-rurais-agencia-de-noticias-do-governo-de-mato-grosso-do-sul\/"},"modified":"2025-01-15T15:20:36","modified_gmt":"2025-01-15T18:20:36","slug":"ses-e-iagro-unem-forcas-e-lancam-campanha-de-combate-as-arboviroses-em-areas-rurais-agencia-de-noticias-do-governo-de-mato-grosso-do-sul","status":"publish","type":"post","link":"https:\/\/ejornais.com.br\/index.php\/2025\/01\/15\/ses-e-iagro-unem-forcas-e-lancam-campanha-de-combate-as-arboviroses-em-areas-rurais-agencia-de-noticias-do-governo-de-mato-grosso-do-sul\/","title":{"rendered":"SES e Iagro unem for\u00e7as e lan\u00e7am campanha de combate \u00e0s arboviroses em \u00e1reas rurais \u2013 Ag\u00eancia de Noticias do Governo de Mato Grosso do Sul"},"content":{"rendered":"<p><\/p>\n<div>\n<p>Com o objetivo de enfrentar o avan\u00e7o e combater a prolifera\u00e7\u00e3o dos vetores das arboviroses, como dengue, Zika e Chikungunya, em \u00e1reas rurais, a SES (Secretaria de Estado de Sa\u00fade de Mato Grosso do Sul) e a Iagro (Ag\u00eancia Estadual de Defesa Sanit\u00e1ria Animal e Vegetal) est\u00e3o organizando o lan\u00e7amento de uma campanha educativa voltada para a popula\u00e7\u00e3o residente nessas regi\u00f5es do Estado.<\/p>\n<p>A iniciativa surge em resposta a dados recentes que indicam um crescimento das notifica\u00e7\u00f5es dessas doen\u00e7as nestas \u00e1reas, impulsionado por fatores como mudan\u00e7as clim\u00e1ticas, queimadas e desmatamento.<\/p>\n<p>A coordenadoria de Vigil\u00e2ncia Epidemiol\u00f3gica da SES, por meio da ger\u00eancia de Doen\u00e7as End\u00eamicas, em colabora\u00e7\u00e3o com as coordenadorias de Sa\u00fade \u00danica e Controle de Vetores, enfatiza a import\u00e2ncia dessa campanha para a promo\u00e7\u00e3o da sa\u00fade e preven\u00e7\u00e3o de infec\u00e7\u00f5es.<\/p>\n<p>Para a coordenadora de Sa\u00fade \u00danica da SES, Danila Frias, o trabalho integrado com a Iagro no enfrentamento \u00e0s arboviroses, \u00e9 de suma import\u00e2ncia. \u201cA Iagro tem uma capacidade \u00fanica de capilaridade e de contato direto com os produtores rurais, o que a torna uma parceira fundamental para a Secretaria de Estado da Sa\u00fade. Essa colabora\u00e7\u00e3o promover\u00e1 um efeito positivo no alcance dos objetivos da SES, no que diz respeito ao enfrentamento das arboviroses\u201d, destaca.<\/p>\n<p>Entre os principais objetivos da parceria est\u00e3o:<\/p>\n<p>\u2013 Evitar a ocorr\u00eancia de infec\u00e7\u00f5es pelas arboviroses;<\/p>\n<p>\u2013 Detectar precocemente os casos, permitindo uma resposta r\u00e1pida e eficaz;<\/p>\n<p>\u2013 Reduzir o risco de transmiss\u00e3o;<\/p>\n<p>\u2013 Prevenir casos graves e \u00f3bitos.<\/p>\n<p>\u201cCampanhas educativas s\u00e3o essenciais para que a popula\u00e7\u00e3o rural compreenda a import\u00e2ncia da preven\u00e7\u00e3o. Precisamos detectar precocemente epidemias, controlar surtos em andamento e reduzir o risco de transmiss\u00e3o, especialmente em \u00e1reas que j\u00e1 enfrentam a presen\u00e7a de arboviroses\u201d, afirma a gerente de Doen\u00e7as End\u00eamicas da SES, J\u00e9ssica Klener.<\/p>\n<figure id=\"attachment_500841\" aria-describedby=\"caption-attachment-500841\" style=\"width: 300px\" class=\"wp-caption alignright\"><figcaption id=\"caption-attachment-500841\" class=\"wp-caption-text\">Foto: Divulga\u00e7\u00e3o SES<\/figcaption><\/figure>\n<p>As a\u00e7\u00f5es da campanha est\u00e3o comprometidas em disseminar informa\u00e7\u00f5es sobre o modo de transmiss\u00e3o das arboviroses, medidas preventivas, como elimina\u00e7\u00e3o de criadouros do mosquito Aedes aegypti e a import\u00e2ncia de buscar atendimento m\u00e9dico ao apresentar sintomas. Ser\u00e3o realizadas atividades educativas nas \u00e1reas rurais, distribui\u00e7\u00e3o de panfletos informativos e palestras com profissionais de sa\u00fade.<\/p>\n<p>O coordenador de Controle de Vetores da SES, Mauro L\u00facio Ros\u00e1rio, explica que o trabalho ser\u00e1 realizado em conjunto com os agentes municipais, garantindo que a \u00e1rea rural tamb\u00e9m seja contemplada com o controle vetorial.<\/p>\n<p>\u201cCom o apoio da Iagro, que tem acesso a diversas \u00e1reas rurais, vamos realizar um mapeamento e implementar um trabalho eficaz de controle vetorial nessas localidades, garantindo que n\u00e3o haja focos do vetor e, assim, prevenindo a propaga\u00e7\u00e3o das arboviroses como dengue, Zika e Chikungunya. Estamos agendando reuni\u00f5es com alguns munic\u00edpios para definir as estrat\u00e9gias, pois, nas \u00e1reas rurais, n\u00e3o podemos realizar bloqueio qu\u00edmico, sendo necess\u00e1rio adotar o manejo ambiental, com a retirada de res\u00edduos que possam acumular \u00e1gua\u201d.<\/p>\n<p>\u00c9 necess\u00e1rio a sociedade se engajar nessa importante mobiliza\u00e7\u00e3o contra as arboviroses, adotando pr\u00e1ticas que ajudem a combater a prolifera\u00e7\u00e3o do mosquito. Juntos, podemos fazer a diferen\u00e7a garantindo um ambiente mais seguro e saud\u00e1vel, livre dessas doen\u00e7as que afetam n\u00e3o apenas a sa\u00fade individual, mas tamb\u00e9m a coletividade.<\/p>\n<p><em>Helton Davis, Comunica\u00e7\u00e3o SES<br \/><\/em><em>Foto: Divulga\u00e7\u00e3o\/Prefeitura de Aquidauana (capa)<\/em><\/p>\n<\/div>\n","protected":false},"excerpt":{"rendered":"<p>Com o objetivo de enfrentar o avan\u00e7o e combater a prolifera\u00e7\u00e3o dos vetores das arboviroses, como dengue, Zika e Chikungunya,<\/p>\n","protected":false},"author":2,"featured_media":0,"comment_status":"","ping_status":"","sticky":false,"template":"","format":"standard","meta":{"colormag_page_container_layout":"default_layout","colormag_page_sidebar_layout":"default_layout","footnotes":""},"categories":[1],"tags":[],"class_list":["post-37925","post","type-post","status-publish","format-standard","hentry","category-ejornais"],"aioseo_notices":[],"amp_enabled":true,"_links":{"self":[{"href":"https:\/\/ejornais.com.br\/index.php\/wp-json\/wp\/v2\/posts\/37925","targetHints":{"allow":["GET"]}}],"collection":[{"href":"https:\/\/ejornais.com.br\/index.php\/wp-json\/wp\/v2\/posts"}],"about":[{"href":"https:\/\/ejornais.com.br\/index.php\/wp-json\/wp\/v2\/types\/post"}],"author":[{"embeddable":true,"href":"https:\/\/ejornais.com.br\/index.php\/wp-json\/wp\/v2\/users\/2"}],"replies":[{"embeddable":true,"href":"https:\/\/ejornais.com.br\/index.php\/wp-json\/wp\/v2\/comments?post=37925"}],"version-history":[{"count":0,"href":"https:\/\/ejornais.com.br\/index.php\/wp-json\/wp\/v2\/posts\/37925\/revisions"}],"wp:attachment":[{"href":"https:\/\/ejornais.com.br\/index.php\/wp-json\/wp\/v2\/media?parent=37925"}],"wp:term":[{"taxonomy":"category","embeddable":true,"href":"https:\/\/ejornais.com.br\/index.php\/wp-json\/wp\/v2\/categories?post=37925"},{"taxonomy":"post_tag","embeddable":true,"href":"https:\/\/ejornais.com.br\/index.php\/wp-json\/wp\/v2\/tags?post=37925"}],"curies":[{"name":"wp","href":"https:\/\/api.w.org\/{rel}","templated":true}]}}