{"id":38169,"date":"2025-01-20T20:08:38","date_gmt":"2025-01-20T23:08:38","guid":{"rendered":"https:\/\/ejornais.com.br\/index.php\/2025\/01\/20\/ses-capacita-comunidades-indigenas-de-ms-no-combate-aos-mosquitos-transmissores-agencia-de-noticias-do-governo-de-mato-grosso-do-sul\/"},"modified":"2025-01-20T20:08:38","modified_gmt":"2025-01-20T23:08:38","slug":"ses-capacita-comunidades-indigenas-de-ms-no-combate-aos-mosquitos-transmissores-agencia-de-noticias-do-governo-de-mato-grosso-do-sul","status":"publish","type":"post","link":"https:\/\/ejornais.com.br\/index.php\/2025\/01\/20\/ses-capacita-comunidades-indigenas-de-ms-no-combate-aos-mosquitos-transmissores-agencia-de-noticias-do-governo-de-mato-grosso-do-sul\/","title":{"rendered":"SES capacita comunidades ind\u00edgenas de MS no combate aos mosquitos transmissores \u2013 Ag\u00eancia de Noticias do Governo de Mato Grosso do Sul"},"content":{"rendered":"<p><\/p>\n<div>\n<p>A SES (Secretaria de Estado de Sa\u00fade de Mato Grosso do Sul), em parceria com a Prefeitura de Aquidauana e o Dsei (Distrito Sanit\u00e1rio Especial Ind\u00edgena), realizou na \u00faltima semana uma capacita\u00e7\u00e3o visando a implementa\u00e7\u00e3o da estrat\u00e9gia de monitoramento ao Aedes aegypti e Aedes albopictus em comunidades ind\u00edgenas por meio de armadilhas ovitrampas.<\/p>\n<p>A a\u00e7\u00e3o faz parte de uma estrat\u00e9gia integrada de vigil\u00e2ncia entomol\u00f3gica para refor\u00e7ar o combate aos mosquitos transmissores de v\u00edrus que causa dengue, zika e chikungunya, especialmente em \u00e1reas vulner\u00e1veis.<\/p>\n<p>Nos dias 15 e 16 de janeiro, no audit\u00f3rio da ESF (Estrat\u00e9gia Sa\u00fade da Fam\u00edlia) Duque de Caxias, em Aquidauana, a SES realizou um treinamento t\u00e9cnico voltado a profissionais da sa\u00fade local, incluindo os Aisan (Agentes Ind\u00edgenas de Saneamento) e gestores municipais.<\/p>\n<p>O gerente do Laborat\u00f3rio de Entomologia da Coordenadoria de Controle de Vetores (CECV) da SES, Paulo Silva de Almeida, conduziu as atividades juntamente com Sebasti\u00e3o Marques e Waldemar Celestino, ambos da Coordenadoria de Controle de Vetores da Secretaria Municipal de Sa\u00fade de Aquidauana.<\/p>\n<p>Segundo Paulo Silva de Almeida, a capacita\u00e7\u00e3o refor\u00e7a o compromisso do Estado com a sa\u00fade p\u00fablica.<\/p>\n<p>\u201cNosso objetivo \u00e9 fortalecer a vigil\u00e2ncia entomol\u00f3gica, utilizando as armadilhas ovitrampas como uma ferramenta estrat\u00e9gica para monitorar e propor a\u00e7\u00f5es de controle do Aedes aegypti e Aedes albopictus baseado nos resultados de mapas de calor. Este projeto \u00e9 uma parceria que une esfor\u00e7os do Governo do Estado, dos munic\u00edpios e das comunidades ind\u00edgenas para alcan\u00e7ar resultados concretos no combate \u00e0s doen\u00e7as transmitidas pelo vetor\u201d, destacou o gerente.<\/p>\n<p>A armadilha ovitrampa \u00e9 utilizada para a coleta de ovos de mosquitos das esp\u00e9cies Aedes aegypti e\/ou Aedes albopictus. Consiste em um m\u00e9todo sens\u00edvel e econ\u00f4mico para detectar a presen\u00e7a do vetor, sendo de f\u00e1cil manuseio no campo.<\/p>\n<p>Tem sido utilizada para detectar precocemente a infesta\u00e7\u00e3o pelo mosquito em munic\u00edpios n\u00e3o infestados, para o monitoramento da densidade das popula\u00e7\u00f5es de vetores em munic\u00edpios infestados e para direcionar as a\u00e7\u00f5es e avaliar o impacto das estrat\u00e9gias de controle vetorial.<\/p>\n<p>As armadilhas instaladas para coleta de ovos de mosquito s\u00e3o formadas por um recipiente de pl\u00e1stico preto de capacidade m\u00e1xima de 1 litro, com uma palheta de madeira (Eucatex) com o lado \u00e1spero voltado para o centro da ovitrampa. O recipiente \u00e9 preenchido com 300 ml de \u00e1gua e um atrativo (1 ml de levedo de cerveja) para estimular a oviposi\u00e7\u00e3o pelas f\u00eameas dos mosquitos.<\/p>\n<p>Elas s\u00e3o utilizadas para monitorar a dispers\u00e3o e infesta\u00e7\u00e3o do Aedes aegypti e\/ou Aedes albopictus, sobretudo identificar \u00e1reas vulner\u00e1veis para a transmiss\u00e3o de arboviroses.<\/p>\n<p><strong>Implanta\u00e7\u00e3o<\/strong><\/p>\n<p>Ao todo, 12 aldeias em Aquidauana foram contempladas com a instala\u00e7\u00e3o das armadilhas: Imbirussu, Lagoinha, \u00c1gua Branca, Bananal, Esperan\u00e7a, Ipegue, Col\u00f4nia Nova, C\u00f3rrego Seco, Cruzeiro, Lim\u00e3o Verde e Buritizinho. Outras cidades do estado j\u00e1 aderiram ou est\u00e3o em processo de ades\u00e3o ao projeto, demonstrando o interesse crescente em expandir as a\u00e7\u00f5es para mais comunidades ind\u00edgenas.<\/p>\n<p>Amambai (Aldeia Amambai): 14 ovitrampas j\u00e1 instaladas.<\/p>\n<p>Aquidauana (12 aldeias): 135 ovitrampas, com previs\u00e3o de instala\u00e7\u00e3o &#8211; janeiro de 2025.<\/p>\n<p>Miranda (Aldeias Moreira e Passarinho): 16 ovitrampas j\u00e1 instaladas.<\/p>\n<p>Caarap\u00f3: Implanta\u00e7\u00e3o prevista para o 1\u00ba semestre de 2025.<\/p>\n<p>Dourados (Aldeias Boror\u00f3 e Jaguapiru): Aguardando formaliza\u00e7\u00e3o com gestores do Sesai e do munic\u00edpio de Dourados.<\/p>\n<p>Coronel Sapucaia: Implanta\u00e7\u00e3o prevista para o 1\u00ba semestre de 2025.<\/p>\n<p>Tacuru: Implanta\u00e7\u00e3o prevista para o 1\u00ba semestre de 2025.<\/p>\n<p>Com aproximadamente 116.346 mil ind\u00edgenas vivendo em 29 munic\u00edpios sul-mato-grossenses, segundo dados do IBGE (Instituto Brasileiro de Geografia e Estat\u00edstica) 2022, o projeto representa um avan\u00e7o significativo na vigil\u00e2ncia e controle do Aedes aegypti e Aedes albopictus. A SES reafirma seu compromisso com a sa\u00fade das popula\u00e7\u00f5es ind\u00edgenas, promovendo seguran\u00e7a e qualidade de vida.<\/p>\n<p><em>Dan\u00fabia Burema, Comunica\u00e7\u00e3o SES<\/em><\/p>\n<\/div>\n","protected":false},"excerpt":{"rendered":"<p>A SES (Secretaria de Estado de Sa\u00fade de Mato Grosso do Sul), em parceria com a Prefeitura de Aquidauana e<\/p>\n","protected":false},"author":2,"featured_media":0,"comment_status":"","ping_status":"","sticky":false,"template":"","format":"standard","meta":{"colormag_page_container_layout":"default_layout","colormag_page_sidebar_layout":"default_layout","footnotes":""},"categories":[1],"tags":[],"class_list":["post-38169","post","type-post","status-publish","format-standard","hentry","category-ejornais"],"aioseo_notices":[],"amp_enabled":true,"_links":{"self":[{"href":"https:\/\/ejornais.com.br\/index.php\/wp-json\/wp\/v2\/posts\/38169","targetHints":{"allow":["GET"]}}],"collection":[{"href":"https:\/\/ejornais.com.br\/index.php\/wp-json\/wp\/v2\/posts"}],"about":[{"href":"https:\/\/ejornais.com.br\/index.php\/wp-json\/wp\/v2\/types\/post"}],"author":[{"embeddable":true,"href":"https:\/\/ejornais.com.br\/index.php\/wp-json\/wp\/v2\/users\/2"}],"replies":[{"embeddable":true,"href":"https:\/\/ejornais.com.br\/index.php\/wp-json\/wp\/v2\/comments?post=38169"}],"version-history":[{"count":0,"href":"https:\/\/ejornais.com.br\/index.php\/wp-json\/wp\/v2\/posts\/38169\/revisions"}],"wp:attachment":[{"href":"https:\/\/ejornais.com.br\/index.php\/wp-json\/wp\/v2\/media?parent=38169"}],"wp:term":[{"taxonomy":"category","embeddable":true,"href":"https:\/\/ejornais.com.br\/index.php\/wp-json\/wp\/v2\/categories?post=38169"},{"taxonomy":"post_tag","embeddable":true,"href":"https:\/\/ejornais.com.br\/index.php\/wp-json\/wp\/v2\/tags?post=38169"}],"curies":[{"name":"wp","href":"https:\/\/api.w.org\/{rel}","templated":true}]}}