{"id":38352,"date":"2025-01-23T21:39:12","date_gmt":"2025-01-24T00:39:12","guid":{"rendered":"https:\/\/ejornais.com.br\/index.php\/2025\/01\/23\/criancas-e-adolescentes-que-moram-em-residenciais-da-prefeitura-aproveitam-colonia-de-ferias-em-oficina-de-ginastica\/"},"modified":"2025-01-23T21:39:12","modified_gmt":"2025-01-24T00:39:12","slug":"criancas-e-adolescentes-que-moram-em-residenciais-da-prefeitura-aproveitam-colonia-de-ferias-em-oficina-de-ginastica","status":"publish","type":"post","link":"https:\/\/ejornais.com.br\/index.php\/2025\/01\/23\/criancas-e-adolescentes-que-moram-em-residenciais-da-prefeitura-aproveitam-colonia-de-ferias-em-oficina-de-ginastica\/","title":{"rendered":"Crian\u00e7as e adolescentes que moram em residenciais da Prefeitura aproveitam col\u00f4nia de f\u00e9rias em oficina de gin\u00e1stica"},"content":{"rendered":"<p><\/p>\n<div>\n<p>A gin\u00e1stica art\u00edstica \u00e9 uma modalidade esportiva que vem crescendo no Brasil nos \u00faltimos anos, principalmente depois do desempenho dos atletas brasileiros nas Olimp\u00edadas de Paris no ano passado. E essa foi a principal raz\u00e3o para a oficina de gin\u00e1stica art\u00edstica ter sido inclu\u00edda nas atividades da col\u00f4nia de f\u00e9rias promovida pela Prefeitura de Jo\u00e3o Pessoa, atrav\u00e9s da Secretaria de Habita\u00e7\u00e3o Social (Semhab). Nesta quinta-feira (23), crian\u00e7as e adolescentes dos Residenciais Vista do Verde I e II participaram de uma oficina de gin\u00e1stica no Centro Universit\u00e1rio de Jo\u00e3o Pessoa (Unip\u00ea), realizada em parceria com a Secretaria da Juventude, Esporte e Recrea\u00e7\u00e3o (Sejer).<\/p>\n<figure class=\"wp-block-gallery has-nested-images columns-default is-cropped wp-block-gallery-1 is-layout-flex wp-block-gallery-is-layout-flex\">\n<figure class=\"wp-block-image size-large\"><\/figure>\n<figure class=\"wp-block-image size-large\"><\/figure>\n<\/figure>\n<p>Durante toda a manh\u00e3, os jovens tiveram a oportunidade de conhecer um pouco dessa modalidade esportiva, orientados pela professora Maria do Socorro Ribeira, que integra a equipe esportiva da Sejer, com o apoio dos professores J\u00fanior Black e Nildo Lucena, da equipe t\u00e9cnica e social da Semhab.<\/p>\n<p>\u201cO que mais nos gratifica \u00e9 ver a alegria estampada no rosto dessas crian\u00e7as e adolescentes, conhecendo um mundo que at\u00e9 pouco tempo era desconhecido, que s\u00f3 viam pela televis\u00e3o durante as olimp\u00edadas. Agora, eles tiveram a oportunidade de passar uma manh\u00e3 inteira praticando nos aparelhos, fazendo exerc\u00edcios e pulando nas camas el\u00e1sticas. Quem sabe entre aquelas crian\u00e7as n\u00e3o existe um futuro atleta ol\u00edmpico! Isso somente o tempo pode dizer, mas n\u00f3s estamos fazendo a nossa parte\u201d, comentou a secret\u00e1ria de Habita\u00e7\u00e3o, Socorro Gadelha.<\/p>\n<p>A professora de gin\u00e1stica art\u00edstica, Maria do Socorro Ribeiro, definiu a oficina como sendo \u201cum momento m\u00e1gico para esses jovens\u201d, que passaram o dia brincando numa sala com aparelhos de gin\u00e1stica que eram desconhecidos, aproveitando o momento para se divertir e aprender algo novo. \u201cFico muito feliz em ter ministrado a aula. Eles fizeram aquecimento, saltaram na cama el\u00e1stica e no colch\u00e3o, praticaram rolamento e saltos mortais e vivenciaram a argola, um exerc\u00edcio que exige for\u00e7a\u201d, explicou.<\/p>\n<figure class=\"wp-block-gallery has-nested-images columns-default is-cropped wp-block-gallery-2 is-layout-flex wp-block-gallery-is-layout-flex\">\n<figure class=\"wp-block-image size-large\"><\/figure>\n<figure class=\"wp-block-image size-large\"><\/figure>\n<\/figure>\n<p><strong>Modalidades esportivas<\/strong> \u2013 A col\u00f4nia de f\u00e9rias 2025 da Semhab teve um destaque especial para as modalidades esportivas, com oficinas de futebol de campo, v\u00f4lei, jiu jitsu, futebol de bot\u00e3o e o futebol de mesa. Nesta sexta-feira (24), a atividade ser\u00e1 uma oficina aqu\u00e1tica. \u201cN\u00f3s aproveitamos a col\u00f4nia da melhor forma poss\u00edvel, oferecendo muita divers\u00e3o e entretenimento, com as oficinas esportivas e recrea\u00e7\u00e3o. Vamos encerrar na pr\u00f3xima semana com uma atividade cultural, quando vamos levar os moradores dos residenciais para assistir o filme \u2018A arca de No\u00e9\u2019, no Cinep\u00f3lis do Shopping Mangabeira\u201d, afirmou a secret\u00e1ria.<\/p>\n<figure class=\"wp-block-gallery has-nested-images columns-default is-cropped wp-block-gallery-3 is-layout-flex wp-block-gallery-is-layout-flex\">\n<figure class=\"wp-block-image size-large\"><\/figure>\n<figure class=\"wp-block-image size-large\"><\/figure>\n<\/figure><\/div>\n","protected":false},"excerpt":{"rendered":"<p>A gin\u00e1stica art\u00edstica \u00e9 uma modalidade esportiva que vem crescendo no Brasil nos \u00faltimos anos, principalmente depois do desempenho dos<\/p>\n","protected":false},"author":2,"featured_media":0,"comment_status":"","ping_status":"","sticky":false,"template":"","format":"standard","meta":{"colormag_page_container_layout":"default_layout","colormag_page_sidebar_layout":"default_layout","footnotes":""},"categories":[1],"tags":[],"class_list":["post-38352","post","type-post","status-publish","format-standard","hentry","category-ejornais"],"aioseo_notices":[],"amp_enabled":true,"_links":{"self":[{"href":"https:\/\/ejornais.com.br\/index.php\/wp-json\/wp\/v2\/posts\/38352","targetHints":{"allow":["GET"]}}],"collection":[{"href":"https:\/\/ejornais.com.br\/index.php\/wp-json\/wp\/v2\/posts"}],"about":[{"href":"https:\/\/ejornais.com.br\/index.php\/wp-json\/wp\/v2\/types\/post"}],"author":[{"embeddable":true,"href":"https:\/\/ejornais.com.br\/index.php\/wp-json\/wp\/v2\/users\/2"}],"replies":[{"embeddable":true,"href":"https:\/\/ejornais.com.br\/index.php\/wp-json\/wp\/v2\/comments?post=38352"}],"version-history":[{"count":0,"href":"https:\/\/ejornais.com.br\/index.php\/wp-json\/wp\/v2\/posts\/38352\/revisions"}],"wp:attachment":[{"href":"https:\/\/ejornais.com.br\/index.php\/wp-json\/wp\/v2\/media?parent=38352"}],"wp:term":[{"taxonomy":"category","embeddable":true,"href":"https:\/\/ejornais.com.br\/index.php\/wp-json\/wp\/v2\/categories?post=38352"},{"taxonomy":"post_tag","embeddable":true,"href":"https:\/\/ejornais.com.br\/index.php\/wp-json\/wp\/v2\/tags?post=38352"}],"curies":[{"name":"wp","href":"https:\/\/api.w.org\/{rel}","templated":true}]}}