{"id":38673,"date":"2025-01-31T03:59:27","date_gmt":"2025-01-31T06:59:27","guid":{"rendered":"https:\/\/ejornais.com.br\/index.php\/2025\/01\/31\/cris-munhoz-interpreta-classicos-do-choro-e-do-samba-no-primeiro-sabadinho-bom-de-fevereiro\/"},"modified":"2025-01-31T03:59:27","modified_gmt":"2025-01-31T06:59:27","slug":"cris-munhoz-interpreta-classicos-do-choro-e-do-samba-no-primeiro-sabadinho-bom-de-fevereiro","status":"publish","type":"post","link":"https:\/\/ejornais.com.br\/index.php\/2025\/01\/31\/cris-munhoz-interpreta-classicos-do-choro-e-do-samba-no-primeiro-sabadinho-bom-de-fevereiro\/","title":{"rendered":"Cris Munhoz interpreta cl\u00e1ssicos do choro e do samba no primeiro Sabadinho Bom de fevereiro"},"content":{"rendered":"<p><\/p>\n<div>\n<p>Mais uma edi\u00e7\u00e3o do tradicional \u2018Sabadinho Bom\u2019 anima o Centro Hist\u00f3rico, neste s\u00e1bado (1), reunindo amantes do choro e da m\u00fasica popular brasileira com a apresenta\u00e7\u00e3o da cantora Cris Munhoz. A iniciativa da Prefeitura de Jo\u00e3o Pessoa, por meio da sua Funda\u00e7\u00e3o Cultural (Funjope), segue como um dos principais projetos culturais da cidade, fortalecendo a cena musical local e proporcionando momentos de lazer para o p\u00fablico todo final de semana na Pra\u00e7a Rio Branco, no Centro Hist\u00f3rico, sempre a partir das 12h30.<\/p>\n<figure class=\"wp-block-gallery has-nested-images columns-default is-cropped wp-block-gallery-1 is-layout-flex wp-block-gallery-is-layout-flex\">\n<figure class=\"wp-block-image\"><\/figure>\n<figure class=\"wp-block-image\"><\/figure>\n<figure class=\"wp-block-image\"><\/figure>\n<\/figure>\n<p>\u201cO Sabadinho Bom \u00e9 parte da nossa pol\u00edtica de cultura que trabalha na perspectiva de manter viva a ocupa\u00e7\u00e3o cultural do Centro Hist\u00f3rico. Realizamos o Sabadinho Bom com muita alegria porque ofertamos a cidade de Jo\u00e3o Pessoa, ao morador e ao turista, m\u00fasica de qualidade em um ambiente agrad\u00e1vel e que valoriza o Centro Hist\u00f3rico. Ent\u00e3o, a gente tem no Sabadinho Bom uma refer\u00eancia de uma matriz para desenvolvimento e transforma\u00e7\u00e3o do Centro Hist\u00f3rico em um ambiente cultural\u201d, destaca o diretor executivo da Funjope, Marcus Alves.<\/p>\n<p>A cantora Cris Munhoz relembra que come\u00e7ou no Sabadinho Bom desde o in\u00edcio de sua carreira. \u201cA primeira vez que eu pisei no palco do Sabadinho foi um show lindo, maravilhoso. A realiza\u00e7\u00e3o de um sonho. A\u00ed, ap\u00f3s cantar no projeto, recebi a proposta para cantar no Clube do Choro. E eu abracei essa proposta e passei a cantar samba e choro. O que eu tenho que dizer \u00e9 que eu sou muito grata ao Sabadinho Bom por ter ajudado na minha trajet\u00f3ria art\u00edstica e continuar esses anos todos nesse projeto maravilhoso\u201d, disse.<\/p>\n<p>Cris Munhoz traz um repert\u00f3rio que homenageia grandes nomes da m\u00fasica brasileira, como Alcione, Clara Nunes, Beth Carvalho, Nelson Cavaquinho, Jorge Arag\u00e3o, al\u00e9m de alguns choros como Brasileirinho. \u201cQuero um show bem alegre e com alguns cl\u00e1ssicos. Como est\u00e1 se aproximando o Carnaval n\u00e3o poder\u00e1 faltar umas marchinhas para alegrar o p\u00fablico. Ent\u00e3o, garanto um lindo show\u201d, afirmou.<\/p>\n<p>Ao lado de Cris Munhoz v\u00e3o tocar no palco Willian Alves, no viol\u00e3o de seis cordas; Beto Bater\u00e1 na bateria; Israel no viol\u00e3o de sete cordas; Lucas no cavaquinho; e Alustau Neto no sax. \u201cVamos contar tamb\u00e9m com a participa\u00e7\u00e3o especial de Luizinho do Pagode\u201d, revela Cris.<\/p>\n<figure class=\"wp-block-gallery has-nested-images columns-default is-cropped wp-block-gallery-2 is-layout-flex wp-block-gallery-is-layout-flex\">\n<figure class=\"wp-block-image size-large\"><\/figure>\n<figure class=\"wp-block-image size-large\"><\/figure>\n<\/figure>\n<p><strong>Sabadinho Bom \u2013 <\/strong>Realizado na Pra\u00e7a Rio Branco, aos s\u00e1bados, gratuitamente. O projeto da Prefeitura de Jo\u00e3o Pessoa tem como objetivo resgatar e preservar o chorinho, um dos estilos musicais mais aut\u00eanticos do Brasil, fomentar a cultura, al\u00e9m de oferecer op\u00e7\u00f5es de lazer acess\u00edveis para a popula\u00e7\u00e3o e incentivar a ocupa\u00e7\u00e3o no Centro Hist\u00f3rico de Jo\u00e3o Pessoa, com atividades que movimentam a cultura e a economia.<\/p>\n<p><strong>Servi\u00e7o:<\/strong><\/p>\n<p>Sabadinho Bom \u2013 Cris Munhoz<\/p>\n<p>Local: Pra\u00e7a Rio Branco, Centro Hist\u00f3rico \u2013 Jo\u00e3o Pessoa<\/p>\n<p>Data: 01 de fevereiro (s\u00e1bado)<\/p>\n<p>Hora: A partir das 12h30<\/p>\n<p>Entrada gratuita<\/p>\n<\/p><\/div>\n","protected":false},"excerpt":{"rendered":"<p>Mais uma edi\u00e7\u00e3o do tradicional \u2018Sabadinho Bom\u2019 anima o Centro Hist\u00f3rico, neste s\u00e1bado (1), reunindo amantes do choro e da<\/p>\n","protected":false},"author":2,"featured_media":0,"comment_status":"","ping_status":"","sticky":false,"template":"","format":"standard","meta":{"colormag_page_container_layout":"default_layout","colormag_page_sidebar_layout":"default_layout","footnotes":""},"categories":[1],"tags":[],"class_list":["post-38673","post","type-post","status-publish","format-standard","hentry","category-ejornais"],"aioseo_notices":[],"amp_enabled":true,"_links":{"self":[{"href":"https:\/\/ejornais.com.br\/index.php\/wp-json\/wp\/v2\/posts\/38673","targetHints":{"allow":["GET"]}}],"collection":[{"href":"https:\/\/ejornais.com.br\/index.php\/wp-json\/wp\/v2\/posts"}],"about":[{"href":"https:\/\/ejornais.com.br\/index.php\/wp-json\/wp\/v2\/types\/post"}],"author":[{"embeddable":true,"href":"https:\/\/ejornais.com.br\/index.php\/wp-json\/wp\/v2\/users\/2"}],"replies":[{"embeddable":true,"href":"https:\/\/ejornais.com.br\/index.php\/wp-json\/wp\/v2\/comments?post=38673"}],"version-history":[{"count":0,"href":"https:\/\/ejornais.com.br\/index.php\/wp-json\/wp\/v2\/posts\/38673\/revisions"}],"wp:attachment":[{"href":"https:\/\/ejornais.com.br\/index.php\/wp-json\/wp\/v2\/media?parent=38673"}],"wp:term":[{"taxonomy":"category","embeddable":true,"href":"https:\/\/ejornais.com.br\/index.php\/wp-json\/wp\/v2\/categories?post=38673"},{"taxonomy":"post_tag","embeddable":true,"href":"https:\/\/ejornais.com.br\/index.php\/wp-json\/wp\/v2\/tags?post=38673"}],"curies":[{"name":"wp","href":"https:\/\/api.w.org\/{rel}","templated":true}]}}