{"id":38718,"date":"2025-01-31T19:23:12","date_gmt":"2025-01-31T22:23:12","guid":{"rendered":"https:\/\/ejornais.com.br\/index.php\/2025\/01\/31\/setur-coordena-operacao-verao-e-intensifica-fiscalizacao-no-combate-ao-transporte-turistico-irregular\/"},"modified":"2025-01-31T19:23:12","modified_gmt":"2025-01-31T22:23:12","slug":"setur-coordena-operacao-verao-e-intensifica-fiscalizacao-no-combate-ao-transporte-turistico-irregular","status":"publish","type":"post","link":"https:\/\/ejornais.com.br\/index.php\/2025\/01\/31\/setur-coordena-operacao-verao-e-intensifica-fiscalizacao-no-combate-ao-transporte-turistico-irregular\/","title":{"rendered":"Setur coordena Opera\u00e7\u00e3o Ver\u00e3o e intensifica fiscaliza\u00e7\u00e3o no combate ao transporte tur\u00edstico irregular"},"content":{"rendered":"<p><\/p>\n<div>\n<p>A Secretaria de Turismo de Jo\u00e3o Pessoa (Setur) realizou, nesta sexta-feira (31), mais uma etapa da Opera\u00e7\u00e3o Ver\u00e3o 2024\/25, que visa garantir a regularidade dos servi\u00e7os de transporte tur\u00edstico na Capital paraibana. A a\u00e7\u00e3o de fiscaliza\u00e7\u00e3o ocorreu no posto da 1\u00aa Companhia de Pol\u00edcia Rodovi\u00e1ria, na PB-008, e contou com apoio do Batalh\u00e3o de Tr\u00e2nsito da Policia Militar (BPTran) e do Batalh\u00e3o Especializado em Policiamento Tur\u00edstico (BEPtur), Empresa Paraibana de Turismo (PBTur), Superintend\u00eancia Executiva de Mobilidade Urbana (Semob-JP) e Guarda Civil Metropolitana.<\/p>\n<figure class=\"wp-block-gallery has-nested-images columns-default is-cropped wp-block-gallery-1 is-layout-flex wp-block-gallery-is-layout-flex\">\n<figure class=\"wp-block-image size-large\"><\/figure>\n<figure class=\"wp-block-image size-large\"><\/figure>\n<\/figure>\n<p>Durante as blitzen, foram realizadas 79 abordagens, com 38 testes de alcoolemia, resultando em um teste positivo em um guia de turismo que conduzia um buggy. Al\u00e9m disso, foram identificadas seis infra\u00e7\u00f5es de tr\u00e2nsito.<\/p>\n<p>Segundo o secret\u00e1rio de Turismo da Capital, Vitor Hugo, a fiscaliza\u00e7\u00e3o busca garantir que todos os transportes tur\u00edsticos \u2013 vans, \u00f4nibus e buggies \u2013 tenham a presen\u00e7a de um guia cadastrado e homologado. \u201cTemos visto muita gente cumprir a regra, mas a determina\u00e7\u00e3o aqui \u00e9 que todos cumpram. E quem sai fortalecido com esse trabalho \u00e9 o turista\u201d, destacou.<\/p>\n<p><strong>Centro \u2013<\/strong> No Centro da cidade, a fiscaliza\u00e7\u00e3o focou no uso correto das vagas destinadas a ve\u00edculos de turismo e na regulariza\u00e7\u00e3o dos guias de turismo. Foram seis abordagens a profissionais, todos devidamente cadastrados como Guia Regional Para\u00edba. Durante a a\u00e7\u00e3o, um ve\u00edculo foi autuado por estacionamento irregular em vaga de embarque e desembarque de turistas.<\/p>\n<figure class=\"wp-block-gallery has-nested-images columns-default is-cropped wp-block-gallery-2 is-layout-flex wp-block-gallery-is-layout-flex\">\n<figure class=\"wp-block-image size-large\"><\/figure>\n<figure class=\"wp-block-image size-large\"><\/figure>\n<\/figure>\n<p><strong>Opera\u00e7\u00e3o Ver\u00e3o \u2013 <\/strong>Coordenada pela Secretaria de Turismo, a opera\u00e7\u00e3o segue at\u00e9 mar\u00e7o e tem como principal objetivo proteger o turista e valorizar a atividade de guias e transportes tur\u00edsticos regulamentados. As a\u00e7\u00f5es seguem as normas do Decreto n\u00ba 6.795\/10, que regula os servi\u00e7os de transporte tur\u00edstico na Capital, e da Lei Municipal n\u00ba 8.688, que define a atua\u00e7\u00e3o dos guias de turismo.<\/p>\n<p>Outro foco da opera\u00e7\u00e3o \u00e9 combater a clandestinidade, especialmente a atua\u00e7\u00e3o de motoristas de aplicativos que oferecem servi\u00e7os tur\u00edsticos sem regulamenta\u00e7\u00e3o, cobrando pre\u00e7os abusivos e colocando a seguran\u00e7a dos visitantes em risco. \u201cAos turistas que visitam nossa cidade, recomendamos que sempre busquem informa\u00e7\u00f5es sobre os profissionais e as empresas que contratam. Sob nenhuma circunst\u00e2ncia aceitem abordagens. O transporte irregular de turistas \u00e9 perigoso\u201d, alertou Vitor Hugo.<\/p>\n<figure class=\"wp-block-gallery has-nested-images columns-default is-cropped wp-block-gallery-3 is-layout-flex wp-block-gallery-is-layout-flex\">\n<figure class=\"wp-block-image size-large\"><\/figure>\n<figure class=\"wp-block-image size-large\"><\/figure>\n<figure class=\"wp-block-image size-large\"><\/figure>\n<\/figure>\n<p>N\u00fameros da Opera\u00e7\u00e3o Ver\u00e3o at\u00e9 o momento:<\/p>\n<p>\u2022 A\u00e7\u00f5es de fiscaliza\u00e7\u00e3o: 12 (est\u00e3o previstas mais 8 at\u00e9 mar\u00e7o);<\/p>\n<p>\u2022 N\u00famero de abordagens: 673;<\/p>\n<p>\u2022 Autos de infra\u00e7\u00e3o registrados: 40;<\/p>\n<p>\u2022Principais irregularidades: descumprimento do C\u00f3digo de Tr\u00e2nsito Brasileiro (CTB) e transporte tur\u00edstico sem guia autorizado.<\/p>\n<\/p><\/div>\n","protected":false},"excerpt":{"rendered":"<p>A Secretaria de Turismo de Jo\u00e3o Pessoa (Setur) realizou, nesta sexta-feira (31), mais uma etapa da Opera\u00e7\u00e3o Ver\u00e3o 2024\/25, que<\/p>\n","protected":false},"author":2,"featured_media":0,"comment_status":"","ping_status":"","sticky":false,"template":"","format":"standard","meta":{"colormag_page_container_layout":"default_layout","colormag_page_sidebar_layout":"default_layout","footnotes":""},"categories":[1],"tags":[],"class_list":["post-38718","post","type-post","status-publish","format-standard","hentry","category-ejornais"],"aioseo_notices":[],"amp_enabled":true,"_links":{"self":[{"href":"https:\/\/ejornais.com.br\/index.php\/wp-json\/wp\/v2\/posts\/38718","targetHints":{"allow":["GET"]}}],"collection":[{"href":"https:\/\/ejornais.com.br\/index.php\/wp-json\/wp\/v2\/posts"}],"about":[{"href":"https:\/\/ejornais.com.br\/index.php\/wp-json\/wp\/v2\/types\/post"}],"author":[{"embeddable":true,"href":"https:\/\/ejornais.com.br\/index.php\/wp-json\/wp\/v2\/users\/2"}],"replies":[{"embeddable":true,"href":"https:\/\/ejornais.com.br\/index.php\/wp-json\/wp\/v2\/comments?post=38718"}],"version-history":[{"count":0,"href":"https:\/\/ejornais.com.br\/index.php\/wp-json\/wp\/v2\/posts\/38718\/revisions"}],"wp:attachment":[{"href":"https:\/\/ejornais.com.br\/index.php\/wp-json\/wp\/v2\/media?parent=38718"}],"wp:term":[{"taxonomy":"category","embeddable":true,"href":"https:\/\/ejornais.com.br\/index.php\/wp-json\/wp\/v2\/categories?post=38718"},{"taxonomy":"post_tag","embeddable":true,"href":"https:\/\/ejornais.com.br\/index.php\/wp-json\/wp\/v2\/tags?post=38718"}],"curies":[{"name":"wp","href":"https:\/\/api.w.org\/{rel}","templated":true}]}}