{"id":38902,"date":"2025-02-04T15:10:27","date_gmt":"2025-02-04T18:10:27","guid":{"rendered":"https:\/\/ejornais.com.br\/index.php\/2025\/02\/04\/vacinacao-e-essencial-prefeitura-estancia-turistica-guaratingueta\/"},"modified":"2025-02-04T15:10:27","modified_gmt":"2025-02-04T18:10:27","slug":"vacinacao-e-essencial-prefeitura-estancia-turistica-guaratingueta","status":"publish","type":"post","link":"https:\/\/ejornais.com.br\/index.php\/2025\/02\/04\/vacinacao-e-essencial-prefeitura-estancia-turistica-guaratingueta\/","title":{"rendered":"Vacina\u00e7\u00e3o \u00e9 Essencial! \u2013 Prefeitura Est\u00e2ncia Tur\u00edstica Guaratinguet\u00e1"},"content":{"rendered":"<p><\/p>\n<div>\n<p>A Secretaria Estadual de Sa\u00fade emitiu um alerta sobre a circula\u00e7\u00e3o do v\u00edrus da febre amarela na regi\u00e3o de Campinas e Ribeir\u00e3o Preto. A febre amarela \u00e9 uma doen\u00e7a transmitida por mosquitos e a melhor forma de preven\u00e7\u00e3o \u00e9 a vacina\u00e7\u00e3o.<\/p>\n<p>Para garantir a prote\u00e7\u00e3o, a Secretaria Municipal de Sa\u00fade refor\u00e7a a import\u00e2ncia da vacina\u00e7\u00e3o, especialmente para adultos e crian\u00e7as n\u00e3o vacinados, conforme as recomenda\u00e7\u00f5es do Minist\u00e9rio da Sa\u00fade.<\/p>\n<p>A vacina\u00e7\u00e3o \u00e9 indicada para todas as pessoas a partir de 9 meses de idade, com um esquema de doses:<\/p>\n<p>Primeira dose: para crian\u00e7as de 9 meses de idade.<\/p>\n<p>Segunda dose: para crian\u00e7as de 4 anos.<\/p>\n<p>Dose \u00fanica: para pessoas a partir de 5 anos.<\/p>\n<p>Basta levar a carteira de vacina\u00e7\u00e3o e cart\u00e3o SUS ao posto de sa\u00fade mais pr\u00f3ximo e se proteger contra a febre amarela.<\/p>\n<\/p><\/div>\n","protected":false},"excerpt":{"rendered":"<p>A Secretaria Estadual de Sa\u00fade emitiu um alerta sobre a circula\u00e7\u00e3o do v\u00edrus da febre amarela na regi\u00e3o de Campinas<\/p>\n","protected":false},"author":2,"featured_media":0,"comment_status":"","ping_status":"","sticky":false,"template":"","format":"standard","meta":{"colormag_page_container_layout":"default_layout","colormag_page_sidebar_layout":"default_layout","footnotes":""},"categories":[1],"tags":[],"class_list":["post-38902","post","type-post","status-publish","format-standard","hentry","category-ejornais"],"aioseo_notices":[],"amp_enabled":true,"_links":{"self":[{"href":"https:\/\/ejornais.com.br\/index.php\/wp-json\/wp\/v2\/posts\/38902","targetHints":{"allow":["GET"]}}],"collection":[{"href":"https:\/\/ejornais.com.br\/index.php\/wp-json\/wp\/v2\/posts"}],"about":[{"href":"https:\/\/ejornais.com.br\/index.php\/wp-json\/wp\/v2\/types\/post"}],"author":[{"embeddable":true,"href":"https:\/\/ejornais.com.br\/index.php\/wp-json\/wp\/v2\/users\/2"}],"replies":[{"embeddable":true,"href":"https:\/\/ejornais.com.br\/index.php\/wp-json\/wp\/v2\/comments?post=38902"}],"version-history":[{"count":0,"href":"https:\/\/ejornais.com.br\/index.php\/wp-json\/wp\/v2\/posts\/38902\/revisions"}],"wp:attachment":[{"href":"https:\/\/ejornais.com.br\/index.php\/wp-json\/wp\/v2\/media?parent=38902"}],"wp:term":[{"taxonomy":"category","embeddable":true,"href":"https:\/\/ejornais.com.br\/index.php\/wp-json\/wp\/v2\/categories?post=38902"},{"taxonomy":"post_tag","embeddable":true,"href":"https:\/\/ejornais.com.br\/index.php\/wp-json\/wp\/v2\/tags?post=38902"}],"curies":[{"name":"wp","href":"https:\/\/api.w.org\/{rel}","templated":true}]}}