{"id":38946,"date":"2025-02-05T09:09:27","date_gmt":"2025-02-05T12:09:27","guid":{"rendered":"https:\/\/ejornais.com.br\/index.php\/2025\/02\/05\/governo-de-ms-homologa-licitacao-de-r-63-milhoes-para-modernizar-a-ms-276-em-dourados-agencia-de-noticias-do-governo-de-mato-grosso-do-sul\/"},"modified":"2025-02-05T09:09:27","modified_gmt":"2025-02-05T12:09:27","slug":"governo-de-ms-homologa-licitacao-de-r-63-milhoes-para-modernizar-a-ms-276-em-dourados-agencia-de-noticias-do-governo-de-mato-grosso-do-sul","status":"publish","type":"post","link":"https:\/\/ejornais.com.br\/index.php\/2025\/02\/05\/governo-de-ms-homologa-licitacao-de-r-63-milhoes-para-modernizar-a-ms-276-em-dourados-agencia-de-noticias-do-governo-de-mato-grosso-do-sul\/","title":{"rendered":"Governo de MS homologa licita\u00e7\u00e3o de R$ 63 milh\u00f5es para modernizar a MS-276, em Dourados \u2013 Ag\u00eancia de Noticias do Governo de Mato Grosso do Sul"},"content":{"rendered":"<p><\/p>\n<div>\n<p style=\"text-align: center;\"><em>Obra refor\u00e7a compromisso do Estado com infraestrutura e desenvolvimento regional<\/em><\/p>\n<p>O Governo de Mato Grosso do Sul avan\u00e7ou mais uma etapa na moderniza\u00e7\u00e3o da infraestrutura vi\u00e1ria do Estado com a homologa\u00e7\u00e3o da licita\u00e7\u00e3o para a execu\u00e7\u00e3o das obras de restaura\u00e7\u00e3o e melhorias na MS-276, no trecho que passa pelo munic\u00edpio de Dourados.<\/p>\n<p>O investimento totaliza R$ 63 milh\u00f5es e faz parte do compromisso do governo estadual em impulsionar o desenvolvimento regional, garantindo mais seguran\u00e7a e mobilidade para a popula\u00e7\u00e3o.<\/p>\n<p>A obra, que ser\u00e1 executada por meio da Seilog (Secretaria de Estado de Infraestrutura e Log\u00edstica), prev\u00ea a restaura\u00e7\u00e3o completa do pavimento, amplia\u00e7\u00e3o de faixas de tr\u00e1fego e melhorias na sinaliza\u00e7\u00e3o vi\u00e1ria, proporcionando condi\u00e7\u00f5es mais seguras para motoristas e transporte de cargas.<\/p>\n<p>O trecho beneficiado \u00e9 estrat\u00e9gico para a economia local, facilitando o escoamento da produ\u00e7\u00e3o agropecu\u00e1ria e industrial da regi\u00e3o. O vice-governador Jos\u00e9 Carlos Barbosa, o Barbosinha, destacou a import\u00e2ncia desse investimento para Dourados e para toda a regi\u00e3o sul do Estado.<\/p>\n<p>&#8220;A moderniza\u00e7\u00e3o da MS-276 \u00e9 uma demanda antiga da popula\u00e7\u00e3o e do setor produtivo. Essa obra trar\u00e1 mais seguran\u00e7a vi\u00e1ria, reduzir\u00e1 o tempo de deslocamento e impulsionar\u00e1 a log\u00edstica de um dos principais polos econ\u00f4micos de Mato Grosso do Sul. Estamos trabalhando para entregar uma infraestrutura moderna e eficiente para os sul-mato-grossenses&#8221;, afirmou.<\/p>\n<p>J\u00e1 o titular da Seilog, Guilherme Alc\u00e2ntara, refor\u00e7ou o compromisso do governo com a melhoria da malha rodovi\u00e1ria estadual.<\/p>\n<p>&#8220;Esse investimento na MS-276 refor\u00e7a o planejamento do governo estadual para tornar nossas rodovias mais seguras e eficientes. Al\u00e9m da restaura\u00e7\u00e3o do pavimento, as interven\u00e7\u00f5es ir\u00e3o garantir mais fluidez ao tr\u00e1fego, beneficiando diretamente motoristas, empres\u00e1rios e produtores rurais&#8221;, explicou.<\/p>\n<p>A moderniza\u00e7\u00e3o da MS-276 integra um amplo pacote de investimentos em infraestrutura vi\u00e1ria do Governo de Mato Grosso do Sul, que busca fortalecer a log\u00edstica e a competitividade do Estado. Com a homologa\u00e7\u00e3o da licita\u00e7\u00e3o, a pr\u00f3xima etapa ser\u00e1 a assinatura da ordem de servi\u00e7o, permitindo o in\u00edcio efetivo das obras.<\/p>\n<p>O projeto reafirma o compromisso do Governo com o desenvolvimento sustent\u00e1vel e a qualidade de vida dos cidad\u00e3os, garantindo uma estrutura rodovi\u00e1ria mais moderna e segura para todos.<\/p>\n<p><em>Lucas Cavalheiro, Comunica\u00e7\u00e3o Vice-governadoria<\/em><br \/><em>*colaborou Luciana Bomfim, da Seilog<\/em><br \/><em>Foto: Saul Schramm\/Arquivo<\/em><\/p>\n<\/div>\n","protected":false},"excerpt":{"rendered":"<p>Obra refor\u00e7a compromisso do Estado com infraestrutura e desenvolvimento regional O Governo de Mato Grosso do Sul avan\u00e7ou mais uma<\/p>\n","protected":false},"author":2,"featured_media":0,"comment_status":"","ping_status":"","sticky":false,"template":"","format":"standard","meta":{"colormag_page_container_layout":"default_layout","colormag_page_sidebar_layout":"default_layout","footnotes":""},"categories":[1],"tags":[],"class_list":["post-38946","post","type-post","status-publish","format-standard","hentry","category-ejornais"],"aioseo_notices":[],"amp_enabled":true,"_links":{"self":[{"href":"https:\/\/ejornais.com.br\/index.php\/wp-json\/wp\/v2\/posts\/38946","targetHints":{"allow":["GET"]}}],"collection":[{"href":"https:\/\/ejornais.com.br\/index.php\/wp-json\/wp\/v2\/posts"}],"about":[{"href":"https:\/\/ejornais.com.br\/index.php\/wp-json\/wp\/v2\/types\/post"}],"author":[{"embeddable":true,"href":"https:\/\/ejornais.com.br\/index.php\/wp-json\/wp\/v2\/users\/2"}],"replies":[{"embeddable":true,"href":"https:\/\/ejornais.com.br\/index.php\/wp-json\/wp\/v2\/comments?post=38946"}],"version-history":[{"count":0,"href":"https:\/\/ejornais.com.br\/index.php\/wp-json\/wp\/v2\/posts\/38946\/revisions"}],"wp:attachment":[{"href":"https:\/\/ejornais.com.br\/index.php\/wp-json\/wp\/v2\/media?parent=38946"}],"wp:term":[{"taxonomy":"category","embeddable":true,"href":"https:\/\/ejornais.com.br\/index.php\/wp-json\/wp\/v2\/categories?post=38946"},{"taxonomy":"post_tag","embeddable":true,"href":"https:\/\/ejornais.com.br\/index.php\/wp-json\/wp\/v2\/tags?post=38946"}],"curies":[{"name":"wp","href":"https:\/\/api.w.org\/{rel}","templated":true}]}}