{"id":38974,"date":"2025-02-05T17:46:15","date_gmt":"2025-02-05T20:46:15","guid":{"rendered":"https:\/\/ejornais.com.br\/index.php\/2025\/02\/05\/procon-e-decon-de-mato-grosso-do-sul-sao-capacitadas-para-identificar-falsificacoes-agencia-de-noticias-do-governo-de-mato-grosso-do-sul\/"},"modified":"2025-02-05T17:46:15","modified_gmt":"2025-02-05T20:46:15","slug":"procon-e-decon-de-mato-grosso-do-sul-sao-capacitadas-para-identificar-falsificacoes-agencia-de-noticias-do-governo-de-mato-grosso-do-sul","status":"publish","type":"post","link":"https:\/\/ejornais.com.br\/index.php\/2025\/02\/05\/procon-e-decon-de-mato-grosso-do-sul-sao-capacitadas-para-identificar-falsificacoes-agencia-de-noticias-do-governo-de-mato-grosso-do-sul\/","title":{"rendered":"Procon e Decon de Mato Grosso do Sul s\u00e3o capacitadas para identificar falsifica\u00e7\u00f5es \u2013 Ag\u00eancia de Noticias do Governo de Mato Grosso do Sul"},"content":{"rendered":"<p><\/p>\n<div id=\"post-502254\">\n<div class=\"text-center\"><\/div>\n<div class=\"entry\">\n<p>Equipes do Procon Mato Grosso do Sul e da Decon (Delegacia Especializada de Repress\u00e3o aos Crimes Contra as Rela\u00e7\u00f5es de Consumo) participaram, na ter\u00e7a-feira (4), de workshop para identificar produtos falsificados de diversas marcas.<\/p>\n<p>Advogados da BPG (Grupo de Prote\u00e7\u00e3o \u00e0 Marca), organiza\u00e7\u00e3o sem fins lucrativos que combate o mercado ilegal no pa\u00eds, Marcelo Toledo de Camargo e Fernando Bononni destacaram que os detalhes fazem a diferen\u00e7a na hora de diferenciar entre itens originais e falsos.<\/p>\n<p>\u201cDificilmente um produto de uma grande empresa ou marca vai ter alguma falha e o produto falsificado, por muitas vezes, vai trazer falhas de acabamento, de costura, bordado, colagem\u201d, pontua Marcelo, ressaltando os riscos ofertados \u00e0 sa\u00fade pelos itens falsos.<\/p>\n<p>\u201cEles podem causar les\u00e3o ao consumidor que corre e faz esporte com um t\u00eanis falsificado sem nenhuma qualidade. A camiseta pode ter tinta t\u00f3xica na composi\u00e7\u00e3o\u201d.<\/p>\n<\/p>\n<p><strong>A\u00e7\u00f5es integradas<\/strong><\/p>\n<p>O delegado titular da Decon, Reginaldo Salom\u00e3o, avalia que a capacita\u00e7\u00e3o oportuniza o aprimoramento de a\u00e7\u00f5es interinstitucionais de controle e repress\u00e3o aos crimes contra as rela\u00e7\u00f5es de consumo, al\u00e9m de garantir que os consumidores do Estado tenham acesso a produtos de qualidade.<\/p>\n<p>Superintendente do Procon, Patr\u00edcia Mara da Silva esclarece que o CDC (C\u00f3digo de Defesa do Consumidor) assegura aos consumidores o respeito \u00e0 dignidade, sa\u00fade e seguran\u00e7a. Assim, os fiscais da institui\u00e7\u00e3o vinculada \u00e0 Sead (Secretaria de Estado de Assist\u00eancia Social e dos Direitos Humanos) tem atuado para coibir eventuais abusos que causem preju\u00edzos \u00e0 popula\u00e7\u00e3o.<\/p>\n<p>\u201cEssa capacita\u00e7\u00e3o qualifica e fortalece ainda mais o trabalho que j\u00e1 desempenhamos\u201d.<\/p>\n<p><em>Kleber Clajus, Comunica\u00e7\u00e3o Procon-MS<\/em><br \/><em>Fotos: Kleber Clajus<\/em><\/p>\n<\/div><\/div>\n","protected":false},"excerpt":{"rendered":"<p>Equipes do Procon Mato Grosso do Sul e da Decon (Delegacia Especializada de Repress\u00e3o aos Crimes Contra as Rela\u00e7\u00f5es de<\/p>\n","protected":false},"author":2,"featured_media":0,"comment_status":"","ping_status":"","sticky":false,"template":"","format":"standard","meta":{"colormag_page_container_layout":"default_layout","colormag_page_sidebar_layout":"default_layout","footnotes":""},"categories":[1],"tags":[],"class_list":["post-38974","post","type-post","status-publish","format-standard","hentry","category-ejornais"],"aioseo_notices":[],"amp_enabled":true,"_links":{"self":[{"href":"https:\/\/ejornais.com.br\/index.php\/wp-json\/wp\/v2\/posts\/38974","targetHints":{"allow":["GET"]}}],"collection":[{"href":"https:\/\/ejornais.com.br\/index.php\/wp-json\/wp\/v2\/posts"}],"about":[{"href":"https:\/\/ejornais.com.br\/index.php\/wp-json\/wp\/v2\/types\/post"}],"author":[{"embeddable":true,"href":"https:\/\/ejornais.com.br\/index.php\/wp-json\/wp\/v2\/users\/2"}],"replies":[{"embeddable":true,"href":"https:\/\/ejornais.com.br\/index.php\/wp-json\/wp\/v2\/comments?post=38974"}],"version-history":[{"count":0,"href":"https:\/\/ejornais.com.br\/index.php\/wp-json\/wp\/v2\/posts\/38974\/revisions"}],"wp:attachment":[{"href":"https:\/\/ejornais.com.br\/index.php\/wp-json\/wp\/v2\/media?parent=38974"}],"wp:term":[{"taxonomy":"category","embeddable":true,"href":"https:\/\/ejornais.com.br\/index.php\/wp-json\/wp\/v2\/categories?post=38974"},{"taxonomy":"post_tag","embeddable":true,"href":"https:\/\/ejornais.com.br\/index.php\/wp-json\/wp\/v2\/tags?post=38974"}],"curies":[{"name":"wp","href":"https:\/\/api.w.org\/{rel}","templated":true}]}}