{"id":38983,"date":"2025-02-05T21:16:15","date_gmt":"2025-02-06T00:16:15","guid":{"rendered":"https:\/\/ejornais.com.br\/index.php\/2025\/02\/05\/defesa-civil-recebe-visita-dos-cadetes-do-curso-de-formacao-de-oficiais-da-policia-militar-da-paraiba\/"},"modified":"2025-02-05T21:16:15","modified_gmt":"2025-02-06T00:16:15","slug":"defesa-civil-recebe-visita-dos-cadetes-do-curso-de-formacao-de-oficiais-da-policia-militar-da-paraiba","status":"publish","type":"post","link":"https:\/\/ejornais.com.br\/index.php\/2025\/02\/05\/defesa-civil-recebe-visita-dos-cadetes-do-curso-de-formacao-de-oficiais-da-policia-militar-da-paraiba\/","title":{"rendered":"Defesa Civil recebe visita dos cadetes do Curso de Forma\u00e7\u00e3o de Oficiais da Pol\u00edcia Militar da Para\u00edba"},"content":{"rendered":"<p><\/p>\n<div>\n<h5 class=\"text-primary\">Troca de experi\u00eancias<\/h5>\n<p>                        <!-- Mostra o t&iacute;tulo como um link para o link permanente do post --><\/p>\n<h2 class=\"mb-3\">Defesa Civil recebe visita dos cadetes do Curso de Forma\u00e7\u00e3o de Oficiais da Pol\u00edcia Militar da Para\u00edba<\/h2>\n<p class=\"text-secondary font-italic mb-3 p-0\">&#13;<br \/>\n                            <i class=\"fa fa-calendar\"\/> 05\/02\/2025 | &#13;<br \/>\n                            <i class=\"fa fa-clock-o\"\/> 20:00 |&#13;<br \/>\n                            <i class=\"fa fa-eye\"\/> 64                        <\/p>\n<p>                        <!-- Mostra o conte&uacute;do do post em uma DIV --><\/p>\n<div class=\"\">\n<p>A Coordenadoria Municipal de Prote\u00e7\u00e3o e Defesa Civil de Jo\u00e3o Pessoa (Compdec-JP) recebeu, nesta quarta-feira (5), a visita de um grupo de cadetes do Curso de Forma\u00e7\u00e3o de Oficiais (CFO) da Pol\u00edcia Militar da Para\u00edba, que conheceram as instala\u00e7\u00f5es de atua\u00e7\u00e3o da Compdec-JP.<\/p>\n<figure class=\"wp-block-image size-large\"><\/figure>\n<p>Na visita, os 33 cadetes, coordenados pelo major Benevaldo, instrutor do CFO, tiveram a oportunidade de entender o fluxo de atendimento da Defesa Civil, desde o recebimento das demandas pela Central de Opera\u00e7\u00f5es, a sa\u00edda das equipes para as vistorias, o encaminhamento social oferecido \u00e0s pessoas quando necess\u00e1rio e o trabalho preventivo realizado pela Compdec-JP.<\/p>\n<p>Para o major Benevaldo, a visita \u00e0 sede da Defesa Civil, bem como o conhecimento das a\u00e7\u00f5es desenvolvidas pelo \u00f3rg\u00e3o, s\u00e3o fundamentais para a forma\u00e7\u00e3o dos oficiais. \u201cLevar os cadetes para fora da sala de aula para que possam conhecer o funcionamento da Defesa Civil, que trabalha na preven\u00e7\u00e3o, mitiga\u00e7\u00e3o e atua diretamente nos desastres, \u00e9 de extrema import\u00e2ncia para os futuros oficiais e essa integra\u00e7\u00e3o entre os \u00f3rg\u00e3os se reflete no atendimento prestado \u00e0 popula\u00e7\u00e3o\u201d, afirmou.<\/p>\n<p>O coordenador da Defesa Civil, Kelson Chaves, tamb\u00e9m destacou a parceria entre as institui\u00e7\u00f5es, que atuam em conjunto nas opera\u00e7\u00f5es. \u201cA integra\u00e7\u00e3o com as institui\u00e7\u00f5es que integram o Sistema Municipal de Prote\u00e7\u00e3o e Defesa Civil \u00e9 de fundamental import\u00e2ncia para o desencadeamento das a\u00e7\u00f5es e opera\u00e7\u00f5es de preven\u00e7\u00e3o, mitiga\u00e7\u00e3o, resposta, reabilita\u00e7\u00e3o e reconstru\u00e7\u00e3o, nos eventuais instantes de crise. Para n\u00f3s, ser\u00e1 sempre motivo de muita satisfa\u00e7\u00e3o e honra, receber a PM ou institui\u00e7\u00f5es parceiras em nossa base\u201d, ressaltou.<\/p>\n<\/p><\/div>\n<\/p><\/div>\n","protected":false},"excerpt":{"rendered":"<p>Troca de experi\u00eancias Defesa Civil recebe visita dos cadetes do Curso de Forma\u00e7\u00e3o de Oficiais da Pol\u00edcia Militar da Para\u00edba<\/p>\n","protected":false},"author":2,"featured_media":0,"comment_status":"","ping_status":"","sticky":false,"template":"","format":"standard","meta":{"colormag_page_container_layout":"default_layout","colormag_page_sidebar_layout":"default_layout","footnotes":""},"categories":[1],"tags":[],"class_list":["post-38983","post","type-post","status-publish","format-standard","hentry","category-ejornais"],"aioseo_notices":[],"aioseo_head":"\n\t\t<!-- All in One SEO 5.0.1.1 - aioseo.com -->\n\t<meta name=\"description\" content=\"Troca de experi\u00eancias Defesa Civil recebe visita dos cadetes do Curso de Forma\u00e7\u00e3o de Oficiais da Pol\u00edcia Militar da Para\u00edba 05\/02\/2025 | 20:00 | 64 A Coordenadoria Municipal de Prote\u00e7\u00e3o e Defesa Civil de Jo\u00e3o Pessoa (Compdec-JP) recebeu, nesta quarta-feira (5), a visita de um grupo de cadetes do Curso de Forma\u00e7\u00e3o de\" \/>\n\t<meta name=\"robots\" content=\"max-image-preview:large\" \/>\n\t<meta name=\"author\" content=\"admin1\"\/>\n\t<link rel=\"canonical\" href=\"https:\/\/ejornais.com.br\/index.php\/2025\/02\/05\/defesa-civil-recebe-visita-dos-cadetes-do-curso-de-formacao-de-oficiais-da-policia-militar-da-paraiba\/\" \/>\n\t<meta name=\"generator\" content=\"All in One SEO (AIOSEO) 5.0.1.1\" \/>\n\t\t<meta property=\"og:locale\" content=\"pt_BR\" \/>\n\t\t<meta property=\"og:site_name\" content=\"eJornais - Cat\u00e1logo de Jornais no mundo, Not\u00edcias, Blog e Esportes ao vivo\" \/>\n\t\t<meta property=\"og:type\" content=\"article\" \/>\n\t\t<meta property=\"og:title\" content=\"Defesa Civil recebe visita dos cadetes do Curso de Forma\u00e7\u00e3o de Oficiais da Pol\u00edcia Militar da Para\u00edba - eJornais\" \/>\n\t\t<meta property=\"og:description\" content=\"Troca de experi\u00eancias Defesa Civil recebe visita dos cadetes do Curso de Forma\u00e7\u00e3o de Oficiais da Pol\u00edcia Militar da Para\u00edba 05\/02\/2025 | 20:00 | 64 A Coordenadoria Municipal de Prote\u00e7\u00e3o e Defesa Civil de Jo\u00e3o Pessoa (Compdec-JP) recebeu, nesta quarta-feira (5), a visita de um grupo de cadetes do Curso de Forma\u00e7\u00e3o de\" \/>\n\t\t<meta property=\"og:url\" content=\"https:\/\/ejornais.com.br\/index.php\/2025\/02\/05\/defesa-civil-recebe-visita-dos-cadetes-do-curso-de-formacao-de-oficiais-da-policia-militar-da-paraiba\/\" \/>\n\t\t<meta property=\"article:published_time\" content=\"2025-02-06T00:16:15+00:00\" \/>\n\t\t<meta property=\"article:modified_time\" content=\"2025-02-06T00:16:15+00:00\" \/>\n\t\t<meta name=\"twitter:card\" content=\"summary_large_image\" \/>\n\t\t<meta name=\"twitter:title\" content=\"Defesa Civil recebe visita dos cadetes do Curso de Forma\u00e7\u00e3o de Oficiais da Pol\u00edcia Militar da Para\u00edba - eJornais\" \/>\n\t\t<meta name=\"twitter:description\" content=\"Troca de experi\u00eancias Defesa Civil recebe visita dos cadetes do Curso de Forma\u00e7\u00e3o de Oficiais da Pol\u00edcia Militar da Para\u00edba 05\/02\/2025 | 20:00 | 64 A Coordenadoria Municipal de Prote\u00e7\u00e3o e Defesa Civil de Jo\u00e3o Pessoa (Compdec-JP) recebeu, nesta quarta-feira (5), a visita de um grupo de cadetes do Curso de Forma\u00e7\u00e3o de\" \/>\n\t\t<script type=\"application\/ld+json\" class=\"aioseo-schema\">\n\t\t\t{\"@context\":\"https:\\\/\\\/schema.org\",\"@graph\":[{\"@type\":\"BlogPosting\",\"@id\":\"https:\\\/\\\/ejornais.com.br\\\/index.php\\\/2025\\\/02\\\/05\\\/defesa-civil-recebe-visita-dos-cadetes-do-curso-de-formacao-de-oficiais-da-policia-militar-da-paraiba\\\/#blogposting\",\"name\":\"Defesa Civil recebe visita dos cadetes do Curso de Forma\\u00e7\\u00e3o de Oficiais da Pol\\u00edcia Militar da Para\\u00edba - eJornais\",\"headline\":\"Defesa Civil recebe visita dos cadetes do Curso de Forma\\u00e7\\u00e3o de Oficiais da Pol\\u00edcia Militar da Para\\u00edba\",\"author\":{\"@id\":\"https:\\\/\\\/ejornais.com.br\\\/index.php\\\/author\\\/admin1\\\/#author\"},\"publisher\":{\"@id\":\"https:\\\/\\\/ejornais.com.br\\\/#organization\"},\"datePublished\":\"2025-02-05T21:16:15-03:00\",\"dateModified\":\"2025-02-05T21:16:15-03:00\",\"inLanguage\":\"pt-BR\",\"mainEntityOfPage\":{\"@id\":\"https:\\\/\\\/ejornais.com.br\\\/index.php\\\/2025\\\/02\\\/05\\\/defesa-civil-recebe-visita-dos-cadetes-do-curso-de-formacao-de-oficiais-da-policia-militar-da-paraiba\\\/#webpage\"},\"isPartOf\":{\"@id\":\"https:\\\/\\\/ejornais.com.br\\\/index.php\\\/2025\\\/02\\\/05\\\/defesa-civil-recebe-visita-dos-cadetes-do-curso-de-formacao-de-oficiais-da-policia-militar-da-paraiba\\\/#webpage\"},\"articleSection\":\"Cat\\u00e1logo de Jornais\"},{\"@type\":\"BreadcrumbList\",\"@id\":\"https:\\\/\\\/ejornais.com.br\\\/index.php\\\/2025\\\/02\\\/05\\\/defesa-civil-recebe-visita-dos-cadetes-do-curso-de-formacao-de-oficiais-da-policia-militar-da-paraiba\\\/#breadcrumblist\",\"itemListElement\":[{\"@type\":\"ListItem\",\"@id\":\"https:\\\/\\\/ejornais.com.br#listItem\",\"position\":1,\"name\":\"In\\u00edcio\",\"item\":\"https:\\\/\\\/ejornais.com.br\",\"nextItem\":{\"@type\":\"ListItem\",\"@id\":\"https:\\\/\\\/ejornais.com.br\\\/index.php\\\/category\\\/ejornais\\\/#listItem\",\"name\":\"Cat\\u00e1logo de Jornais\"}},{\"@type\":\"ListItem\",\"@id\":\"https:\\\/\\\/ejornais.com.br\\\/index.php\\\/category\\\/ejornais\\\/#listItem\",\"position\":2,\"name\":\"Cat\\u00e1logo de Jornais\",\"item\":\"https:\\\/\\\/ejornais.com.br\\\/index.php\\\/category\\\/ejornais\\\/\",\"nextItem\":{\"@type\":\"ListItem\",\"@id\":\"https:\\\/\\\/ejornais.com.br\\\/index.php\\\/2025\\\/02\\\/05\\\/defesa-civil-recebe-visita-dos-cadetes-do-curso-de-formacao-de-oficiais-da-policia-militar-da-paraiba\\\/#listItem\",\"name\":\"Defesa Civil recebe visita dos cadetes do Curso de Forma\\u00e7\\u00e3o de Oficiais da Pol\\u00edcia Militar da Para\\u00edba\"},\"previousItem\":{\"@type\":\"ListItem\",\"@id\":\"https:\\\/\\\/ejornais.com.br#listItem\",\"name\":\"In\\u00edcio\"}},{\"@type\":\"ListItem\",\"@id\":\"https:\\\/\\\/ejornais.com.br\\\/index.php\\\/2025\\\/02\\\/05\\\/defesa-civil-recebe-visita-dos-cadetes-do-curso-de-formacao-de-oficiais-da-policia-militar-da-paraiba\\\/#listItem\",\"position\":3,\"name\":\"Defesa Civil recebe visita dos cadetes do Curso de Forma\\u00e7\\u00e3o de Oficiais da Pol\\u00edcia Militar da Para\\u00edba\",\"previousItem\":{\"@type\":\"ListItem\",\"@id\":\"https:\\\/\\\/ejornais.com.br\\\/index.php\\\/category\\\/ejornais\\\/#listItem\",\"name\":\"Cat\\u00e1logo de Jornais\"}}]},{\"@type\":\"Organization\",\"@id\":\"https:\\\/\\\/ejornais.com.br\\\/#organization\",\"name\":\"eJornais\",\"description\":\"Cat\\u00e1logo de Jornais no mundo, Not\\u00edcias, Blog e Esportes ao vivo\",\"url\":\"https:\\\/\\\/ejornais.com.br\\\/\"},{\"@type\":\"Person\",\"@id\":\"https:\\\/\\\/ejornais.com.br\\\/index.php\\\/author\\\/admin1\\\/#author\",\"url\":\"https:\\\/\\\/ejornais.com.br\\\/index.php\\\/author\\\/admin1\\\/\",\"name\":\"admin1\",\"image\":{\"@type\":\"ImageObject\",\"@id\":\"https:\\\/\\\/ejornais.com.br\\\/index.php\\\/2025\\\/02\\\/05\\\/defesa-civil-recebe-visita-dos-cadetes-do-curso-de-formacao-de-oficiais-da-policia-militar-da-paraiba\\\/#authorImage\",\"url\":\"https:\\\/\\\/secure.gravatar.com\\\/avatar\\\/04084e6d73c042b8646e7c17b494073bf0ede3ea13c7105cfc45cbbbc28385a4?s=96&d=mm&r=g\",\"width\":96,\"height\":96,\"caption\":\"admin1\"}},{\"@type\":\"WebPage\",\"@id\":\"https:\\\/\\\/ejornais.com.br\\\/index.php\\\/2025\\\/02\\\/05\\\/defesa-civil-recebe-visita-dos-cadetes-do-curso-de-formacao-de-oficiais-da-policia-militar-da-paraiba\\\/#webpage\",\"url\":\"https:\\\/\\\/ejornais.com.br\\\/index.php\\\/2025\\\/02\\\/05\\\/defesa-civil-recebe-visita-dos-cadetes-do-curso-de-formacao-de-oficiais-da-policia-militar-da-paraiba\\\/\",\"name\":\"Defesa Civil recebe visita dos cadetes do Curso de Forma\\u00e7\\u00e3o de Oficiais da Pol\\u00edcia Militar da Para\\u00edba - eJornais\",\"description\":\"Troca de experi\\u00eancias Defesa Civil recebe visita dos cadetes do Curso de Forma\\u00e7\\u00e3o de Oficiais da Pol\\u00edcia Militar da Para\\u00edba 05\\\/02\\\/2025 | 20:00 | 64 A Coordenadoria Municipal de Prote\\u00e7\\u00e3o e Defesa Civil de Jo\\u00e3o Pessoa (Compdec-JP) recebeu, nesta quarta-feira (5), a visita de um grupo de cadetes do Curso de Forma\\u00e7\\u00e3o de\",\"inLanguage\":\"pt-BR\",\"isPartOf\":{\"@id\":\"https:\\\/\\\/ejornais.com.br\\\/#website\"},\"breadcrumb\":{\"@id\":\"https:\\\/\\\/ejornais.com.br\\\/index.php\\\/2025\\\/02\\\/05\\\/defesa-civil-recebe-visita-dos-cadetes-do-curso-de-formacao-de-oficiais-da-policia-militar-da-paraiba\\\/#breadcrumblist\"},\"author\":{\"@id\":\"https:\\\/\\\/ejornais.com.br\\\/index.php\\\/author\\\/admin1\\\/#author\"},\"creator\":{\"@id\":\"https:\\\/\\\/ejornais.com.br\\\/index.php\\\/author\\\/admin1\\\/#author\"},\"datePublished\":\"2025-02-05T21:16:15-03:00\",\"dateModified\":\"2025-02-05T21:16:15-03:00\"},{\"@type\":\"WebSite\",\"@id\":\"https:\\\/\\\/ejornais.com.br\\\/#website\",\"url\":\"https:\\\/\\\/ejornais.com.br\\\/\",\"name\":\"eJornais\",\"description\":\"Cat\\u00e1logo de Jornais no mundo, Not\\u00edcias, Blog e Esportes ao vivo\",\"inLanguage\":\"pt-BR\",\"publisher\":{\"@id\":\"https:\\\/\\\/ejornais.com.br\\\/#organization\"}}]}\n\t\t<\/script>\n\t\t<!-- All in One SEO -->\n\n","aioseo_head_json":{"title":"Defesa Civil recebe visita dos cadetes do Curso de Forma\u00e7\u00e3o de Oficiais da Pol\u00edcia Militar da Para\u00edba - eJornais","description":"Troca de experi\u00eancias Defesa Civil recebe visita dos cadetes do Curso de Forma\u00e7\u00e3o de Oficiais da Pol\u00edcia Militar da Para\u00edba 05\/02\/2025 | 20:00 | 64 A Coordenadoria Municipal de Prote\u00e7\u00e3o e Defesa Civil de Jo\u00e3o Pessoa (Compdec-JP) recebeu, nesta quarta-feira (5), a visita de um grupo de cadetes do Curso de Forma\u00e7\u00e3o de","canonical_url":"https:\/\/ejornais.com.br\/index.php\/2025\/02\/05\/defesa-civil-recebe-visita-dos-cadetes-do-curso-de-formacao-de-oficiais-da-policia-militar-da-paraiba\/","robots":"max-image-preview:large","keywords":"","webmasterTools":{"miscellaneous":""},"schema":{"@context":"https:\/\/schema.org","@graph":[{"@type":"BlogPosting","@id":"https:\/\/ejornais.com.br\/index.php\/2025\/02\/05\/defesa-civil-recebe-visita-dos-cadetes-do-curso-de-formacao-de-oficiais-da-policia-militar-da-paraiba\/#blogposting","name":"Defesa Civil recebe visita dos cadetes do Curso de Forma\u00e7\u00e3o de Oficiais da Pol\u00edcia Militar da Para\u00edba - eJornais","headline":"Defesa Civil recebe visita dos cadetes do Curso de Forma\u00e7\u00e3o de Oficiais da Pol\u00edcia Militar da Para\u00edba","author":{"@id":"https:\/\/ejornais.com.br\/index.php\/author\/admin1\/#author"},"publisher":{"@id":"https:\/\/ejornais.com.br\/#organization"},"datePublished":"2025-02-05T21:16:15-03:00","dateModified":"2025-02-05T21:16:15-03:00","inLanguage":"pt-BR","mainEntityOfPage":{"@id":"https:\/\/ejornais.com.br\/index.php\/2025\/02\/05\/defesa-civil-recebe-visita-dos-cadetes-do-curso-de-formacao-de-oficiais-da-policia-militar-da-paraiba\/#webpage"},"isPartOf":{"@id":"https:\/\/ejornais.com.br\/index.php\/2025\/02\/05\/defesa-civil-recebe-visita-dos-cadetes-do-curso-de-formacao-de-oficiais-da-policia-militar-da-paraiba\/#webpage"},"articleSection":"Cat\u00e1logo de Jornais"},{"@type":"BreadcrumbList","@id":"https:\/\/ejornais.com.br\/index.php\/2025\/02\/05\/defesa-civil-recebe-visita-dos-cadetes-do-curso-de-formacao-de-oficiais-da-policia-militar-da-paraiba\/#breadcrumblist","itemListElement":[{"@type":"ListItem","@id":"https:\/\/ejornais.com.br#listItem","position":1,"name":"In\u00edcio","item":"https:\/\/ejornais.com.br","nextItem":{"@type":"ListItem","@id":"https:\/\/ejornais.com.br\/index.php\/category\/ejornais\/#listItem","name":"Cat\u00e1logo de Jornais"}},{"@type":"ListItem","@id":"https:\/\/ejornais.com.br\/index.php\/category\/ejornais\/#listItem","position":2,"name":"Cat\u00e1logo de Jornais","item":"https:\/\/ejornais.com.br\/index.php\/category\/ejornais\/","nextItem":{"@type":"ListItem","@id":"https:\/\/ejornais.com.br\/index.php\/2025\/02\/05\/defesa-civil-recebe-visita-dos-cadetes-do-curso-de-formacao-de-oficiais-da-policia-militar-da-paraiba\/#listItem","name":"Defesa Civil recebe visita dos cadetes do Curso de Forma\u00e7\u00e3o de Oficiais da Pol\u00edcia Militar da Para\u00edba"},"previousItem":{"@type":"ListItem","@id":"https:\/\/ejornais.com.br#listItem","name":"In\u00edcio"}},{"@type":"ListItem","@id":"https:\/\/ejornais.com.br\/index.php\/2025\/02\/05\/defesa-civil-recebe-visita-dos-cadetes-do-curso-de-formacao-de-oficiais-da-policia-militar-da-paraiba\/#listItem","position":3,"name":"Defesa Civil recebe visita dos cadetes do Curso de Forma\u00e7\u00e3o de Oficiais da Pol\u00edcia Militar da Para\u00edba","previousItem":{"@type":"ListItem","@id":"https:\/\/ejornais.com.br\/index.php\/category\/ejornais\/#listItem","name":"Cat\u00e1logo de Jornais"}}]},{"@type":"Organization","@id":"https:\/\/ejornais.com.br\/#organization","name":"eJornais","description":"Cat\u00e1logo de Jornais no mundo, Not\u00edcias, Blog e Esportes ao vivo","url":"https:\/\/ejornais.com.br\/"},{"@type":"Person","@id":"https:\/\/ejornais.com.br\/index.php\/author\/admin1\/#author","url":"https:\/\/ejornais.com.br\/index.php\/author\/admin1\/","name":"admin1","image":{"@type":"ImageObject","@id":"https:\/\/ejornais.com.br\/index.php\/2025\/02\/05\/defesa-civil-recebe-visita-dos-cadetes-do-curso-de-formacao-de-oficiais-da-policia-militar-da-paraiba\/#authorImage","url":"https:\/\/secure.gravatar.com\/avatar\/04084e6d73c042b8646e7c17b494073bf0ede3ea13c7105cfc45cbbbc28385a4?s=96&d=mm&r=g","width":96,"height":96,"caption":"admin1"}},{"@type":"WebPage","@id":"https:\/\/ejornais.com.br\/index.php\/2025\/02\/05\/defesa-civil-recebe-visita-dos-cadetes-do-curso-de-formacao-de-oficiais-da-policia-militar-da-paraiba\/#webpage","url":"https:\/\/ejornais.com.br\/index.php\/2025\/02\/05\/defesa-civil-recebe-visita-dos-cadetes-do-curso-de-formacao-de-oficiais-da-policia-militar-da-paraiba\/","name":"Defesa Civil recebe visita dos cadetes do Curso de Forma\u00e7\u00e3o de Oficiais da Pol\u00edcia Militar da Para\u00edba - eJornais","description":"Troca de experi\u00eancias Defesa Civil recebe visita dos cadetes do Curso de Forma\u00e7\u00e3o de Oficiais da Pol\u00edcia Militar da Para\u00edba 05\/02\/2025 | 20:00 | 64 A Coordenadoria Municipal de Prote\u00e7\u00e3o e Defesa Civil de Jo\u00e3o Pessoa (Compdec-JP) recebeu, nesta quarta-feira (5), a visita de um grupo de cadetes do Curso de Forma\u00e7\u00e3o de","inLanguage":"pt-BR","isPartOf":{"@id":"https:\/\/ejornais.com.br\/#website"},"breadcrumb":{"@id":"https:\/\/ejornais.com.br\/index.php\/2025\/02\/05\/defesa-civil-recebe-visita-dos-cadetes-do-curso-de-formacao-de-oficiais-da-policia-militar-da-paraiba\/#breadcrumblist"},"author":{"@id":"https:\/\/ejornais.com.br\/index.php\/author\/admin1\/#author"},"creator":{"@id":"https:\/\/ejornais.com.br\/index.php\/author\/admin1\/#author"},"datePublished":"2025-02-05T21:16:15-03:00","dateModified":"2025-02-05T21:16:15-03:00"},{"@type":"WebSite","@id":"https:\/\/ejornais.com.br\/#website","url":"https:\/\/ejornais.com.br\/","name":"eJornais","description":"Cat\u00e1logo de Jornais no mundo, Not\u00edcias, Blog e Esportes ao vivo","inLanguage":"pt-BR","publisher":{"@id":"https:\/\/ejornais.com.br\/#organization"}}]},"og:locale":"pt_BR","og:site_name":"eJornais - Cat\u00e1logo de Jornais no mundo, Not\u00edcias, Blog e Esportes ao vivo","og:type":"article","og:title":"Defesa Civil recebe visita dos cadetes do Curso de Forma\u00e7\u00e3o de Oficiais da Pol\u00edcia Militar da Para\u00edba - eJornais","og:description":"Troca de experi\u00eancias Defesa Civil recebe visita dos cadetes do Curso de Forma\u00e7\u00e3o de Oficiais da Pol\u00edcia Militar da Para\u00edba 05\/02\/2025 | 20:00 | 64 A Coordenadoria Municipal de Prote\u00e7\u00e3o e Defesa Civil de Jo\u00e3o Pessoa (Compdec-JP) recebeu, nesta quarta-feira (5), a visita de um grupo de cadetes do Curso de Forma\u00e7\u00e3o de","og:url":"https:\/\/ejornais.com.br\/index.php\/2025\/02\/05\/defesa-civil-recebe-visita-dos-cadetes-do-curso-de-formacao-de-oficiais-da-policia-militar-da-paraiba\/","article:published_time":"2025-02-06T00:16:15+00:00","article:modified_time":"2025-02-06T00:16:15+00:00","twitter:card":"summary_large_image","twitter:title":"Defesa Civil recebe visita dos cadetes do Curso de Forma\u00e7\u00e3o de Oficiais da Pol\u00edcia Militar da Para\u00edba - eJornais","twitter:description":"Troca de experi\u00eancias Defesa Civil recebe visita dos cadetes do Curso de Forma\u00e7\u00e3o de Oficiais da Pol\u00edcia Militar da Para\u00edba 05\/02\/2025 | 20:00 | 64 A Coordenadoria Municipal de Prote\u00e7\u00e3o e Defesa Civil de Jo\u00e3o Pessoa (Compdec-JP) recebeu, nesta quarta-feira (5), a visita de um grupo de cadetes do Curso de Forma\u00e7\u00e3o de"},"aioseo_meta_data":{"post_id":"38983","title":null,"description":null,"keywords":null,"keyphrases":null,"primary_term":null,"canonical_url":null,"og_title":null,"og_description":null,"og_object_type":"default","og_image_type":"default","og_image_url":null,"og_image_width":null,"og_image_height":null,"og_image_custom_url":null,"og_image_custom_fields":null,"og_video":null,"og_custom_url":null,"og_article_section":null,"og_article_tags":null,"twitter_use_og":false,"twitter_card":"default","twitter_image_type":"default","twitter_image_url":null,"twitter_image_custom_url":null,"twitter_image_custom_fields":null,"twitter_title":null,"twitter_description":null,"schema":{"blockGraphs":[],"customGraphs":[],"default":{"data":{"Article":[],"Course":[],"Dataset":[],"FAQPage":[],"Movie":[],"Person":[],"Product":[],"ProductReview":[],"Car":[],"Recipe":[],"Service":[],"SoftwareApplication":[],"WebPage":[]},"graphName":"","isEnabled":true},"graphs":[]},"schema_type":"default","schema_type_options":null,"pillar_content":false,"robots_default":true,"robots_noindex":false,"robots_noarchive":false,"robots_nosnippet":false,"robots_nofollow":false,"robots_noimageindex":false,"robots_noodp":false,"robots_notranslate":false,"robots_max_snippet":null,"robots_max_videopreview":null,"robots_max_imagepreview":"large","priority":null,"frequency":null,"local_seo":null,"breadcrumb_settings":null,"limit_modified_date":false,"ai":null,"created":"2025-02-06 00:23:11","updated":"2025-06-06 10:15:04","seo_analyzer_scan_date":null,"focus_keyword":null,"additional_keywords":null,"truseo_locale":null},"aioseo_breadcrumb":"<div class=\"aioseo-breadcrumbs\"><span class=\"aioseo-breadcrumb\">\n\t\t\t<a href=\"https:\/\/ejornais.com.br\" title=\"In\u00edcio\">In\u00edcio<\/a>\n\t\t<\/span><span class=\"aioseo-breadcrumb-separator\">&raquo;<\/span><span class=\"aioseo-breadcrumb\">\n\t\t\t<a href=\"https:\/\/ejornais.com.br\/index.php\/category\/ejornais\/\" title=\"Cat\u00e1logo de Jornais\">Cat\u00e1logo de Jornais<\/a>\n\t\t<\/span><span class=\"aioseo-breadcrumb-separator\">&raquo;<\/span><span class=\"aioseo-breadcrumb\">\n\t\t\tDefesa Civil recebe visita dos cadetes do Curso de Forma\u00e7\u00e3o de Oficiais da Pol\u00edcia Militar da Para\u00edba\n\t\t<\/span><\/div>","aioseo_breadcrumb_json":[{"label":"In\u00edcio","link":"https:\/\/ejornais.com.br"},{"label":"Cat\u00e1logo de Jornais","link":"https:\/\/ejornais.com.br\/index.php\/category\/ejornais\/"},{"label":"Defesa Civil recebe visita dos cadetes do Curso de Forma\u00e7\u00e3o de Oficiais da Pol\u00edcia Militar da Para\u00edba","link":"https:\/\/ejornais.com.br\/index.php\/2025\/02\/05\/defesa-civil-recebe-visita-dos-cadetes-do-curso-de-formacao-de-oficiais-da-policia-militar-da-paraiba\/"}],"amp_enabled":true,"_links":{"self":[{"href":"https:\/\/ejornais.com.br\/index.php\/wp-json\/wp\/v2\/posts\/38983","targetHints":{"allow":["GET"]}}],"collection":[{"href":"https:\/\/ejornais.com.br\/index.php\/wp-json\/wp\/v2\/posts"}],"about":[{"href":"https:\/\/ejornais.com.br\/index.php\/wp-json\/wp\/v2\/types\/post"}],"author":[{"embeddable":true,"href":"https:\/\/ejornais.com.br\/index.php\/wp-json\/wp\/v2\/users\/2"}],"replies":[{"embeddable":true,"href":"https:\/\/ejornais.com.br\/index.php\/wp-json\/wp\/v2\/comments?post=38983"}],"version-history":[{"count":0,"href":"https:\/\/ejornais.com.br\/index.php\/wp-json\/wp\/v2\/posts\/38983\/revisions"}],"wp:attachment":[{"href":"https:\/\/ejornais.com.br\/index.php\/wp-json\/wp\/v2\/media?parent=38983"}],"wp:term":[{"taxonomy":"category","embeddable":true,"href":"https:\/\/ejornais.com.br\/index.php\/wp-json\/wp\/v2\/categories?post=38983"},{"taxonomy":"post_tag","embeddable":true,"href":"https:\/\/ejornais.com.br\/index.php\/wp-json\/wp\/v2\/tags?post=38983"}],"curies":[{"name":"wp","href":"https:\/\/api.w.org\/{rel}","templated":true}]}}