{"id":39034,"date":"2025-02-06T18:17:31","date_gmt":"2025-02-06T21:17:31","guid":{"rendered":"https:\/\/ejornais.com.br\/index.php\/2025\/02\/06\/prefeitura-de-guaratingueta-retoma-a-operacao-cata-bagulho-prefeitura-estancia-turistica-guaratingueta\/"},"modified":"2025-02-06T18:17:31","modified_gmt":"2025-02-06T21:17:31","slug":"prefeitura-de-guaratingueta-retoma-a-operacao-cata-bagulho-prefeitura-estancia-turistica-guaratingueta","status":"publish","type":"post","link":"https:\/\/ejornais.com.br\/index.php\/2025\/02\/06\/prefeitura-de-guaratingueta-retoma-a-operacao-cata-bagulho-prefeitura-estancia-turistica-guaratingueta\/","title":{"rendered":"Prefeitura de Guaratinguet\u00e1 retoma a Opera\u00e7\u00e3o Cata-Bagulho \u2013 Prefeitura Est\u00e2ncia Tur\u00edstica Guaratinguet\u00e1"},"content":{"rendered":"<p><\/p>\n<div>\n<p>\u00a0<\/p>\n<p>A Opera\u00e7\u00e3o Cata-Bagulho est\u00e1 de volta. O objetivo \u00e9 manter a cidade mais limpa, proporcionando maior qualidade de vida. A a\u00e7\u00e3o contribui com a campanha contra a dengue, eliminando materiais que possam servir de criadouros para mosquito e servir de poss\u00edveis abrigos para animais pe\u00e7onhentos.<\/p>\n<p>A Opera\u00e7\u00e3o Cata-Bagulho atender\u00e1 os seguintes bairros durante o m\u00eas de fevereiro:<\/p>\n<p>Nova Guar\u00e1 e IAPI \u2013 S\u00e1bado, 8 de fevereiro, das 8h \u00e0s 12h;<br \/>\u00a0Vila Para\u00edba e Alberto Bayington \u2013 S\u00e1bado, 15 de fevereiro, das 8h \u00e0s 12h;<br \/>Parque das Alamedas, Cohab e Mirante do Vale \u2013 S\u00e1bado, 22 de fevereiro, das 8h \u00e0s 12h.<\/p>\n<p>Pedimos que os moradores separem os materiais inserv\u00edveis para o recolhimento, com exce\u00e7\u00e3o de restos de material de constru\u00e7\u00e3o e roupas. Os itens devem ser colocados para o lado de fora do im\u00f3vel.<\/p>\n<p>A colabora\u00e7\u00e3o de todos \u00e9 essencial para manter a cidade limpa!\ud83d\udc99<\/p>\n<\/p><\/div>\n","protected":false},"excerpt":{"rendered":"<p>\u00a0 A Opera\u00e7\u00e3o Cata-Bagulho est\u00e1 de volta. O objetivo \u00e9 manter a cidade mais limpa, proporcionando maior qualidade de vida.<\/p>\n","protected":false},"author":2,"featured_media":0,"comment_status":"","ping_status":"","sticky":false,"template":"","format":"standard","meta":{"colormag_page_container_layout":"default_layout","colormag_page_sidebar_layout":"default_layout","footnotes":""},"categories":[1],"tags":[],"class_list":["post-39034","post","type-post","status-publish","format-standard","hentry","category-ejornais"],"aioseo_notices":[],"amp_enabled":true,"_links":{"self":[{"href":"https:\/\/ejornais.com.br\/index.php\/wp-json\/wp\/v2\/posts\/39034","targetHints":{"allow":["GET"]}}],"collection":[{"href":"https:\/\/ejornais.com.br\/index.php\/wp-json\/wp\/v2\/posts"}],"about":[{"href":"https:\/\/ejornais.com.br\/index.php\/wp-json\/wp\/v2\/types\/post"}],"author":[{"embeddable":true,"href":"https:\/\/ejornais.com.br\/index.php\/wp-json\/wp\/v2\/users\/2"}],"replies":[{"embeddable":true,"href":"https:\/\/ejornais.com.br\/index.php\/wp-json\/wp\/v2\/comments?post=39034"}],"version-history":[{"count":0,"href":"https:\/\/ejornais.com.br\/index.php\/wp-json\/wp\/v2\/posts\/39034\/revisions"}],"wp:attachment":[{"href":"https:\/\/ejornais.com.br\/index.php\/wp-json\/wp\/v2\/media?parent=39034"}],"wp:term":[{"taxonomy":"category","embeddable":true,"href":"https:\/\/ejornais.com.br\/index.php\/wp-json\/wp\/v2\/categories?post=39034"},{"taxonomy":"post_tag","embeddable":true,"href":"https:\/\/ejornais.com.br\/index.php\/wp-json\/wp\/v2\/tags?post=39034"}],"curies":[{"name":"wp","href":"https:\/\/api.w.org\/{rel}","templated":true}]}}