{"id":39205,"date":"2025-02-10T08:19:12","date_gmt":"2025-02-10T11:19:12","guid":{"rendered":"https:\/\/ejornais.com.br\/index.php\/2025\/02\/10\/qual-filme-vai-passar-quarta-12-02-na-globo-sessao-da-tarde\/"},"modified":"2025-02-10T08:19:12","modified_gmt":"2025-02-10T11:19:12","slug":"qual-filme-vai-passar-quarta-12-02-na-globo-sessao-da-tarde","status":"publish","type":"post","link":"https:\/\/ejornais.com.br\/index.php\/2025\/02\/10\/qual-filme-vai-passar-quarta-12-02-na-globo-sessao-da-tarde\/","title":{"rendered":"Qual filme vai passar Quarta (12\/02) na Globo? SESS\u00c3O DA TARDE"},"content":{"rendered":"<p> Por MRNews<br \/>\n<\/p>\n<div id=\"the-post\">\n<p>\t\t<!-- .share-buttons \/--><\/p>\n<div class=\"entry-content entry clearfix\" wp_automatic_readability=\"41.569678407351\">\n<p>COnfira a programa\u00e7\u00e3o da Globo\u00a0 <strong>hoje, 12\/02\/<\/strong><strong>2024 e que horas come\u00e7am os filmes de hoje.\u00a0<\/strong><\/p>\n<p><strong>Sess\u00e3o da Tarde \u2013 Quatro Vidas de um Cachorro<\/strong><\/p>\n<p>Nesta quarta-feira, 12 de fevereiro de 2025, a Sess\u00e3o da Tarde traz para a telinha uma emocionante e divertida jornada atrav\u00e9s das vidas de um fiel companheiro. <em>Quatro Vidas de um Cachorro<\/em> (t\u00edtulo original: <em>A Dog\u2019s Purpose<\/em>) \u00e9 uma produ\u00e7\u00e3o americana de 2017, dirigida por Lasse Hallstrom, que combina com\u00e9dia e drama para contar uma hist\u00f3ria singular de amor, amizade e reden\u00e7\u00e3o. Com um elenco que inclui K.J. Apa, John Ortiz, Dennis Quaid e Britt Robertson, o filme nos convida a refletir sobre o v\u00ednculo especial que se forma entre um c\u00e3o e seu dono.<\/p>\n<p>A trama acompanha um cachorro que, ap\u00f3s sua morte, reencarna diversas vezes ao longo da exist\u00eancia, sempre movido pelo sonho de reencontrar Ethan \u2013 seu primeiro dono, considerado seu maior amigo e o grande amor de sua vida. Cada nova vida traz li\u00e7\u00f5es, desafios e momentos tocantes, ressaltando a import\u00e2ncia dos la\u00e7os afetivos e a capacidade de transformar a dor da perda em esperan\u00e7a. Prepare-se para rir, se emocionar e se surpreender com esta narrativa encantadora que une humor e sensibilidade, proporcionando uma experi\u00eancia inesquec\u00edvel para toda a fam\u00edlia durante a Sess\u00e3o da Tarde.<\/p>\n<p><!-- CONTENT END 2 --><\/p><\/div>\n<p><!-- .entry-content \/--><\/p>\n<p>\t\t<!-- .share-buttons \/--><\/p><\/div>\n","protected":false},"excerpt":{"rendered":"<p>Por MRNews COnfira a programa\u00e7\u00e3o da Globo\u00a0 hoje, 12\/02\/2024 e que horas come\u00e7am os filmes de hoje.\u00a0 Sess\u00e3o da Tarde<\/p>\n","protected":false},"author":2,"featured_media":0,"comment_status":"","ping_status":"","sticky":false,"template":"","format":"standard","meta":{"colormag_page_container_layout":"default_layout","colormag_page_sidebar_layout":"default_layout","footnotes":""},"categories":[1],"tags":[],"class_list":["post-39205","post","type-post","status-publish","format-standard","hentry","category-ejornais"],"aioseo_notices":[],"amp_enabled":true,"_links":{"self":[{"href":"https:\/\/ejornais.com.br\/index.php\/wp-json\/wp\/v2\/posts\/39205","targetHints":{"allow":["GET"]}}],"collection":[{"href":"https:\/\/ejornais.com.br\/index.php\/wp-json\/wp\/v2\/posts"}],"about":[{"href":"https:\/\/ejornais.com.br\/index.php\/wp-json\/wp\/v2\/types\/post"}],"author":[{"embeddable":true,"href":"https:\/\/ejornais.com.br\/index.php\/wp-json\/wp\/v2\/users\/2"}],"replies":[{"embeddable":true,"href":"https:\/\/ejornais.com.br\/index.php\/wp-json\/wp\/v2\/comments?post=39205"}],"version-history":[{"count":0,"href":"https:\/\/ejornais.com.br\/index.php\/wp-json\/wp\/v2\/posts\/39205\/revisions"}],"wp:attachment":[{"href":"https:\/\/ejornais.com.br\/index.php\/wp-json\/wp\/v2\/media?parent=39205"}],"wp:term":[{"taxonomy":"category","embeddable":true,"href":"https:\/\/ejornais.com.br\/index.php\/wp-json\/wp\/v2\/categories?post=39205"},{"taxonomy":"post_tag","embeddable":true,"href":"https:\/\/ejornais.com.br\/index.php\/wp-json\/wp\/v2\/tags?post=39205"}],"curies":[{"name":"wp","href":"https:\/\/api.w.org\/{rel}","templated":true}]}}