{"id":39239,"date":"2025-02-10T20:21:18","date_gmt":"2025-02-10T23:21:18","guid":{"rendered":"https:\/\/ejornais.com.br\/index.php\/2025\/02\/10\/prefeitura-realiza-limpeza-e-manutencao-de-viadutos\/"},"modified":"2025-02-10T20:21:18","modified_gmt":"2025-02-10T23:21:18","slug":"prefeitura-realiza-limpeza-e-manutencao-de-viadutos","status":"publish","type":"post","link":"https:\/\/ejornais.com.br\/index.php\/2025\/02\/10\/prefeitura-realiza-limpeza-e-manutencao-de-viadutos\/","title":{"rendered":"Prefeitura realiza limpeza e manuten\u00e7\u00e3o de viadutos"},"content":{"rendered":"<p><\/p>\n<div>\n<p><b>Rosi Masiero<\/b><br \/>&#13;<br \/>\n&#13;<br \/>\n                <span style=\"font-weight: bold;\">Secretaria de Manuten\u00e7\u00e3o da Cidade<\/span><\/p>\n<p align=\"left\"><span>A Prefeitura de S\u00e3o Jos\u00e9 dos Campos est\u00e1 realizando a <\/span><span>limpeza<\/span><span> nos viadutos na cidade. As a\u00e7\u00f5es buscam deixar a cidade<\/span><span>\u00a0ainda<\/span><span> mais bonita, organizada e <\/span><span>segura, com a limpeza, retirada de res\u00edduos e alguns\u00a0animais que possam ficar alojados em viadutos.\u00a0<\/span><\/p>\n<p align=\"left\">Os servi\u00e7os acontecem aos s\u00e1bados, com equipe de quatro funcion\u00e1rios da Manuten\u00e7\u00e3o, caminh\u00e3o e apoio de agente de tr\u00e2nsito para a sinaliza\u00e7\u00e3o e manter a ordem nas vias.\u00a0<\/p>\n<p align=\"left\">\n<p align=\"left\">A primeira limpeza aconteceu na Ponte Estaiada Juana Blanco, que fica no Jardim Colinas. Neste s\u00e1bado (8), o trabalho come\u00e7ou no Viaduto Everaldo Passos, no anel vi\u00e1rio, e deve terminar no dia 15.<\/p>\n<p align=\"left\"><span>Os pr\u00f3ximos viadutos que v\u00e3o receber a limpeza s\u00e3o: <\/span><span>Raquel Marcondes, Ruy D<\/span><span>\u00f3<\/span><span>ria, S\u00e9rgio Sobral <\/span><span>de Oliveira, <\/span><span>Jos\u00e9 Longo, Heitor V<\/span><span>illa L<\/span><span>obo, Jos\u00e9 de Paula Silva <\/span><span>e <\/span><span>Nadim Rahal.<\/span><\/p>\n<p align=\"left\"><span>A popula\u00e7\u00e3o pode contribuir com a organiza\u00e7\u00e3o e limpeza da cidade fazendo sua parte e relatando casos ou den\u00fancias na Central 156 da Prefeitura.\u00a0<br \/><\/span><\/p>\n<p>&#13;<br \/>\n                        <strong>MAIS NOT\u00cdCIAS<\/strong><br \/>&#13;<br \/>\n                        Secretaria de Manuten\u00e7\u00e3o da Cidade&#13;\n                    <\/p>\n<\/p><\/div>\n","protected":false},"excerpt":{"rendered":"<p>Rosi Masiero&#13; &#13; Secretaria de Manuten\u00e7\u00e3o da Cidade A Prefeitura de S\u00e3o Jos\u00e9 dos Campos est\u00e1 realizando a limpeza nos<\/p>\n","protected":false},"author":2,"featured_media":0,"comment_status":"","ping_status":"","sticky":false,"template":"","format":"standard","meta":{"colormag_page_container_layout":"default_layout","colormag_page_sidebar_layout":"default_layout","footnotes":""},"categories":[1],"tags":[],"class_list":["post-39239","post","type-post","status-publish","format-standard","hentry","category-ejornais"],"aioseo_notices":[],"amp_enabled":true,"_links":{"self":[{"href":"https:\/\/ejornais.com.br\/index.php\/wp-json\/wp\/v2\/posts\/39239","targetHints":{"allow":["GET"]}}],"collection":[{"href":"https:\/\/ejornais.com.br\/index.php\/wp-json\/wp\/v2\/posts"}],"about":[{"href":"https:\/\/ejornais.com.br\/index.php\/wp-json\/wp\/v2\/types\/post"}],"author":[{"embeddable":true,"href":"https:\/\/ejornais.com.br\/index.php\/wp-json\/wp\/v2\/users\/2"}],"replies":[{"embeddable":true,"href":"https:\/\/ejornais.com.br\/index.php\/wp-json\/wp\/v2\/comments?post=39239"}],"version-history":[{"count":0,"href":"https:\/\/ejornais.com.br\/index.php\/wp-json\/wp\/v2\/posts\/39239\/revisions"}],"wp:attachment":[{"href":"https:\/\/ejornais.com.br\/index.php\/wp-json\/wp\/v2\/media?parent=39239"}],"wp:term":[{"taxonomy":"category","embeddable":true,"href":"https:\/\/ejornais.com.br\/index.php\/wp-json\/wp\/v2\/categories?post=39239"},{"taxonomy":"post_tag","embeddable":true,"href":"https:\/\/ejornais.com.br\/index.php\/wp-json\/wp\/v2\/tags?post=39239"}],"curies":[{"name":"wp","href":"https:\/\/api.w.org\/{rel}","templated":true}]}}